{"id":1037,"date":"2025-08-28T14:39:39","date_gmt":"2025-08-28T12:39:39","guid":{"rendered":"https:\/\/cuberg.net\/fr\/?p=1037"},"modified":"2025-08-28T19:19:10","modified_gmt":"2025-08-28T17:19:10","slug":"arrets-maladie-juillet-2025-tout-va-changer-francais-age-travailler-un-piege-dangereux","status":"publish","type":"post","link":"https:\/\/cuberg.net\/fr\/arrets-maladie-juillet-2025-tout-va-changer-francais-age-travailler-un-piege-dangereux\/","title":{"rendered":"Arr\u00eats maladie : tout va changer pour les Fran\u00e7ais en \u00e2ge de travailler \u00e0 partir de cette date, les r\u00e9actions sont vives"},"content":{"rendered":"<p>La r\u00e9forme des arr\u00eats maladie pr\u00e9vue pour juillet 2025 s&rsquo;annonce comme un tournant majeur pour les travailleurs fran\u00e7ais. Face \u00e0 l&rsquo;explosion des co\u00fbts et \u00e0 l&rsquo;augmentation significative des arr\u00eats de travail, le gouvernement pr\u00e9pare des mesures strictes pour redresser les finances publiques. Cette r\u00e9forme, qualifi\u00e9e par certains de \u00ab\u00a0pi\u00e8ge dangereux\u00a0\u00bb, suscite d\u00e9j\u00e0 de nombreuses inqui\u00e9tudes parmi les actifs.<\/p>\n<h2>L&rsquo;explosion des arr\u00eats maladie en France depuis 2019<\/h2>\n<p>Le constat dress\u00e9 par Am\u00e9lie de Montchalin, ministre d\u00e9l\u00e9gu\u00e9e aux Comptes publics, est alarmant : <strong>les arr\u00eats maladie connaissent une d\u00e9rive pr\u00e9occupante depuis 2019<\/strong>. En 2023, ces absences ont co\u00fbt\u00e9 pas moins de 17 milliards d&rsquo;euros \u00e0 l&rsquo;Assurance maladie, dont 10,2 milliards uniquement en indemnit\u00e9s journali\u00e8res.<\/p>\n<p>Cette augmentation s&rsquo;explique par plusieurs facteurs combin\u00e9s :<\/p>\n<ul>\n<li>La hausse des pathologies chroniques dans la population active<\/li>\n<li>L&rsquo;\u00e9puisement psychologique post-pand\u00e9mie<\/li>\n<li>Le vieillissement progressif des travailleurs<\/li>\n<li>Des arr\u00eats de plus en plus longs et fr\u00e9quents<\/li>\n<\/ul>\n<p>D&rsquo;apr\u00e8s une \u00e9tude du cabinet BSI publi\u00e9e mi-avril 2025, <strong>la France d\u00e9tient le record europ\u00e9en des arr\u00eats maladie prolong\u00e9s<\/strong>, avec 15% des arr\u00eats qui d\u00e9passent un mois. Cette situation exceptionnelle interroge sur les sp\u00e9cificit\u00e9s du mod\u00e8le social fran\u00e7ais et ses cons\u00e9quences \u00e9conomiques.<\/p>\n<h2>Le d\u00e9ficit d&rsquo;activit\u00e9, une pr\u00e9occupation gouvernementale<\/h2>\n<p>Lors de la conf\u00e9rence tenue \u00e0 Matignon le 15 avril, Astrid Panosyan-Bouvet, ministre d\u00e9l\u00e9gu\u00e9e \u00e0 l&rsquo;Emploi, a point\u00e9 un probl\u00e8me structurel : <strong>le d\u00e9ficit global d&rsquo;activit\u00e9 des Fran\u00e7ais en \u00e2ge de travailler<\/strong>. Elle souligne particuli\u00e8rement les difficult\u00e9s d&rsquo;int\u00e9gration des jeunes et des seniors sur le march\u00e9 du travail.<\/p>\n<p>Les chiffres avanc\u00e9s par la ministre sont r\u00e9v\u00e9lateurs : un Fran\u00e7ais actif travaillerait en moyenne <em>2 \u00e0 3 heures de moins par semaine qu&rsquo;un Allemand ou un Britannique<\/em>, et jusqu&rsquo;\u00e0 <em>350 heures de moins par an qu&rsquo;un Am\u00e9ricain<\/em>. Un \u00e9cart qu&rsquo;elle attribue en partie \u00e0 la fr\u00e9quence plus \u00e9lev\u00e9e des arr\u00eats maladie dans l&rsquo;Hexagone.<\/p>\n<p>Cette situation cr\u00e9e un d\u00e9s\u00e9quilibre dans le syst\u00e8me de protection sociale : moins de cotisations entrent tandis que les prestations vers\u00e9es augmentent, aggravant le d\u00e9ficit d\u00e9j\u00e0 pr\u00e9occupant.<\/p>\n<table border=\"1\">\n<tr>\n<th>Pays<\/th>\n<th>Heures travaill\u00e9es (comparaison)<\/th>\n<th>Proportion d&rsquo;arr\u00eats longs<\/th>\n<\/tr>\n<tr>\n<td>France<\/td>\n<td>Base de r\u00e9f\u00e9rence<\/td>\n<td>15% (plus d&rsquo;un mois)<\/td>\n<\/tr>\n<tr>\n<td>Allemagne\/Royaume-Uni<\/td>\n<td>+2 \u00e0 3h\/semaine<\/td>\n<td>Taux inf\u00e9rieur<\/td>\n<\/tr>\n<tr>\n<td>\u00c9tats-Unis<\/td>\n<td>+350h\/an<\/td>\n<td>Taux nettement inf\u00e9rieur<\/td>\n<\/tr>\n<\/table>\n<h2>Vers une r\u00e9forme drastique en juillet 2025<\/h2>\n<p>Le gouvernement fran\u00e7ais, confront\u00e9 \u00e0 l&rsquo;urgence de trouver 40 milliards d&rsquo;euros d&rsquo;\u00e9conomies d&rsquo;ici 2026, envisage s\u00e9rieusement de r\u00e9former le syst\u00e8me des arr\u00eats maladie. <strong>Le Premier ministre Fran\u00e7ois Bayrou a qualifi\u00e9 la dette fran\u00e7aise de \u00ab\u00a0pi\u00e8ge dangereux, potentiellement irr\u00e9versible\u00a0\u00bb<\/strong>, soulignant l&rsquo;importance de mesures correctives imm\u00e9diates.<\/p>\n<p>Bien que le gouvernement reste discret sur les mesures pr\u00e9cises envisag\u00e9es, plusieurs pistes semblent \u00eatre \u00e0 l&rsquo;\u00e9tude :<\/p>\n<ol>\n<li>Un allongement possible du d\u00e9lai de carence<\/li>\n<li>Un renforcement des contr\u00f4les m\u00e9dicaux<\/li>\n<li>Une conditionnalit\u00e9 accrue des versements d&rsquo;indemnit\u00e9s<\/li>\n<li>Une responsabilisation plus forte des salari\u00e9s<\/li>\n<\/ol>\n<p>Selon les d\u00e9clarations minist\u00e9rielles, <em>l&rsquo;objectif serait de parvenir \u00e0 des propositions concr\u00e8tes avant le 14 juillet 2025<\/em>. La ministre Panosyan-Bouvet a rappel\u00e9 que si \u00ab\u00a0la France est tr\u00e8s performante en mati\u00e8re de protection de l&#8217;emploi\u00a0\u00bb, il devient n\u00e9cessaire de r\u00e9\u00e9quilibrer le mod\u00e8le pour que la performance sociale ne nuise pas \u00e0 la performance \u00e9conomique.<\/p>\n<h2>Les d\u00e9fis d&rsquo;une r\u00e9forme socialement acceptable<\/h2>\n<p>Cette r\u00e9forme annonc\u00e9e soul\u00e8ve de nombreuses questions sur l&rsquo;\u00e9quilibre entre ma\u00eetrise des d\u00e9penses publiques et maintien d&rsquo;une protection sociale ad\u00e9quate. <strong>Les arr\u00eats maladie longs, particuli\u00e8rement fr\u00e9quents chez les jeunes travailleurs, interrogent sur les conditions de travail actuelles<\/strong>.<\/p>\n<p>Si le vieillissement de la population explique partiellement cette tendance, le minist\u00e8re du Travail reconna\u00eet que d&rsquo;autres facteurs entrent en jeu. La prise en compte de ces \u00e9l\u00e9ments sera essentielle pour que la r\u00e9forme n&rsquo;aggrave pas les in\u00e9galit\u00e9s existantes et demeure socialement acceptable.<\/p>\n<p>\u00c0 ce stade, le gouvernement se concentre encore sur le diagnostic, mais le message est clair : <em>des changements significatifs sont \u00e0 pr\u00e9voir d\u00e8s juillet 2025 pour les Fran\u00e7ais en \u00e2ge de travailler<\/em>. L&rsquo;enjeu sera de concilier rigueur budg\u00e9taire et pr\u00e9servation d&rsquo;un mod\u00e8le social qui reste une r\u00e9f\u00e9rence en Europe.<\/p>\n","protected":false},"excerpt":{"rendered":"<p>La r\u00e9forme des arr\u00eats maladie pr\u00e9vue pour juillet 2025 s&rsquo;annonce comme un tournant majeur pour les travailleurs fran\u00e7ais. Face \u00e0 l&rsquo;explosion des co\u00fbts et \u00e0 l&rsquo;augmentation significative des arr\u00eats de travail, le gouvernement pr\u00e9pare des mesures strictes pour redresser les finances publiques. Cette r\u00e9forme, qualifi\u00e9e par certains de \u00ab\u00a0pi\u00e8ge dangereux\u00a0\u00bb, suscite d\u00e9j\u00e0 de nombreuses inqui\u00e9tudes [&hellip;]<\/p>\n","protected":false},"author":1,"featured_media":1038,"comment_status":"open","ping_status":"open","sticky":false,"template":"","format":"standard","meta":{"_seopress_robots_primary_cat":"none","_seopress_titles_title":"","_seopress_titles_desc":"","_seopress_robots_index":"","footnotes":""},"categories":[7],"tags":[],"class_list":{"0":"post-1037","1":"post","2":"type-post","3":"status-publish","4":"format-standard","5":"has-post-thumbnail","7":"category-societe"},"_links":{"self":[{"href":"https:\/\/cuberg.net\/fr\/wp-json\/wp\/v2\/posts\/1037","targetHints":{"allow":["GET"]}}],"collection":[{"href":"https:\/\/cuberg.net\/fr\/wp-json\/wp\/v2\/posts"}],"about":[{"href":"https:\/\/cuberg.net\/fr\/wp-json\/wp\/v2\/types\/post"}],"author":[{"embeddable":true,"href":"https:\/\/cuberg.net\/fr\/wp-json\/wp\/v2\/users\/1"}],"replies":[{"embeddable":true,"href":"https:\/\/cuberg.net\/fr\/wp-json\/wp\/v2\/comments?post=1037"}],"version-history":[{"count":1,"href":"https:\/\/cuberg.net\/fr\/wp-json\/wp\/v2\/posts\/1037\/revisions"}],"predecessor-version":[{"id":1039,"href":"https:\/\/cuberg.net\/fr\/wp-json\/wp\/v2\/posts\/1037\/revisions\/1039"}],"wp:featuredmedia":[{"embeddable":true,"href":"https:\/\/cuberg.net\/fr\/wp-json\/wp\/v2\/media\/1038"}],"wp:attachment":[{"href":"https:\/\/cuberg.net\/fr\/wp-json\/wp\/v2\/media?parent=1037"}],"wp:term":[{"taxonomy":"category","embeddable":true,"href":"https:\/\/cuberg.net\/fr\/wp-json\/wp\/v2\/categories?post=1037"},{"taxonomy":"post_tag","embeddable":true,"href":"https:\/\/cuberg.net\/fr\/wp-json\/wp\/v2\/tags?post=1037"}],"curies":[{"name":"wp","href":"https:\/\/api.w.org\/{rel}","templated":true}]}}