{"id":175,"date":"2025-08-23T11:40:00","date_gmt":"2025-08-23T09:40:00","guid":{"rendered":"https:\/\/cuberg.net\/fr\/?p=175"},"modified":"2025-08-23T11:40:00","modified_gmt":"2025-08-23T09:40:00","slug":"hyundai-ioniq-2-petite-citadine-electrique-bientot-devoilee","status":"publish","type":"post","link":"https:\/\/cuberg.net\/fr\/hyundai-ioniq-2-petite-citadine-electrique-bientot-devoilee\/","title":{"rendered":"Hyundai Ioniq 2 : la petite citadine \u00e9lectrique bient\u00f4t d\u00e9voil\u00e9e"},"content":{"rendered":"<p>Le constructeur cor\u00e9en Hyundai pr\u00e9pare une offensive strat\u00e9gique sur le march\u00e9 europ\u00e9en avec l&rsquo;arriv\u00e9e prochaine de son <strong>nouveau mod\u00e8le compact \u00e9lectrique<\/strong>. Cette initiative s&rsquo;inscrit dans une d\u00e9marche d&rsquo;accessibilit\u00e9 du v\u00e9hicule \u00e9lectrique, r\u00e9pondant aux attentes d&rsquo;une client\u00e8le en qu\u00eate d&rsquo;alternatives durables sans compromis sur le budget.<\/p>\n<h2>Un crossover \u00e9lectrique aux ambitions europ\u00e9ennes<\/h2>\n<p>L&rsquo;Ioniq 2 se d\u00e9marque gr\u00e2ce \u00e0 son positionnement tarifaire particuli\u00e8rement attractif, avec un <strong>prix vis\u00e9 autour de 30 000 euros<\/strong>. Cette strat\u00e9gie commerciale agressive vise \u00e0 d\u00e9mocratiser la mobilit\u00e9 \u00e9lectrique en Europe, o\u00f9 les consommateurs recherchent des solutions abordables face \u00e0 la hausse des prix de l&rsquo;\u00e9nergie.<\/p>\n<p>Le v\u00e9hicule adopte une silhouette de crossover compact aux lignes dynamiques, \u00e9voquant les proportions de l&rsquo;ancien Veloster dans une version r\u00e9solument moderne. Les <em>premiers clich\u00e9s espions<\/em> r\u00e9v\u00e8lent un design harmonieux qui s&rsquo;inspire des codes esth\u00e9tiques r\u00e9cemment adopt\u00e9s sur l&rsquo;Ioniq 6 restyl\u00e9e, garantissant une coh\u00e9rence visuelle au sein de la gamme \u00e9lectrique du constructeur.<\/p>\n<p>Cette approche design uniforme permet aux consommateurs d&rsquo;identifier imm\u00e9diatement l&rsquo;appartenance \u00e0 la <strong>famille Ioniq<\/strong>, cr\u00e9ant un v\u00e9ritable \u00e9cosyst\u00e8me visuel. Le mod\u00e8le partagera de nombreux \u00e9l\u00e9ments techniques avec le futur Kia EV2, confirmant la synergie entre les deux marques du groupe Hyundai-Kia.<\/p>\n<h2>Technologies de batterie et performances de recharge optimis\u00e9es<\/h2>\n<p>L&rsquo;architecture technique de l&rsquo;Ioniq 2 repose sur la <strong>plateforme E-GMP \u00e9prouv\u00e9e<\/strong>, mais dans sa d\u00e9clinaison 400 volts plut\u00f4t que la configuration 800 volts r\u00e9serv\u00e9e aux mod\u00e8les premium. Ce choix strat\u00e9gique permet de r\u00e9duire significativement les co\u00fbts de production tout en pr\u00e9servant des performances de charge satisfaisantes.<\/p>\n<p>Deux <em>technologies de batteries<\/em> seront propos\u00e9es pour optimiser le rapport qualit\u00e9-prix :<\/p>\n<ul>\n<li>Batteries LFP (lithium-fer-phosphate) pour les versions d&rsquo;entr\u00e9e de gamme<\/li>\n<li>Batteries NCM (nickel-cobalt-mangan\u00e8se) pour les finitions sup\u00e9rieures<\/li>\n<\/ul>\n<p>La recharge rapide de 10% \u00e0 80% s&rsquo;effectuera en environ 30 minutes sur borne d\u00e9di\u00e9e, un d\u00e9lai comp\u00e9titif dans ce segment. Ces innovations s&rsquo;inscrivent dans un contexte o\u00f9 <a href=\"https:\/\/cuberg.net\/fr\/12-000-1-200-eur-n1-mondial-batteries-voitures-electriques-lance-service-reparation-unique-son-genre\/\">le n\u00b01 mondial des batteries lance un service de r\u00e9paration unique<\/a>, transformant l&rsquo;approche de la maintenance des v\u00e9hicules \u00e9lectriques. Parall\u00e8lement, <a href=\"https:\/\/cuberg.net\/fr\/chine-devoile-batterie-lithium-deux-fois-plus-puissante-que-celle-tesla\/\">la Chine d\u00e9voile une batterie au lithium deux fois plus puissante<\/a>, intensifiant la course \u00e0 l&rsquo;innovation dans ce domaine crucial.<\/p>\n<h2>Bataille concurrentielle dans le segment compact \u00e9lectrique<\/h2>\n<p>L&rsquo;arriv\u00e9e de l&rsquo;Ioniq 2 s&rsquo;annonce comme un <strong>bouleversement du march\u00e9 europ\u00e9en<\/strong> des v\u00e9hicules \u00e9lectriques compacts. Face aux r\u00e9f\u00e9rences \u00e9tablies comme la Volkswagen ID.3, la Cupra Born ou la future Renault 5 E-Tech, Hyundai mise sur un positionnement prix particuli\u00e8rement agressif.<\/p>\n<p>Cette guerre tarifaire dans le segment compact \u00e9lectrique profite finalement aux consommateurs, qui b\u00e9n\u00e9ficient d&rsquo;un choix \u00e9largi \u00e0 des tarifs plus accessibles. Le tableau comparatif suivant illustre cette dynamique concurrentielle :<\/p>\n<table>\n<tr>\n<th>Mod\u00e8le<\/th>\n<th>Prix estim\u00e9<\/th>\n<th>Segment<\/th>\n<th>Disponibilit\u00e9<\/th>\n<\/tr>\n<tr>\n<td>Hyundai Ioniq 2<\/td>\n<td>30 000 \u20ac<\/td>\n<td>Crossover compact<\/td>\n<td>2026<\/td>\n<\/tr>\n<tr>\n<td>Kia EV2<\/td>\n<td>30 000 \u20ac<\/td>\n<td>Crossover compact<\/td>\n<td>D\u00e9but 2026<\/td>\n<\/tr>\n<tr>\n<td>Volkswagen ID.3<\/td>\n<td>34 990 \u20ac<\/td>\n<td>Berline compacte<\/td>\n<td>Disponible<\/td>\n<\/tr>\n<\/table>\n<p>La <em>pr\u00e9sentation officielle<\/em> au Salon de Munich en septembre 2025 confirmera les ambitions r\u00e9elles de Hyundai pour ce mod\u00e8le prometteur. Les chances d&rsquo;une commercialisation sans compter-Atlantique demeurent limit\u00e9es dans le contexte g\u00e9opolitique actuel, Hyundai pr\u00e9f\u00e9rant concentrer ses efforts sur des march\u00e9s r\u00e9ceptifs plut\u00f4t que de s&rsquo;\u00e9puiser dans des batailles commerciales incertaines.<\/p>\n","protected":false},"excerpt":{"rendered":"<p>Le constructeur cor\u00e9en Hyundai pr\u00e9pare une offensive strat\u00e9gique sur le march\u00e9 europ\u00e9en avec l&rsquo;arriv\u00e9e prochaine de son nouveau mod\u00e8le compact \u00e9lectrique. Cette initiative s&rsquo;inscrit dans une d\u00e9marche d&rsquo;accessibilit\u00e9 du v\u00e9hicule \u00e9lectrique, r\u00e9pondant aux attentes d&rsquo;une client\u00e8le en qu\u00eate d&rsquo;alternatives durables sans compromis sur le budget. Un crossover \u00e9lectrique aux ambitions europ\u00e9ennes L&rsquo;Ioniq 2 se d\u00e9marque [&hellip;]<\/p>\n","protected":false},"author":1,"featured_media":170,"comment_status":"open","ping_status":"open","sticky":false,"template":"","format":"standard","meta":{"_seopress_robots_primary_cat":"","_seopress_titles_title":"","_seopress_titles_desc":"","_seopress_robots_index":"","footnotes":""},"categories":[10],"tags":[],"class_list":{"0":"post-175","1":"post","2":"type-post","3":"status-publish","4":"format-standard","5":"has-post-thumbnail","7":"category-technologie"},"_links":{"self":[{"href":"https:\/\/cuberg.net\/fr\/wp-json\/wp\/v2\/posts\/175","targetHints":{"allow":["GET"]}}],"collection":[{"href":"https:\/\/cuberg.net\/fr\/wp-json\/wp\/v2\/posts"}],"about":[{"href":"https:\/\/cuberg.net\/fr\/wp-json\/wp\/v2\/types\/post"}],"author":[{"embeddable":true,"href":"https:\/\/cuberg.net\/fr\/wp-json\/wp\/v2\/users\/1"}],"replies":[{"embeddable":true,"href":"https:\/\/cuberg.net\/fr\/wp-json\/wp\/v2\/comments?post=175"}],"version-history":[{"count":1,"href":"https:\/\/cuberg.net\/fr\/wp-json\/wp\/v2\/posts\/175\/revisions"}],"predecessor-version":[{"id":991,"href":"https:\/\/cuberg.net\/fr\/wp-json\/wp\/v2\/posts\/175\/revisions\/991"}],"wp:featuredmedia":[{"embeddable":true,"href":"https:\/\/cuberg.net\/fr\/wp-json\/wp\/v2\/media\/170"}],"wp:attachment":[{"href":"https:\/\/cuberg.net\/fr\/wp-json\/wp\/v2\/media?parent=175"}],"wp:term":[{"taxonomy":"category","embeddable":true,"href":"https:\/\/cuberg.net\/fr\/wp-json\/wp\/v2\/categories?post=175"},{"taxonomy":"post_tag","embeddable":true,"href":"https:\/\/cuberg.net\/fr\/wp-json\/wp\/v2\/tags?post=175"}],"curies":[{"name":"wp","href":"https:\/\/api.w.org\/{rel}","templated":true}]}}