{"id":190,"date":"2025-08-21T17:38:00","date_gmt":"2025-08-21T15:38:00","guid":{"rendered":"https:\/\/cuberg.net\/fr\/?p=190"},"modified":"2025-08-21T17:38:00","modified_gmt":"2025-08-21T15:38:00","slug":"chasse-croise-lete-voiture-electrique-a-gagne-son-pari","status":"publish","type":"post","link":"https:\/\/cuberg.net\/fr\/chasse-croise-lete-voiture-electrique-a-gagne-son-pari\/","title":{"rendered":"Chass\u00e9-crois\u00e9 de l&rsquo;\u00e9t\u00e9 : la voiture \u00e9lectrique a gagn\u00e9 son pari"},"content":{"rendered":"<p>Le traditionnel ballet estival fran\u00e7ais des d\u00e9parts en vacances r\u00e9v\u00e8le cette ann\u00e9e une transformation majeure de nos habitudes routi\u00e8res. Les <strong>voitures \u00e9lectriques<\/strong> ont massivement particip\u00e9 au grand exode des vacances, marquant un tournant d\u00e9cisif dans l&rsquo;adoption de cette technologie pour les longs trajets.<\/p>\n<h2>La mobilit\u00e9 \u00e9lectrique triomphe sur les grands axes de vacances<\/h2>\n<p>L&rsquo;analyse des <strong>flux de circulation \u00e9lectrique<\/strong> pendant le chass\u00e9-crois\u00e9 estival dessine une cartographie r\u00e9v\u00e9latrice. Les stations de recharge les plus sollicit\u00e9es se concentrent naturellement le long des corridors traditionnels de migration vacanci\u00e8re. La Ciotat dans les Bouches-du-Rh\u00f4ne, Arles en Provence et Massiac dans le Cantal \u00e9mergent comme des points n\u00e9vralgiques de la mobilit\u00e9 \u00e9lectrique estivale.<\/p>\n<p>Cette g\u00e9ographie confirme que les <em>conducteurs de v\u00e9hicules \u00e9lectriques<\/em> empruntent d\u00e9sormais les m\u00eames itin\u00e9raires que leurs homologues thermiques. Le corridor rhodanien et l&rsquo;axe Clermont-Ferrand &#8211; Montpellier via l&rsquo;A75 constituent les art\u00e8res essentielles pour rejoindre le littoral m\u00e9diterran\u00e9en. Cette convergence d&rsquo;usage t\u00e9moigne de la maturit\u00e9 croissante de l&rsquo;infrastructure de recharge rapide sur le territoire national.<\/p>\n<p>Les innovations technologiques accompagnent cette d\u00e9mocratisation, notamment avec <a href=\"https:\/\/cuberg.net\/fr\/chine-devoile-batterie-lithium-deux-fois-plus-puissante-que-celle-tesla\/\">la Chine d\u00e9voile une batterie au lithium deux fois plus puissante que celle de Tesla<\/a>, illustrant la course mondiale \u00e0 l&rsquo;am\u00e9lioration des performances \u00e9nerg\u00e9tiques.<\/p>\n<h2>Des statistiques qui m\u00e9tamorphosent la perception de l&rsquo;\u00e9lectromobilit\u00e9<\/h2>\n<p>L&rsquo;op\u00e9rateur <strong>Powerdot<\/strong> d\u00e9voile des chiffres spectaculaires qui bouleversent les id\u00e9es re\u00e7ues sur la voiture \u00e9lectrique. Le nombre de sessions de recharge durant le week-end de chass\u00e9-crois\u00e9 2025 a explos\u00e9 de <strong>92 % par rapport \u00e0 2024<\/strong>, une progression qui d\u00e9passe toutes les pr\u00e9visions du secteur automobile.<\/p>\n<p>Cette croissance exceptionnelle prend d&rsquo;autant plus de valeur que Powerdot exploite plus de <em>6 000 points de charge<\/em> sur l&rsquo;Hexagone, repr\u00e9sentant 18 % des infrastructures nationales. Son r\u00e9seau de bornes d\u00e9livrant plus de 50 kW de puissance offre un \u00e9chantillon repr\u00e9sentatif du comportement des \u00e9lectromobilistes fran\u00e7ais.<\/p>\n<table border=\"1\" style=\"border-collapse&nbsp;: collapse; width&nbsp;: 100%;\">\n<tr>\n<th>Indicateur<\/th>\n<th>2024<\/th>\n<th>2025<\/th>\n<th>\u00c9volution<\/th>\n<\/tr>\n<tr>\n<td>Sessions de recharge week-end<\/td>\n<td>Base 100<\/td>\n<td>192<\/td>\n<td>+92%<\/td>\n<\/tr>\n<tr>\n<td>Temps moyen de recharge<\/td>\n<td>43 minutes<\/td>\n<td>43 minutes<\/td>\n<td>Stable<\/td>\n<\/tr>\n<tr>\n<td>Points de charge Powerdot<\/td>\n<td>~4 500<\/td>\n<td>6 000<\/td>\n<td>+33%<\/td>\n<\/tr>\n<\/table>\n<p>Malgr\u00e9 cette affluence record, le <strong>temps de recharge moyen<\/strong> de 43 minutes est rest\u00e9 stable, prouvant que l&rsquo;infrastructure suit parfaitement le rythme de la demande croissante. Cette performance cruciale dissipe les derni\u00e8res r\u00e9ticences concernant la praticit\u00e9 des v\u00e9hicules \u00e9lectriques pour les voyages longue distance.<\/p>\n<h2>L&rsquo;\u00e9volution technologique au service de l&rsquo;autonomie \u00e9lectrique<\/h2>\n<p>La stabilit\u00e9 des temps de charge r\u00e9v\u00e8le les progr\u00e8s technologiques accomplis par les constructeurs automobiles. Les <strong>batteries lithium-ion<\/strong> de derni\u00e8re g\u00e9n\u00e9ration acceptent des puissances de charge toujours plus \u00e9lev\u00e9es, r\u00e9duisant m\u00e9caniquement la dur\u00e9e des arr\u00eats obligatoires.<\/p>\n<p>Parall\u00e8lement, Powerdot continue d&rsquo;\u00e9tendre son parc de <em>bornes ultra-rapides<\/em> capables de d\u00e9livrer jusqu&rsquo;\u00e0 350 kW. Cette mont\u00e9e en puissance s&rsquo;accompagne d&rsquo;une diversification de l&rsquo;offre automobile \u00e9lectrique, permettant aux familles de trouver le v\u00e9hicule adapt\u00e9 \u00e0 leurs besoins vacanciers.<\/p>\n<p>L&rsquo;am\u00e9lioration continue de <strong>l&rsquo;autonomie des batteries<\/strong>, qui d\u00e9passe d\u00e9sormais couramment les 400 kilom\u00e8tres en usage r\u00e9el, l\u00e8ve progressivement les barri\u00e8res psychologiques. Les services innovants \u00e9mergent \u00e9galement, comme <a href=\"https:\/\/cuberg.net\/fr\/12-000-1-200-eur-n1-mondial-batteries-voitures-electriques-lance-service-reparation-unique-son-genre\/\">de 12 000 \u00e0 1 200 \u20ac : le n\u00b01 mondial des batteries de voitures \u00e9lectriques lance un service de r\u00e9paration unique en son genre<\/a>, d\u00e9mocratisant l&rsquo;acc\u00e8s \u00e0 la mobilit\u00e9 \u00e9lectrique.<\/p>\n<p>Cette d\u00e9mocratisation s&rsquo;acc\u00e9l\u00e8re gr\u00e2ce \u00e0 plusieurs facteurs convergents :<\/p>\n<ul>\n<li>Diversification des gammes \u00e9lectriques dans tous les segments<\/li>\n<li>Densification continue du r\u00e9seau de recharge rapide<\/li>\n<li>Am\u00e9lioration constante des performances \u00e9nerg\u00e9tiques<\/li>\n<li>Baisse progressive des co\u00fbts de maintenance<\/li>\n<\/ul>\n<p>Le chass\u00e9-crois\u00e9 2025 marquera probablement les annales comme <em>un tournant symbolique<\/em> pour la mobilit\u00e9 \u00e9lectrique fran\u00e7aise, d\u00e9montrant que la transition \u00e9nerg\u00e9tique du transport individuel devient une r\u00e9alit\u00e9 tangible sur nos autoroutes.<\/p>\n","protected":false},"excerpt":{"rendered":"<p>Le traditionnel ballet estival fran\u00e7ais des d\u00e9parts en vacances r\u00e9v\u00e8le cette ann\u00e9e une transformation majeure de nos habitudes routi\u00e8res. Les voitures \u00e9lectriques ont massivement particip\u00e9 au grand exode des vacances, marquant un tournant d\u00e9cisif dans l&rsquo;adoption de cette technologie pour les longs trajets. La mobilit\u00e9 \u00e9lectrique triomphe sur les grands axes de vacances L&rsquo;analyse des [&hellip;]<\/p>\n","protected":false},"author":1,"featured_media":186,"comment_status":"open","ping_status":"open","sticky":false,"template":"","format":"standard","meta":{"_seopress_robots_primary_cat":"","_seopress_titles_title":"","_seopress_titles_desc":"","_seopress_robots_index":"","footnotes":""},"categories":[10],"tags":[],"class_list":{"0":"post-190","1":"post","2":"type-post","3":"status-publish","4":"format-standard","5":"has-post-thumbnail","7":"category-technologie"},"_links":{"self":[{"href":"https:\/\/cuberg.net\/fr\/wp-json\/wp\/v2\/posts\/190","targetHints":{"allow":["GET"]}}],"collection":[{"href":"https:\/\/cuberg.net\/fr\/wp-json\/wp\/v2\/posts"}],"about":[{"href":"https:\/\/cuberg.net\/fr\/wp-json\/wp\/v2\/types\/post"}],"author":[{"embeddable":true,"href":"https:\/\/cuberg.net\/fr\/wp-json\/wp\/v2\/users\/1"}],"replies":[{"embeddable":true,"href":"https:\/\/cuberg.net\/fr\/wp-json\/wp\/v2\/comments?post=190"}],"version-history":[{"count":2,"href":"https:\/\/cuberg.net\/fr\/wp-json\/wp\/v2\/posts\/190\/revisions"}],"predecessor-version":[{"id":212,"href":"https:\/\/cuberg.net\/fr\/wp-json\/wp\/v2\/posts\/190\/revisions\/212"}],"wp:featuredmedia":[{"embeddable":true,"href":"https:\/\/cuberg.net\/fr\/wp-json\/wp\/v2\/media\/186"}],"wp:attachment":[{"href":"https:\/\/cuberg.net\/fr\/wp-json\/wp\/v2\/media?parent=190"}],"wp:term":[{"taxonomy":"category","embeddable":true,"href":"https:\/\/cuberg.net\/fr\/wp-json\/wp\/v2\/categories?post=190"},{"taxonomy":"post_tag","embeddable":true,"href":"https:\/\/cuberg.net\/fr\/wp-json\/wp\/v2\/tags?post=190"}],"curies":[{"name":"wp","href":"https:\/\/api.w.org\/{rel}","templated":true}]}}