{"id":195,"date":"2025-08-23T17:32:00","date_gmt":"2025-08-23T15:32:00","guid":{"rendered":"https:\/\/cuberg.net\/fr\/?p=195"},"modified":"2025-08-23T17:32:00","modified_gmt":"2025-08-23T15:32:00","slug":"voici-comment-mercedes-veut-ecraser-tesla-sauver-ses-moteurs-thermiques","status":"publish","type":"post","link":"https:\/\/cuberg.net\/fr\/voici-comment-mercedes-veut-ecraser-tesla-sauver-ses-moteurs-thermiques\/","title":{"rendered":"Voici comment Mercedes veut \u00e9craser Tesla et sauver ses moteurs thermiques"},"content":{"rendered":"<p>Mercedes-Benz pr\u00e9pare une r\u00e9volution dans l&rsquo;industrie automobile avec une strat\u00e9gie audacieuse qui conjugue innovation \u00e9lectrique et pr\u00e9servation des moteurs thermiques. Face \u00e0 la domination croissante de Tesla sur le march\u00e9 des v\u00e9hicules \u00e9lectriques, la marque allemande d\u00e9ploie un plan ambitieux pour reconqu\u00e9rir sa position de leader premium tout en maintenant une offre diversifi\u00e9e.<\/p>\n<h2>Une r\u00e9volution esth\u00e9tique pour s\u00e9duire la client\u00e8le<\/h2>\n<p>Le constructeur allemand abandonne radicalement l&rsquo;identit\u00e9 visuelle controvers\u00e9e de ses premiers mod\u00e8les \u00e9lectriques EQ. <strong>La calandre occult\u00e9e<\/strong>, critiqu\u00e9e par la presse sp\u00e9cialis\u00e9e et les clients, laisse place \u00e0 <em>une calandre num\u00e9rique illumin\u00e9e<\/em> baptis\u00e9e \u00ab\u00a0le visage du futur\u00a0\u00bb. Cette transformation majeure sera inaugur\u00e9e sur le GLC \u00e9lectrique, marquant une rupture esth\u00e9tique fondamentale.<\/p>\n<p>Cette \u00e9volution r\u00e9pond aux attentes d&rsquo;une client\u00e8le plus large, rebut\u00e9e par l&rsquo;aspect trop futuriste des premi\u00e8res g\u00e9n\u00e9rations. <strong>Les nouveaux \u00e9clairages LED adaptatifs<\/strong> offriront des animations personnalisables, renfor\u00e7ant l&rsquo;aspect premium caract\u00e9ristique de Mercedes-Benz. La marque privil\u00e9gie d\u00e9sormais des codes esth\u00e9tiques classiques enrichis de technologies d&rsquo;\u00e9clairage avanc\u00e9es, cr\u00e9ant un \u00e9quilibre entre tradition et innovation.<\/p>\n<p>Cette strat\u00e9gie design vise \u00e0 diff\u00e9rencier Mercedes des concurrents asiatiques et am\u00e9ricains, notamment Tesla, en proposant une approche plus raffin\u00e9e et europ\u00e9enne du v\u00e9hicule \u00e9lectrique premium. <a href=\"https:\/\/cuberg.net\/fr\/chine-devoile-batterie-lithium-deux-fois-plus-puissante-que-celle-tesla\/\">La Chine d\u00e9voile une batterie au lithium deux fois plus puissante que celle de Tesla<\/a>, ce qui pousse Mercedes \u00e0 innover sur d&rsquo;autres aspects que la seule technologie de batterie.<\/p>\n<h2>Quinze mod\u00e8les \u00e9lectriques pour dominer tous les segments<\/h2>\n<p><strong>Le programme d&rsquo;\u00e9lectrification<\/strong> le plus ambitieux de l&rsquo;histoire Mercedes se d\u00e9ploie sur trois segments distincts. La gamme \u00ab\u00a0Entry\u00a0\u00bb accueillera deux crossovers compacts d\u00e8s 2026, probablement les GLA et GLB \u00e9lectriques remani\u00e9s. Ces mod\u00e8les visent \u00e0 d\u00e9mocratiser l&rsquo;acc\u00e8s \u00e0 l&rsquo;\u00e9lectrique premium avec un positionnement tarifaire plus accessible que les actuels mod\u00e8les EQ.<\/p>\n<p>Le segment \u00ab\u00a0Core\u00a0\u00bb b\u00e9n\u00e9ficiera de trois nouveaut\u00e9s entre 2026 et 2027, incluant vraisemblablement le GLC \u00e9lectrique et une Classe C z\u00e9ro \u00e9mission. <strong>Cette strat\u00e9gie segment\u00e9e<\/strong> permet \u00e0 Mercedes de r\u00e9pondre aux attentes diversifi\u00e9es de sa client\u00e8le europ\u00e9enne et mondiale, contrairement \u00e0 l&rsquo;approche plus uniforme de Tesla.<\/p>\n<table border=\"1\">\n<tr>\n<th>Segment<\/th>\n<th>Nombre de mod\u00e8les<\/th>\n<th>P\u00e9riode de lancement<\/th>\n<th>Mod\u00e8les attendus<\/th>\n<\/tr>\n<tr>\n<td>Entry<\/td>\n<td>2<\/td>\n<td>2026<\/td>\n<td>GLA et GLB \u00e9lectriques<\/td>\n<\/tr>\n<tr>\n<td>Core<\/td>\n<td>3<\/td>\n<td>2026-2027<\/td>\n<td>GLC \u00e9lectrique, Classe C \u00e9lectrique<\/td>\n<\/tr>\n<tr>\n<td>Top-End<\/td>\n<td>10<\/td>\n<td>2026-2027<\/td>\n<td>EQS\/EQE restyl\u00e9s, super berline AMG<\/td>\n<\/tr>\n<\/table>\n<p>La gamme \u00ab\u00a0Top-End\u00a0\u00bb concentre les ambitions les plus spectaculaires avec dix mod\u00e8les haut de gamme. <em>Le projet de super berline AMG \u00e9lectrique<\/em>, inspir\u00e9 du concept GT XX, pourrait d\u00e9velopper plus de 1000 chevaux, d\u00e9fiant directement les Porsche Taycan Turbo S et BMW iX M60. Un fourgon de luxe \u00e9lectrique compl\u00e8tera cette offensive premium.<\/p>\n<h2>Les d\u00e9fis technologiques et industriels d&rsquo;une strat\u00e9gie duale<\/h2>\n<p><strong>La coordination simultan\u00e9e<\/strong> de trente nouveaux mod\u00e8les \u00e9lectriques et thermiques repr\u00e9sente un d\u00e9fi industriel titanesque. Mercedes utilise actuellement trois plateformes distinctes : EVA pour le haut de gamme, MMA pour les mod\u00e8les compacts, et AMG.EA pour les versions sportives. Cette diversification, bien qu&rsquo;optimisant chaque segment, complexifie la production et augmente consid\u00e9rablement les co\u00fbts de d\u00e9veloppement.<\/p>\n<p>Les sp\u00e9cifications techniques vis\u00e9es t\u00e9moignent de l&rsquo;ambition du constructeur :<\/p>\n<ul>\n<li>Autonomie sup\u00e9rieure \u00e0 750 kilom\u00e8tres WLTP pour les mod\u00e8les premium<\/li>\n<li>Compatibilit\u00e9 de recharge rapide 350 kW sur toute la gamme<\/li>\n<li>Intelligence artificielle embarqu\u00e9e et conduite autonome de niveau 3<\/li>\n<li>Technologies de batterie avanc\u00e9es pour r\u00e9duire les co\u00fbts<\/li>\n<\/ul>\n<p>Cette approche pragmatique contraste avec l&rsquo;objectif initial de passer int\u00e9gralement \u00e0 l&rsquo;\u00e9lectrique d&rsquo;ici 2030. <strong>La strat\u00e9gie duale<\/strong> permet \u00e0 Mercedes de maintenir quinze mod\u00e8les thermiques parall\u00e8lement, r\u00e9pondant aux r\u00e9alit\u00e9s du march\u00e9 europ\u00e9en o\u00f9 la demande \u00e9lectrique conna\u00eet un ralentissement en 2024. <a href=\"https:\/\/cuberg.net\/fr\/12-000-1-200-eur-n1-mondial-batteries-voitures-electriques-lance-service-reparation-unique-son-genre\/\">De 12 000 \u00e0 1 200 \u20ac : le n\u00b01 mondial des batteries de voitures \u00e9lectriques lance un service de r\u00e9paration unique en son genre<\/a>, une innovation qui pourrait r\u00e9volutionner l&rsquo;\u00e9conomie des v\u00e9hicules \u00e9lectriques.<\/p>\n<p>Le succ\u00e8s de cette offensive d\u00e9pendra largement de l&rsquo;\u00e9volution des infrastructures de recharge et de l&rsquo;acceptation du march\u00e9. Mercedes mise sur une reprise de la demande \u00e9lectrique, tout en pr\u00e9servant ses <em>moteurs thermiques performants<\/em> pour satisfaire une client\u00e8le encore h\u00e9sitante face \u00e0 la transition \u00e9nerg\u00e9tique.<\/p>\n","protected":false},"excerpt":{"rendered":"<p>Mercedes-Benz pr\u00e9pare une r\u00e9volution dans l&rsquo;industrie automobile avec une strat\u00e9gie audacieuse qui conjugue innovation \u00e9lectrique et pr\u00e9servation des moteurs thermiques. Face \u00e0 la domination croissante de Tesla sur le march\u00e9 des v\u00e9hicules \u00e9lectriques, la marque allemande d\u00e9ploie un plan ambitieux pour reconqu\u00e9rir sa position de leader premium tout en maintenant une offre diversifi\u00e9e. Une r\u00e9volution [&hellip;]<\/p>\n","protected":false},"author":1,"featured_media":189,"comment_status":"open","ping_status":"open","sticky":false,"template":"","format":"standard","meta":{"_seopress_robots_primary_cat":"","_seopress_titles_title":"","_seopress_titles_desc":"","_seopress_robots_index":"","footnotes":""},"categories":[10],"tags":[],"class_list":{"0":"post-195","1":"post","2":"type-post","3":"status-publish","4":"format-standard","5":"has-post-thumbnail","7":"category-technologie"},"_links":{"self":[{"href":"https:\/\/cuberg.net\/fr\/wp-json\/wp\/v2\/posts\/195","targetHints":{"allow":["GET"]}}],"collection":[{"href":"https:\/\/cuberg.net\/fr\/wp-json\/wp\/v2\/posts"}],"about":[{"href":"https:\/\/cuberg.net\/fr\/wp-json\/wp\/v2\/types\/post"}],"author":[{"embeddable":true,"href":"https:\/\/cuberg.net\/fr\/wp-json\/wp\/v2\/users\/1"}],"replies":[{"embeddable":true,"href":"https:\/\/cuberg.net\/fr\/wp-json\/wp\/v2\/comments?post=195"}],"version-history":[{"count":1,"href":"https:\/\/cuberg.net\/fr\/wp-json\/wp\/v2\/posts\/195\/revisions"}],"predecessor-version":[{"id":993,"href":"https:\/\/cuberg.net\/fr\/wp-json\/wp\/v2\/posts\/195\/revisions\/993"}],"wp:featuredmedia":[{"embeddable":true,"href":"https:\/\/cuberg.net\/fr\/wp-json\/wp\/v2\/media\/189"}],"wp:attachment":[{"href":"https:\/\/cuberg.net\/fr\/wp-json\/wp\/v2\/media?parent=195"}],"wp:term":[{"taxonomy":"category","embeddable":true,"href":"https:\/\/cuberg.net\/fr\/wp-json\/wp\/v2\/categories?post=195"},{"taxonomy":"post_tag","embeddable":true,"href":"https:\/\/cuberg.net\/fr\/wp-json\/wp\/v2\/tags?post=195"}],"curies":[{"name":"wp","href":"https:\/\/api.w.org\/{rel}","templated":true}]}}