{"id":199,"date":"2025-08-23T05:41:00","date_gmt":"2025-08-23T03:41:00","guid":{"rendered":"https:\/\/cuberg.net\/fr\/?p=199"},"modified":"2025-08-23T05:41:00","modified_gmt":"2025-08-23T03:41:00","slug":"800-km-dautonomie-10-minutes-recharge-bmw-va-redefinir-lelectrique","status":"publish","type":"post","link":"https:\/\/cuberg.net\/fr\/800-km-dautonomie-10-minutes-recharge-bmw-va-redefinir-lelectrique\/","title":{"rendered":"800 km d\u2019autonomie, 10 minutes de recharge : BMW va red\u00e9finir l&rsquo;\u00e9lectrique"},"content":{"rendered":"<p>La r\u00e9volution technologique que pr\u00e9pare BMW pourrait bouleverser l&rsquo;industrie automobile \u00e9lectrique. Le constructeur bavarois mise sur des innovations de rupture avec son futur iX3, v\u00e9hicule phare de la plateforme Neue Klasse. Cette nouvelle g\u00e9n\u00e9ration affiche des sp\u00e9cifications techniques impressionnantes qui remettent en question les standards actuels du secteur.<\/p>\n<h2>Des performances techniques r\u00e9volutionnaires pour l&rsquo;\u00e9lectromobilit\u00e9<\/h2>\n<p>Le futur iX3 de BMW promet une <strong>autonomie exceptionnelle de 800 kilom\u00e8tres<\/strong> selon le cycle WLTP, d\u00e9passant largement les 622 kilom\u00e8tres du Tesla Model Y Long Range. Cette diff\u00e9rence substantielle r\u00e9pond directement aux pr\u00e9occupations des automobilistes concernant l&rsquo;<em>anxi\u00e9t\u00e9 de l&rsquo;autonomie<\/em>.<\/p>\n<p>L&rsquo;innovation majeure r\u00e9side dans le syst\u00e8me de <strong>recharge ultra-rapide de 400 kW<\/strong>. Cette puissance permettra de r\u00e9cup\u00e9rer l&rsquo;\u00e9nergie n\u00e9cessaire pour parcourir 500 kilom\u00e8tres en seulement dix minutes. Comparativement, Tesla plafonne actuellement \u00e0 250 kW, cr\u00e9ant un avantage concurrentiel significatif pour BMW. L&rsquo;architecture \u00e9lectrique 800V du constructeur allemand facilite cette prouesse technique, contrairement aux 400V utilis\u00e9s par la marque californienne.<\/p>\n<p>Les performances annonc\u00e9es s&rsquo;articulent autour de plusieurs \u00e9l\u00e9ments cl\u00e9s :<\/p>\n<ul>\n<li>Cellules de batterie cylindriques avec <strong>20% d&rsquo;efficacit\u00e9 \u00e9nerg\u00e9tique suppl\u00e9mentaire<\/strong><\/li>\n<li>Syst\u00e8me informatique embarqu\u00e9 d\u00e9veloppant une <em>puissance de calcul vingt fois sup\u00e9rieure<\/em><\/li>\n<li>Infrastructure de recharge optimis\u00e9e pour les hautes puissances<\/li>\n<li>Gestion thermique avanc\u00e9e des batteries<\/li>\n<\/ul>\n<h2>La plateforme Neue Klasse : l&rsquo;ambition technologique de BMW<\/h2>\n<p>BMW a mobilis\u00e9 des \u00e9quipes dans six centres de d\u00e9veloppement r\u00e9partis sur quatre continents pour concevoir cette architecture r\u00e9volutionnaire. Le Portugal, l&rsquo;Afrique du Sud, la Chine, l&rsquo;Inde, la Roumanie et les \u00c9tats-Unis contribuent au d\u00e9veloppement de cette <strong>plateforme enti\u00e8rement d\u00e9di\u00e9e \u00e0 l&rsquo;\u00e9lectrique<\/strong>.<\/p>\n<p>Le \u00ab\u00a0superbrain\u00a0\u00bb embarqu\u00e9 constitue le cerveau de cette nouvelle g\u00e9n\u00e9ration. Cette unit\u00e9 de calcul g\u00e9rera simultan\u00e9ment l&rsquo;infodivertissement nouvelle g\u00e9n\u00e9ration et les <em>fonctions de conduite autonome<\/em>. La puissance de traitement disponible ouvre la voie \u00e0 des services connect\u00e9s in\u00e9dits et \u00e0 une exp\u00e9rience utilisateur repens\u00e9e.<\/p>\n<p>Cette approche globale vise \u00e0 cr\u00e9er un \u00e9cosyst\u00e8me technologique coh\u00e9rent. <a href=\"https:\/\/cuberg.net\/fr\/chine-devoile-batterie-lithium-deux-fois-plus-puissante-que-celle-tesla\/\">La Chine d\u00e9voile une batterie au lithium deux fois plus puissante que celle de Tesla<\/a>, confirmant l&rsquo;acc\u00e9l\u00e9ration des innovations dans ce domaine strat\u00e9gique.<\/p>\n<h2>Repositionnement strat\u00e9gique face \u00e0 Tesla<\/h2>\n<p>Oliver Zipse, PDG de BMW, adopte une position offensive concernant la concurrence avec Tesla. Le dirigeant critique les <strong>avantages r\u00e9glementaires<\/strong> dont a b\u00e9n\u00e9fici\u00e9 le constructeur am\u00e9ricain, \u00e9voquant un \u00ab\u00a0transfert de financement\u00a0\u00bb d&rsquo;une industrie traditionnelle vers une industrie \u00e9mergente.<\/p>\n<p>La strat\u00e9gie de BMW privil\u00e9gie l&rsquo;<em>exp\u00e9rience de conduite premium<\/em> et la fiert\u00e9 de possession. Cette approche contraste avec Tesla qui mise principalement sur l&rsquo;innovation technologique. Le constructeur munichois capitalise sur son h\u00e9ritage automobile et sa r\u00e9putation de finition haut de gamme.<\/p>\n<table border=\"1\">\n<tr>\n<th>Caract\u00e9ristiques<\/th>\n<th>BMW iX3 Neue Klasse<\/th>\n<th>Tesla Model Y Long Range<\/th>\n<\/tr>\n<tr>\n<td>Autonomie WLTP<\/td>\n<td>800 km<\/td>\n<td>622 km<\/td>\n<\/tr>\n<tr>\n<td>Puissance de charge<\/td>\n<td>400 kW<\/td>\n<td>250 kW<\/td>\n<\/tr>\n<tr>\n<td>Architecture \u00e9lectrique<\/td>\n<td>800V<\/td>\n<td>400V<\/td>\n<\/tr>\n<tr>\n<td>Recharge 10-80%<\/td>\n<td>~10 minutes<\/td>\n<td>~25 minutes<\/td>\n<\/tr>\n<\/table>\n<h2>Planning de commercialisation et enjeux industriels<\/h2>\n<p>La production des premiers mod\u00e8les Neue Klasse d\u00e9butera en 2026, avec l&rsquo;iX3 comme <strong>v\u00e9hicule de lancement<\/strong>. Ce calendrier serr\u00e9 t\u00e9moigne de l&rsquo;urgence strat\u00e9gique pour BMW de rattraper son retard sur Tesla. Les livraisons clients suivront imm\u00e9diatement, marquant le d\u00e9but d&rsquo;une offensive commerciale ambitieuse.<\/p>\n<p>Le succ\u00e8s de cette strat\u00e9gie d\u00e9pendra de la capacit\u00e9 du constructeur \u00e0 tenir ses promesses techniques tout en proposant un <em>prix comp\u00e9titif<\/em>. Le march\u00e9 des SUV \u00e9lectriques premium devient de plus en plus disput\u00e9, n\u00e9cessitant une ex\u00e9cution parfaite de ce projet industriel majeur.<\/p>\n<p>L&rsquo;\u00e9volution du march\u00e9 des batteries \u00e9lectriques influence directement ces d\u00e9veloppements. <a href=\"https:\/\/cuberg.net\/fr\/12-000-1-200-eur-n1-mondial-batteries-voitures-electriques-lance-service-reparation-unique-son-genre\/\">De 12 000 \u00e0 1 200 \u20ac : le n\u00b01 mondial des batteries de voitures \u00e9lectriques lance un service de r\u00e9paration unique en son genre<\/a>, d\u00e9montrant l&rsquo;importance croissante des services apr\u00e8s-vente dans l&rsquo;\u00e9cosyst\u00e8me \u00e9lectrique.<\/p>\n","protected":false},"excerpt":{"rendered":"<p>La r\u00e9volution technologique que pr\u00e9pare BMW pourrait bouleverser l&rsquo;industrie automobile \u00e9lectrique. Le constructeur bavarois mise sur des innovations de rupture avec son futur iX3, v\u00e9hicule phare de la plateforme Neue Klasse. Cette nouvelle g\u00e9n\u00e9ration affiche des sp\u00e9cifications techniques impressionnantes qui remettent en question les standards actuels du secteur. Des performances techniques r\u00e9volutionnaires pour l&rsquo;\u00e9lectromobilit\u00e9 Le [&hellip;]<\/p>\n","protected":false},"author":1,"featured_media":196,"comment_status":"open","ping_status":"open","sticky":false,"template":"","format":"standard","meta":{"_seopress_robots_primary_cat":"","_seopress_titles_title":"","_seopress_titles_desc":"","_seopress_robots_index":"","footnotes":""},"categories":[10],"tags":[],"class_list":{"0":"post-199","1":"post","2":"type-post","3":"status-publish","4":"format-standard","5":"has-post-thumbnail","7":"category-technologie"},"_links":{"self":[{"href":"https:\/\/cuberg.net\/fr\/wp-json\/wp\/v2\/posts\/199","targetHints":{"allow":["GET"]}}],"collection":[{"href":"https:\/\/cuberg.net\/fr\/wp-json\/wp\/v2\/posts"}],"about":[{"href":"https:\/\/cuberg.net\/fr\/wp-json\/wp\/v2\/types\/post"}],"author":[{"embeddable":true,"href":"https:\/\/cuberg.net\/fr\/wp-json\/wp\/v2\/users\/1"}],"replies":[{"embeddable":true,"href":"https:\/\/cuberg.net\/fr\/wp-json\/wp\/v2\/comments?post=199"}],"version-history":[{"count":1,"href":"https:\/\/cuberg.net\/fr\/wp-json\/wp\/v2\/posts\/199\/revisions"}],"predecessor-version":[{"id":989,"href":"https:\/\/cuberg.net\/fr\/wp-json\/wp\/v2\/posts\/199\/revisions\/989"}],"wp:featuredmedia":[{"embeddable":true,"href":"https:\/\/cuberg.net\/fr\/wp-json\/wp\/v2\/media\/196"}],"wp:attachment":[{"href":"https:\/\/cuberg.net\/fr\/wp-json\/wp\/v2\/media?parent=199"}],"wp:term":[{"taxonomy":"category","embeddable":true,"href":"https:\/\/cuberg.net\/fr\/wp-json\/wp\/v2\/categories?post=199"},{"taxonomy":"post_tag","embeddable":true,"href":"https:\/\/cuberg.net\/fr\/wp-json\/wp\/v2\/tags?post=199"}],"curies":[{"name":"wp","href":"https:\/\/api.w.org\/{rel}","templated":true}]}}