{"id":203,"date":"2025-08-23T20:35:00","date_gmt":"2025-08-23T18:35:00","guid":{"rendered":"https:\/\/cuberg.net\/fr\/?p=203"},"modified":"2025-08-23T20:35:00","modified_gmt":"2025-08-23T18:35:00","slug":"incendies-voitures-electriques-voici-chiffres-quon-ne-vous-montre-jamais","status":"publish","type":"post","link":"https:\/\/cuberg.net\/fr\/incendies-voitures-electriques-voici-chiffres-quon-ne-vous-montre-jamais\/","title":{"rendered":"Incendies de voitures \u00e9lectriques : voici les chiffres qu&rsquo;on ne vous montre jamais"},"content":{"rendered":"<p>L&#8217;emballement m\u00e9diatique autour des <strong>incendies de v\u00e9hicules \u00e9lectriques<\/strong> contraste fortement avec la r\u00e9alit\u00e9 statistique. Entre les images spectaculaires diffus\u00e9es sur les r\u00e9seaux sociaux et les d\u00e9bats passionn\u00e9s, la v\u00e9ritable <em>fr\u00e9quence des sinistres \u00e9lectriques<\/em> reste largement m\u00e9connue du grand public. Les donn\u00e9es officielles europ\u00e9ennes r\u00e9v\u00e8lent pourtant des informations surprenantes qui remettent en perspective cette probl\u00e9matique sensible.<\/p>\n<h2>Des statistiques europ\u00e9ennes qui bousculent les id\u00e9es re\u00e7ues<\/h2>\n<p>Les services de secours su\u00e9dois ont \u00e9tabli un constat \u00e9difiant : sur 611 000 <strong>v\u00e9hicules \u00e9lectriques en circulation<\/strong>, seulement 23 incendies ont \u00e9t\u00e9 recens\u00e9s en 2022. Ce taux de 0,004% contraste avec les 3 400 sinistres enregistr\u00e9s parmi les 4,4 millions de voitures thermiques su\u00e9doises, repr\u00e9sentant un taux de 0,08%. Ces chiffres officiels confirment que <em>l&rsquo;\u00e9lectromobilit\u00e9 pr\u00e9sente moins de risques<\/em> que les motorisations conventionnelles.<\/p>\n<p>La Pologne confirme cette tendance avec des donn\u00e9es du premier semestre 2025 particuli\u00e8rement r\u00e9v\u00e9latrices. Le Service national des pompiers polonais a r\u00e9pertori\u00e9 4 712 incendies de v\u00e9hicules, dont seulement 23 concernaient des <strong>voitures \u00e9lectriques<\/strong>. Cette proportion de moins de 0,5% du total contraste avec les 98,4% d&rsquo;incendies de v\u00e9hicules thermiques recens\u00e9s sur la m\u00eame p\u00e9riode.<\/p>\n<p>L&rsquo;analyse par taux d&rsquo;incendie pour 1 000 v\u00e9hicules immatricul\u00e9s r\u00e9v\u00e8le une <em>parit\u00e9 surprenante<\/em> entre les deux technologies. V\u00e9hicules thermiques et \u00e9lectriques affichent exactement le m\u00eame taux de 0,23 incendie pour 1 000 v\u00e9hicules, malgr\u00e9 la part de march\u00e9 \u00e9lectrique de seulement 8% en Pologne.<\/p>\n<h2>Causes r\u00e9elles des incendies : la batterie n&rsquo;est pas toujours responsable<\/h2>\n<p>Contrairement aux croyances populaires, <strong>l&#8217;emballement thermique des batteries<\/strong> ne constitue pas la cause principale des incendies de v\u00e9hicules \u00e9lectriques. Les investigations men\u00e9es par les services de secours polonais identifient trois origines principales : dysfonctionnements techniques, propagation depuis une source externe, et accidents de circulation.<\/p>\n<p>Plus surprenant encore, seulement 50% des incendies de <em>voitures \u00e9lectriques impliquent<\/em> effectivement un embrasement de la batterie haute tension. Cette statistique remet en question l&rsquo;association syst\u00e9matique entre v\u00e9hicule \u00e9lectrique et risque de batterie. Les autres causes correspondent aux d\u00e9faillances classiques : courts-circuits, surchauffe du syst\u00e8me de refroidissement, ou d\u00e9faillances m\u00e9caniques diverses.<\/p>\n<p>Les constructeurs d\u00e9veloppent continuellement des <strong>syst\u00e8mes de s\u00e9curit\u00e9 avanc\u00e9s<\/strong> pour pr\u00e9venir ces risques. Coupe-circuits automatiques, syst\u00e8mes de refroidissement d&rsquo;urgence et technologies de surveillance en temps r\u00e9el contribuent \u00e0 r\u00e9duire la probabilit\u00e9 d&rsquo;incidents. <a href=\"https:\/\/cuberg.net\/fr\/chine-devoile-batterie-lithium-deux-fois-plus-puissante-que-celle-tesla\/\">La Chine d\u00e9voile une batterie au lithium deux fois plus puissante que celle de Tesla<\/a>, int\u00e9grant ces nouvelles mesures de s\u00e9curit\u00e9.<\/p>\n<table border=\"1\">\n<tr>\n<th>Type de v\u00e9hicule<\/th>\n<th>Taux d&rsquo;incendie pour 1 000 v\u00e9hicules<\/th>\n<th>Nombre d&rsquo;incendies (S1 2025)<\/th>\n<\/tr>\n<tr>\n<td>V\u00e9hicules thermiques<\/td>\n<td>0,23<\/td>\n<td>4 636<\/td>\n<\/tr>\n<tr>\n<td>V\u00e9hicules \u00e9lectriques<\/td>\n<td>0,23<\/td>\n<td>23<\/td>\n<\/tr>\n<tr>\n<td>V\u00e9hicules hybrides<\/td>\n<td>0,04<\/td>\n<td>53<\/td>\n<\/tr>\n<\/table>\n<h2>D\u00e9fis techniques et perspectives d&rsquo;avenir<\/h2>\n<p>L&rsquo;extinction des <strong>feux de batteries lithium-ion<\/strong> pose des d\u00e9fis sp\u00e9cifiques aux services de secours. L&#8217;emballement thermique peut maintenir la combustion pendant plusieurs heures, n\u00e9cessitant des quantit\u00e9s d&rsquo;eau consid\u00e9rables pour refroidir efficacement les cellules. La proc\u00e9dure recommand\u00e9e d&rsquo;immersion compl\u00e8te pendant plusieurs heures exige des \u00e9quipements sp\u00e9cialis\u00e9s dont ne disposent pas tous les services d&rsquo;incendie.<\/p>\n<p>Ces <em>formations sp\u00e9cialis\u00e9es<\/em> et investissements repr\u00e9sentent un enjeu majeur pour accompagner la transition \u00e9nerg\u00e9tique. N\u00e9anmoins, les interventions restent statistiquement rares au regard du parc \u00e9lectrique croissant. <a href=\"https:\/\/cuberg.net\/fr\/12-000-1-200-eur-n1-mondial-batteries-voitures-electriques-lance-service-reparation-unique-son-genre\/\">De 12 000 \u00e0 1 200 \u20ac : le n\u00b01 mondial des batteries de voitures \u00e9lectriques lance un service de r\u00e9paration unique en son genre<\/a>, bouleversant la maintenance pr\u00e9ventive.<\/p>\n<p>L&rsquo;\u00e9volution technologique des <strong>syst\u00e8mes de gestion thermique<\/strong> et l&rsquo;am\u00e9lioration des protocoles de s\u00e9curit\u00e9 contribuent progressivement \u00e0 r\u00e9duire ces risques. Les donn\u00e9es factuelles attestent que la mobilit\u00e9 \u00e9lectrique ne pr\u00e9sente pas de danger sup\u00e9rieur aux motorisations traditionnelles, contrairement aux perceptions aliment\u00e9es par une couverture m\u00e9diatique disproportionn\u00e9e.<\/p>\n","protected":false},"excerpt":{"rendered":"<p>L&#8217;emballement m\u00e9diatique autour des incendies de v\u00e9hicules \u00e9lectriques contraste fortement avec la r\u00e9alit\u00e9 statistique. Entre les images spectaculaires diffus\u00e9es sur les r\u00e9seaux sociaux et les d\u00e9bats passionn\u00e9s, la v\u00e9ritable fr\u00e9quence des sinistres \u00e9lectriques reste largement m\u00e9connue du grand public. Les donn\u00e9es officielles europ\u00e9ennes r\u00e9v\u00e8lent pourtant des informations surprenantes qui remettent en perspective cette probl\u00e9matique sensible. [&hellip;]<\/p>\n","protected":false},"author":1,"featured_media":202,"comment_status":"open","ping_status":"open","sticky":false,"template":"","format":"standard","meta":{"_seopress_robots_primary_cat":"","_seopress_titles_title":"","_seopress_titles_desc":"","_seopress_robots_index":"","footnotes":""},"categories":[10],"tags":[],"class_list":{"0":"post-203","1":"post","2":"type-post","3":"status-publish","4":"format-standard","5":"has-post-thumbnail","7":"category-technologie"},"_links":{"self":[{"href":"https:\/\/cuberg.net\/fr\/wp-json\/wp\/v2\/posts\/203","targetHints":{"allow":["GET"]}}],"collection":[{"href":"https:\/\/cuberg.net\/fr\/wp-json\/wp\/v2\/posts"}],"about":[{"href":"https:\/\/cuberg.net\/fr\/wp-json\/wp\/v2\/types\/post"}],"author":[{"embeddable":true,"href":"https:\/\/cuberg.net\/fr\/wp-json\/wp\/v2\/users\/1"}],"replies":[{"embeddable":true,"href":"https:\/\/cuberg.net\/fr\/wp-json\/wp\/v2\/comments?post=203"}],"version-history":[{"count":1,"href":"https:\/\/cuberg.net\/fr\/wp-json\/wp\/v2\/posts\/203\/revisions"}],"predecessor-version":[{"id":994,"href":"https:\/\/cuberg.net\/fr\/wp-json\/wp\/v2\/posts\/203\/revisions\/994"}],"wp:featuredmedia":[{"embeddable":true,"href":"https:\/\/cuberg.net\/fr\/wp-json\/wp\/v2\/media\/202"}],"wp:attachment":[{"href":"https:\/\/cuberg.net\/fr\/wp-json\/wp\/v2\/media?parent=203"}],"wp:term":[{"taxonomy":"category","embeddable":true,"href":"https:\/\/cuberg.net\/fr\/wp-json\/wp\/v2\/categories?post=203"},{"taxonomy":"post_tag","embeddable":true,"href":"https:\/\/cuberg.net\/fr\/wp-json\/wp\/v2\/tags?post=203"}],"curies":[{"name":"wp","href":"https:\/\/api.w.org\/{rel}","templated":true}]}}