{"id":206,"date":"2025-08-22T17:34:00","date_gmt":"2025-08-22T15:34:00","guid":{"rendered":"https:\/\/cuberg.net\/fr\/?p=206"},"modified":"2025-08-22T17:34:00","modified_gmt":"2025-08-22T15:34:00","slug":"tesla-perd-milliers-clients-europe-pire-est-il-encore-venir","status":"publish","type":"post","link":"https:\/\/cuberg.net\/fr\/tesla-perd-milliers-clients-europe-pire-est-il-encore-venir\/","title":{"rendered":"Tesla perd des milliers de clients en Europe : Le pire est-il encore \u00e0 venir ?"},"content":{"rendered":"<p>Les derni\u00e8res donn\u00e9es de juillet r\u00e9v\u00e8lent une situation alarmante pour le constructeur am\u00e9ricain. <strong>Tesla enregistre une chute vertigineuse<\/strong> de 41,6% de ses immatriculations europ\u00e9ennes, contrastant dramatiquement avec la croissance continue du march\u00e9 \u00e9lectrique continental. Cette d\u00e9gringolade interpelle d&rsquo;autant plus que le secteur des v\u00e9hicules \u00e9lectriques maintient sa dynamique positive \u00e0 travers l&rsquo;Europe.<\/p>\n<p>La <em>strat\u00e9gie europ\u00e9enne de Tesla<\/em> semble d\u00e9sormais remise en question. Les justifications initiales du constructeur, \u00e9voquant des contraintes d&rsquo;approvisionnement li\u00e9es au renouvellement du Model Y, ne r\u00e9sistent plus \u00e0 l&rsquo;analyse des chiffres actuels. La r\u00e9alit\u00e9 du terrain r\u00e9v\u00e8le des d\u00e9fis structurels bien plus complexes pour l&rsquo;entreprise dirig\u00e9e par Elon Musk.<\/p>\n<h2>L&rsquo;effondrement spectaculaire sur les march\u00e9s europ\u00e9ens cl\u00e9s<\/h2>\n<p>Sur les sept premiers mois de 2025, <strong>Tesla accuse un recul de 34,3%<\/strong> \u00e0 l&rsquo;\u00e9chelle europ\u00e9enne. Cette performance d\u00e9sastreuse d\u00e9tonne avec l&rsquo;\u00e9volution positive du secteur \u00e9lectrique europ\u00e9en, qui continue sa progression malgr\u00e9 les tensions \u00e9conomiques actuelles.<\/p>\n<p>L&rsquo;Allemagne symbolise parfaitement cette d\u00e9b\u00e2cle commerciale. Alors que Tesla y vendait plus de 60 000 v\u00e9hicules annuellement il y a quelques ann\u00e9es, le constructeur peine d\u00e9sormais \u00e0 \u00e9couler 20 000 unit\u00e9s sur ce march\u00e9 pourtant crucial. La France suit une trajectoire similaire, affichant des baisses encore plus prononc\u00e9es que la moyenne continentale.<\/p>\n<p>Le Royaume-Uni, dernier bastion de r\u00e9sistance europ\u00e9en pour Tesla, bascule \u00e9galement. Apr\u00e8s avoir maintenu une <em>stabilit\u00e9 relative<\/em> durant le premier semestre, les ventes britanniques se sont effondr\u00e9es de 60% en juillet compar\u00e9 \u00e0 la m\u00eame p\u00e9riode en 2024. Cette acc\u00e9l\u00e9ration brutale confirme que les difficult\u00e9s transcendent d\u00e9sormais tous les march\u00e9s europ\u00e9ens.<\/p>\n<table>\n<tr>\n<th>March\u00e9<\/th>\n<th>\u00c9volution 2025 vs 2024<\/th>\n<th>Performance juillet 2025<\/th>\n<\/tr>\n<tr>\n<td>Europe (global)<\/td>\n<td>-34,3%<\/td>\n<td>-41,6%<\/td>\n<\/tr>\n<tr>\n<td>Royaume-Uni<\/td>\n<td>Stable 1er semestre<\/td>\n<td>-60%<\/td>\n<\/tr>\n<tr>\n<td>Allemagne<\/td>\n<td>Forte baisse<\/td>\n<td>Vers 20 000 unit\u00e9s\/an<\/td>\n<\/tr>\n<\/table>\n<h2>La mont\u00e9e en puissance d&rsquo;une concurrence redoutable<\/h2>\n<p>L&rsquo;offre europ\u00e9enne de v\u00e9hicules \u00e9lectriques s&rsquo;est consid\u00e9rablement enrichie ces derni\u00e8res ann\u00e9es. <strong>Les constructeurs traditionnels europ\u00e9ens<\/strong> ont combl\u00e9 leur retard technologique initial et proposent d\u00e9sormais des alternatives cr\u00e9dibles aux mod\u00e8les Tesla. Parall\u00e8lement, les marques chinoises s&rsquo;implantent durablement sur le continent avec des v\u00e9hicules souvent plus comp\u00e9titifs financi\u00e8rement.<\/p>\n<p>Cette double pression concurrentielle place Tesla dans une <em>position d\u00e9licate<\/em>. Plusieurs facteurs expliquent cette vuln\u00e9rabilit\u00e9 croissante :<\/p>\n<ul>\n<li>Les constructeurs europ\u00e9ens ma\u00eetrisent mieux les attentes locales concernant les finitions et \u00e9quipements<\/li>\n<li>Les marques chinoises offrent un rapport qualit\u00e9-prix g\u00e9n\u00e9ralement plus attractif<\/li>\n<li>L&rsquo;avance technologique initiale de Tesla s&rsquo;est largement estomp\u00e9e<\/li>\n<li>L&rsquo;image de marque se d\u00e9t\u00e9riore aupr\u00e8s d&rsquo;une fraction significative de la client\u00e8le europ\u00e9enne<\/li>\n<\/ul>\n<p>Contrairement aux \u00c9tats-Unis, o\u00f9 Tesla maintient ses positions gr\u00e2ce \u00e0 une concurrence encore limit\u00e9e, l&rsquo;Europe propose aux consommateurs un <strong>choix pl\u00e9thorique de v\u00e9hicules \u00e9lectriques<\/strong>. Dans cet environnement ultra-concurrentiel, Tesla doit imp\u00e9rativement repenser sa strat\u00e9gie commerciale.<\/p>\n<h2>Les d\u00e9fis d&rsquo;image et les perspectives d&rsquo;avenir<\/h2>\n<p>Face \u00e0 cette situation pr\u00e9occupante, Elon Musk mise tout sur l&rsquo;arriv\u00e9e de la conduite autonome supervis\u00e9e en Europe. Le dirigeant affirme que les ventes repartiront \u00e0 la hausse d\u00e8s l&rsquo;autorisation de cette technologie sur le continent. Cette approche du <em>\u00ab\u00a0tout technologique\u00a0\u00bb<\/em> interroge n\u00e9anmoins sur sa capacit\u00e9 \u00e0 r\u00e9soudre les probl\u00e8mes commerciaux imm\u00e9diats.<\/p>\n<p>La r\u00e9alit\u00e9 sugg\u00e8re que <strong>les d\u00e9fis de Tesla en Europe<\/strong> d\u00e9passent largement les questions technologiques. L&rsquo;entreprise affronte une perception de marque d\u00e9grad\u00e9e, amplifi\u00e9e par les prises de position controvers\u00e9es de son dirigeant. Plus de la moiti\u00e9 des Europ\u00e9ens expriment d\u00e9sormais une opinion n\u00e9gative sur la marque, selon plusieurs enqu\u00eates r\u00e9centes.<\/p>\n<p>Cette tendance lourde ne semble pas pr\u00e8s de s&rsquo;inverser. Tesla devra repenser en profondeur sa strat\u00e9gie de communication et son approche commerciale pour reconqu\u00e9rir le c\u0153ur des automobilistes europ\u00e9ens. Les prochains mois s&rsquo;annoncent d\u00e9cisifs pour d\u00e9terminer si le constructeur peut inverser cette spirale n\u00e9gative ou si <em>le pire reste effectivement \u00e0 venir<\/em> sur le Vieux Continent.<\/p>\n","protected":false},"excerpt":{"rendered":"<p>Les derni\u00e8res donn\u00e9es de juillet r\u00e9v\u00e8lent une situation alarmante pour le constructeur am\u00e9ricain. Tesla enregistre une chute vertigineuse de 41,6% de ses immatriculations europ\u00e9ennes, contrastant dramatiquement avec la croissance continue du march\u00e9 \u00e9lectrique continental. Cette d\u00e9gringolade interpelle d&rsquo;autant plus que le secteur des v\u00e9hicules \u00e9lectriques maintient sa dynamique positive \u00e0 travers l&rsquo;Europe. La strat\u00e9gie europ\u00e9enne [&hellip;]<\/p>\n","protected":false},"author":1,"featured_media":204,"comment_status":"open","ping_status":"open","sticky":false,"template":"","format":"standard","meta":{"_seopress_robots_primary_cat":"","_seopress_titles_title":"","_seopress_titles_desc":"","_seopress_robots_index":"","footnotes":""},"categories":[8],"tags":[],"class_list":{"0":"post-206","1":"post","2":"type-post","3":"status-publish","4":"format-standard","5":"has-post-thumbnail","7":"category-consommation"},"_links":{"self":[{"href":"https:\/\/cuberg.net\/fr\/wp-json\/wp\/v2\/posts\/206","targetHints":{"allow":["GET"]}}],"collection":[{"href":"https:\/\/cuberg.net\/fr\/wp-json\/wp\/v2\/posts"}],"about":[{"href":"https:\/\/cuberg.net\/fr\/wp-json\/wp\/v2\/types\/post"}],"author":[{"embeddable":true,"href":"https:\/\/cuberg.net\/fr\/wp-json\/wp\/v2\/users\/1"}],"replies":[{"embeddable":true,"href":"https:\/\/cuberg.net\/fr\/wp-json\/wp\/v2\/comments?post=206"}],"version-history":[{"count":1,"href":"https:\/\/cuberg.net\/fr\/wp-json\/wp\/v2\/posts\/206\/revisions"}],"predecessor-version":[{"id":986,"href":"https:\/\/cuberg.net\/fr\/wp-json\/wp\/v2\/posts\/206\/revisions\/986"}],"wp:featuredmedia":[{"embeddable":true,"href":"https:\/\/cuberg.net\/fr\/wp-json\/wp\/v2\/media\/204"}],"wp:attachment":[{"href":"https:\/\/cuberg.net\/fr\/wp-json\/wp\/v2\/media?parent=206"}],"wp:term":[{"taxonomy":"category","embeddable":true,"href":"https:\/\/cuberg.net\/fr\/wp-json\/wp\/v2\/categories?post=206"},{"taxonomy":"post_tag","embeddable":true,"href":"https:\/\/cuberg.net\/fr\/wp-json\/wp\/v2\/tags?post=206"}],"curies":[{"name":"wp","href":"https:\/\/api.w.org\/{rel}","templated":true}]}}