{"id":2177,"date":"2025-09-27T16:36:00","date_gmt":"2025-09-27T14:36:00","guid":{"rendered":"https:\/\/cuberg.net\/fr\/?p=2177"},"modified":"2025-09-27T02:47:21","modified_gmt":"2025-09-27T00:47:21","slug":"les-voitures-radars-sont-faciles-a-identifier-voici-les-elements-qui-ne-trompent-pas-pour-eviter-les-amendes","status":"publish","type":"post","link":"https:\/\/cuberg.net\/fr\/les-voitures-radars-sont-faciles-a-identifier-voici-les-elements-qui-ne-trompent-pas-pour-eviter-les-amendes\/","title":{"rendered":"Les voitures-radars sont faciles \u00e0 identifier : voici les \u00e9l\u00e9ments qui ne trompent pas pour \u00e9viter les amendes"},"content":{"rendered":"<p>Les automobilistes en France doivent d\u00e9sormais s&rsquo;adapter \u00e0 une surveillance accrue sur les routes avec l&rsquo;augmentation des voitures-radars. Ces v\u00e9hicules discrets, dot\u00e9s de technologies avanc\u00e9es, patrouillent pour d\u00e9tecter les exc\u00e8s de vitesse. Comprendre comment les identifier est crucial pour \u00e9viter les amendes et prot\u00e9ger son permis de conduire.<\/p>\n<h2>L\u2019essor des voitures-radars en France<\/h2>\n<p>La s\u00e9curit\u00e9 routi\u00e8re est une priorit\u00e9 en France, et les voitures-radars jouent un r\u00f4le cl\u00e9 dans la lutte contre les exc\u00e8s de vitesse. En 2025, leur d\u00e9ploiement s&rsquo;intensifie, notamment dans les r\u00e9gions Auvergne-Rh\u00f4ne-Alpes, Occitanie et Provence-Alpes-C\u00f4te d\u2019Azur, atteignant 550 unit\u00e9s \u00e0 travers le pays.<\/p>\n<p>Ces mesures visent \u00e0 r\u00e9duire les accidents mortels li\u00e9s \u00e0 la vitesse excessive, responsables de 272 d\u00e9c\u00e8s en 2024. \u00c9quip\u00e9es de capteurs infrarouges et de cam\u00e9ras haute performance, ces voitures peuvent flasher les conducteurs \u00e0 leur insu, rendant la vigilance indispensable.<\/p>\n<h2>Signes distinctifs des v\u00e9hicules de contr\u00f4le<\/h2>\n<p>Identifier une voiture-radar peut \u00eatre complexe, mais certains indices sont r\u00e9v\u00e9lateurs. Les mod\u00e8les courants incluent la Citro\u00ebn Berlingo, la Peugeot 308, la Ford Focus, la Volkswagen Passat et la Skoda Octavia. Un bo\u00eetier noir sur le tableau de bord, abritant le dispositif radar, est un signe \u00e0 surveiller. De plus, les plaques d&rsquo;immatriculation avec un contour en plastique r\u00e9fl\u00e9chissant \u00e0 l&rsquo;avant peuvent \u00e9galement \u00eatre un indice.<\/p>\n<h2>Strat\u00e9gies pour \u00e9viter les pi\u00e8ges routiers<\/h2>\n<p>Face \u00e0 la multiplication de ces v\u00e9hicules, la prudence est de mise. Le respect des limitations de vitesse reste la meilleure d\u00e9fense. Cependant, conna\u00eetre les astuces pour rep\u00e9rer ces voitures peut vous \u00e9viter des d\u00e9sagr\u00e9ments. Soyez attentif aux mod\u00e8les suspects, v\u00e9rifiez les tableaux de bord des v\u00e9hicules environnants et observez les plaques d&rsquo;immatriculation.<\/p>\n<p>Ces voitures-radars s&rsquo;inscrivent dans une strat\u00e9gie plus large de s\u00e9curit\u00e9 routi\u00e8re, incluant de nouveaux radars performants. La vigilance constante et le respect du code de la route sont essentiels pour pr\u00e9server votre permis et assurer la s\u00e9curit\u00e9 de tous les usagers.<\/p>\n<h2>Adaptation des comportements routiers<\/h2>\n<p>L&rsquo;omnipr\u00e9sence des voitures-radars incite \u00e0 repenser nos habitudes de conduite. Au-del\u00e0 de la crainte de l&rsquo;amende, c&rsquo;est l&rsquo;occasion de d\u00e9velopper une conduite plus responsable et apais\u00e9e. Adoptez une attitude pr\u00e9ventive en anticipant les zones \u00e0 risque et en maintenant une vitesse constante et l\u00e9gale. Cette approche vous prot\u00e8ge des sanctions, aide \u00e0 fluidifier le trafic et r\u00e9duit le stress au volant.<\/p>\n<p>En conclusion, l&rsquo;expansion des voitures-radars sur les routes fran\u00e7aises marque un tournant dans la politique de s\u00e9curit\u00e9 routi\u00e8re. Leur pr\u00e9sence, bien que contraignante, souligne l&rsquo;importance du respect des r\u00e8gles de circulation. En restant vigilants et en adaptant notre conduite, nous contribuons \u00e0 cr\u00e9er un environnement routier plus s\u00fbr pour tous.<\/p>\n","protected":false},"excerpt":{"rendered":"<p>Les automobilistes en France doivent d\u00e9sormais s&rsquo;adapter \u00e0 une surveillance accrue sur les routes avec l&rsquo;augmentation des voitures-radars. Ces v\u00e9hicules discrets, dot\u00e9s de technologies avanc\u00e9es, patrouillent pour d\u00e9tecter les exc\u00e8s de vitesse. Comprendre comment les identifier est crucial pour \u00e9viter les amendes et prot\u00e9ger son permis de conduire. L\u2019essor des voitures-radars en France La s\u00e9curit\u00e9 [&hellip;]<\/p>\n","protected":false},"author":1,"featured_media":3089,"comment_status":"open","ping_status":"open","sticky":false,"template":"","format":"standard","meta":{"_seopress_robots_primary_cat":"","_seopress_titles_title":"","_seopress_titles_desc":"","_seopress_robots_index":"","footnotes":""},"categories":[7],"tags":[],"class_list":{"0":"post-2177","1":"post","2":"type-post","3":"status-publish","4":"format-standard","5":"has-post-thumbnail","7":"category-societe"},"_links":{"self":[{"href":"https:\/\/cuberg.net\/fr\/wp-json\/wp\/v2\/posts\/2177","targetHints":{"allow":["GET"]}}],"collection":[{"href":"https:\/\/cuberg.net\/fr\/wp-json\/wp\/v2\/posts"}],"about":[{"href":"https:\/\/cuberg.net\/fr\/wp-json\/wp\/v2\/types\/post"}],"author":[{"embeddable":true,"href":"https:\/\/cuberg.net\/fr\/wp-json\/wp\/v2\/users\/1"}],"replies":[{"embeddable":true,"href":"https:\/\/cuberg.net\/fr\/wp-json\/wp\/v2\/comments?post=2177"}],"version-history":[{"count":1,"href":"https:\/\/cuberg.net\/fr\/wp-json\/wp\/v2\/posts\/2177\/revisions"}],"predecessor-version":[{"id":3088,"href":"https:\/\/cuberg.net\/fr\/wp-json\/wp\/v2\/posts\/2177\/revisions\/3088"}],"wp:featuredmedia":[{"embeddable":true,"href":"https:\/\/cuberg.net\/fr\/wp-json\/wp\/v2\/media\/3089"}],"wp:attachment":[{"href":"https:\/\/cuberg.net\/fr\/wp-json\/wp\/v2\/media?parent=2177"}],"wp:term":[{"taxonomy":"category","embeddable":true,"href":"https:\/\/cuberg.net\/fr\/wp-json\/wp\/v2\/categories?post=2177"},{"taxonomy":"post_tag","embeddable":true,"href":"https:\/\/cuberg.net\/fr\/wp-json\/wp\/v2\/tags?post=2177"}],"curies":[{"name":"wp","href":"https:\/\/api.w.org\/{rel}","templated":true}]}}