{"id":245,"date":"2025-09-22T17:49:00","date_gmt":"2025-09-22T15:49:00","guid":{"rendered":"https:\/\/cuberg.net\/fr\/?p=245"},"modified":"2025-09-18T00:26:40","modified_gmt":"2025-09-17T22:26:40","slug":"cheque-energie-2025-des-centaines-de-milliers-de-foyers-risquent-detre-exclus-de-laide","status":"publish","type":"post","link":"https:\/\/cuberg.net\/fr\/cheque-energie-2025-des-centaines-de-milliers-de-foyers-risquent-detre-exclus-de-laide\/","title":{"rendered":"Ch\u00e8que \u00e9nergie 2025 : des centaines de milliers de foyers risquent d\u2019\u00eatre exclus de l\u2019aide"},"content":{"rendered":"\n<p>Les modifications pr\u00e9vues pour le ch\u00e8que \u00e9nergie en 2025 suscitent des inqui\u00e9tudes parmi les associations de consommateurs et les acteurs sociaux. Les ajustements envisag\u00e9s pour ce dispositif d&rsquo;aide aux m\u00e9nages modestes pour le r\u00e8glement de leurs factures \u00e9nerg\u00e9tiques pourraient entra\u00eener l&rsquo;exclusion d&rsquo;un grand nombre de b\u00e9n\u00e9ficiaires potentiels. Les changements incluent une r\u00e9duction du budget allou\u00e9 et de nouveaux crit\u00e8res d&rsquo;\u00e9ligibilit\u00e9, ce qui pourrait affaiblir consid\u00e9rablement le soutien aux foyers pr\u00e9caires.<\/p>\n\n\n\n<h2 class=\"wp-block-heading\">Restriction budg\u00e9taire et crit\u00e8res d&rsquo;attribution r\u00e9vis\u00e9s<\/h2>\n\n\n\n<p>Le gouvernement a d\u00e9cid\u00e9 de r\u00e9duire de mani\u00e8re significative le montant allou\u00e9 au ch\u00e8que \u00e9nergie. Le budget pr\u00e9vu pour 2025 est de 615 millions d&rsquo;euros, contre 795 millions l&rsquo;ann\u00e9e pr\u00e9c\u00e9dente, comme rapport\u00e9 par Le Monde. Cette diminution de 180 millions laisse pr\u00e9sager une r\u00e9duction du nombre de b\u00e9n\u00e9ficiaires ou des montants accord\u00e9s.<\/p>\n\n\n\n<p>La suppression de la taxe d&rsquo;habitation en 2023 a \u00e9galement entra\u00een\u00e9 des changements dans le processus d&rsquo;attribution. Alors qu&rsquo;il \u00e9tait automatique auparavant, l&rsquo;envoi du ch\u00e8que d\u00e9pendra d\u00e9sormais d&rsquo;une analyse crois\u00e9e de diff\u00e9rentes donn\u00e9es :<\/p>\n\n\n\n<ul class=\"wp-block-list\">\n<li>Informations fiscales<\/li>\n\n\n\n<li>Donn\u00e9es des fournisseurs d&rsquo;\u00e9nergie<\/li>\n\n\n\n<li>Fichiers des gestionnaires de r\u00e9seau<\/li>\n\n\n\n<li>D\u00e9clarations individuelles des foyers<\/li>\n<\/ul>\n\n\n\n<p>Une plateforme en ligne et un formulaire papier seront accessibles entre septembre 2025 et f\u00e9vrier 2026. Ce laps de temps, jug\u00e9 trop court par les experts, risque d&rsquo;exclure les publics moins inform\u00e9s ou moins \u00e0 l&rsquo;aise avec les d\u00e9marches administratives, en particulier les personnes \u00e2g\u00e9es et les m\u00e9nages en grande pr\u00e9carit\u00e9.<\/p>\n\n\n\n<h2 class=\"wp-block-heading\">Changements dans les crit\u00e8res et impact sur les montants<\/h2>\n\n\n\n<p>Les ajustements dans le calcul du ch\u00e8que \u00e9nergie soul\u00e8vent \u00e9galement des pr\u00e9occupations majeures. D\u00e9sormais, le montant sera d\u00e9fini en fonction du foyer fiscal titulaire du contrat d&rsquo;\u00e9nergie, et non plus en fonction du nombre de personnes dans le m\u00e9nage. Cette \u00e9volution p\u00e9nalise directement les familles dont certains membres font des d\u00e9clarations fiscales s\u00e9par\u00e9es.<\/p>\n\n\n\n<p>L&rsquo;aide financi\u00e8re, variant entre 48 et 277 euros par an, n&rsquo;a pas \u00e9t\u00e9 r\u00e9\u00e9valu\u00e9e depuis 2019. Pendant cette p\u00e9riode, les tarifs de l&rsquo;\u00e9nergie ont consid\u00e9rablement augment\u00e9 :<\/p>\n\n\n\n<figure class=\"wp-block-table\"><table class=\"has-fixed-layout\"><tbody><tr><th>Type d&rsquo;\u00e9nergie<\/th><th>Augmentation depuis 2019<\/th><\/tr><tr><td>\u00c9lectricit\u00e9 (tarifs r\u00e9glement\u00e9s)<\/td><td>+40%<\/td><\/tr><tr><td>Gaz (tarifs r\u00e9glement\u00e9s)<\/td><td>+60%<\/td><\/tr><\/tbody><\/table><\/figure>\n\n\n\n<p>Cet \u00e9cart entre l&rsquo;aide accord\u00e9e et la r\u00e9alit\u00e9 des factures aggrave la situation des foyers vuln\u00e9rables. En 2024, 1,2 million de m\u00e9nages ont d\u00e9j\u00e0 fait l&rsquo;objet de mesures pour impay\u00e9s, soit une augmentation de 24%. Parmi eux, 309 000 ont subi des coupures totales et 937 000 des r\u00e9ductions de puissance limitant l&rsquo;utilisation normale des appareils \u00e9lectriques.<\/p>\n\n\n\n<h2 class=\"wp-block-heading\">Demandes de r\u00e9formes et solutions avanc\u00e9es<\/h2>\n\n\n\n<p>Face \u00e0 cette situation critique, diverses organisations telles que le m\u00e9diateur de l&rsquo;\u00e9nergie et les associations de consommateurs \u00e9mettent des demandes sp\u00e9cifiques :<\/p>\n\n\n\n<ol class=\"wp-block-list\">\n<li>Une augmentation imm\u00e9diate de 40% du montant du ch\u00e8que \u00e9nergie<\/li>\n\n\n\n<li>Une simplification drastique des d\u00e9marches pour l&rsquo;obtenir<\/li>\n\n\n\n<li>L&rsquo;automatisation compl\u00e8te du dispositif d&rsquo;ici 2026<\/li>\n\n\n\n<li>L&rsquo;extension des crit\u00e8res d&rsquo;\u00e9ligibilit\u00e9<\/li>\n<\/ol>\n\n\n\n<p>Ces acteurs proposent de mobiliser une partie du Fonds social pour le climat europ\u00e9en pour financer ces am\u00e9liorations. Ce fonds devrait apporter plus d&rsquo;un milliard d&rsquo;euros par an entre 2026 et 2032, offrant ainsi l&rsquo;opportunit\u00e9 de renforcer l&rsquo;aide aux m\u00e9nages pr\u00e9caires.<\/p>\n\n\n\n<p>Le m\u00e9diateur de l&rsquo;\u00e9nergie insiste particuli\u00e8rement sur la n\u00e9cessit\u00e9 d&rsquo;agir avant l&rsquo;hiver 2025-2026. Sans ajustements rapides, des centaines de milliers de foyers pourraient se retrouver sans solution viable pour faire face \u00e0 leurs d\u00e9penses \u00e9nerg\u00e9tiques, aggravant une pr\u00e9carit\u00e9 d\u00e9j\u00e0 pr\u00e9occupante dans un contexte o\u00f9 les tarifs continuent d&rsquo;augmenter.<\/p>\n\n\n\n<p>L&rsquo;enjeu va au-del\u00e0 du simple soutien financier : il s&rsquo;agit de garantir l&rsquo;acc\u00e8s \u00e0 un service essentiel pour les populations les plus vuln\u00e9rables, alors que la transition \u00e9nerg\u00e9tique et l&rsquo;inflation exercent une pression croissante sur le budget des m\u00e9nages fran\u00e7ais.<\/p>\n","protected":false},"excerpt":{"rendered":"<p>Les modifications pr\u00e9vues pour le ch\u00e8que \u00e9nergie en 2025 suscitent des inqui\u00e9tudes parmi les associations de consommateurs et les acteurs sociaux. Les ajustements envisag\u00e9s pour ce dispositif d&rsquo;aide aux m\u00e9nages modestes pour le r\u00e8glement de leurs factures \u00e9nerg\u00e9tiques pourraient entra\u00eener l&rsquo;exclusion d&rsquo;un grand nombre de b\u00e9n\u00e9ficiaires potentiels. Les changements incluent une r\u00e9duction du budget allou\u00e9 [&hellip;]<\/p>\n","protected":false},"author":1,"featured_media":246,"comment_status":"open","ping_status":"open","sticky":false,"template":"","format":"standard","meta":{"_seopress_robots_primary_cat":"","_seopress_titles_title":"","_seopress_titles_desc":"","_seopress_robots_index":"","footnotes":""},"categories":[8],"tags":[],"class_list":{"0":"post-245","1":"post","2":"type-post","3":"status-publish","4":"format-standard","5":"has-post-thumbnail","7":"category-consommation"},"_links":{"self":[{"href":"https:\/\/cuberg.net\/fr\/wp-json\/wp\/v2\/posts\/245","targetHints":{"allow":["GET"]}}],"collection":[{"href":"https:\/\/cuberg.net\/fr\/wp-json\/wp\/v2\/posts"}],"about":[{"href":"https:\/\/cuberg.net\/fr\/wp-json\/wp\/v2\/types\/post"}],"author":[{"embeddable":true,"href":"https:\/\/cuberg.net\/fr\/wp-json\/wp\/v2\/users\/1"}],"replies":[{"embeddable":true,"href":"https:\/\/cuberg.net\/fr\/wp-json\/wp\/v2\/comments?post=245"}],"version-history":[{"count":1,"href":"https:\/\/cuberg.net\/fr\/wp-json\/wp\/v2\/posts\/245\/revisions"}],"predecessor-version":[{"id":1295,"href":"https:\/\/cuberg.net\/fr\/wp-json\/wp\/v2\/posts\/245\/revisions\/1295"}],"wp:featuredmedia":[{"embeddable":true,"href":"https:\/\/cuberg.net\/fr\/wp-json\/wp\/v2\/media\/246"}],"wp:attachment":[{"href":"https:\/\/cuberg.net\/fr\/wp-json\/wp\/v2\/media?parent=245"}],"wp:term":[{"taxonomy":"category","embeddable":true,"href":"https:\/\/cuberg.net\/fr\/wp-json\/wp\/v2\/categories?post=245"},{"taxonomy":"post_tag","embeddable":true,"href":"https:\/\/cuberg.net\/fr\/wp-json\/wp\/v2\/tags?post=245"}],"curies":[{"name":"wp","href":"https:\/\/api.w.org\/{rel}","templated":true}]}}