{"id":2764,"date":"2025-10-08T07:33:00","date_gmt":"2025-10-08T05:33:00","guid":{"rendered":"https:\/\/cuberg.net\/fr\/?p=2764"},"modified":"2025-10-08T01:13:20","modified_gmt":"2025-10-07T23:13:20","slug":"je-suis-la-risee-de-ma-famille-car-je-touche-les-aides-sociales-mais-personne-ne-sait-que-ma-retraite-atteint-les","status":"publish","type":"post","link":"https:\/\/cuberg.net\/fr\/je-suis-la-risee-de-ma-famille-car-je-touche-les-aides-sociales-mais-personne-ne-sait-que-ma-retraite-atteint-les\/","title":{"rendered":"Je suis la ris\u00e9e de ma famille car je touche les aides sociales mais personne ne sait que ma retraite atteint les&#8230;"},"content":{"rendered":"<p>Les aides sociales sont souvent per\u00e7ues n\u00e9gativement, associ\u00e9es \u00e0 la pr\u00e9carit\u00e9 et \u00e0 la d\u00e9pendance. Cependant, cette image ne refl\u00e8te pas toujours la r\u00e9alit\u00e9, comme le montre le t\u00e9moignage d&rsquo;une retrait\u00e9e dont la situation financi\u00e8re est bien plus stable que ce que son entourage imagine. Ce r\u00e9cit met en lumi\u00e8re le d\u00e9calage entre les perceptions et la r\u00e9alit\u00e9 d&rsquo;une pension de retraite confortable.<\/p>\n<h2>Les Jugements autour des Aides Sociales<\/h2>\n<p>Les aides sociales sont fr\u00e9quemment mal interpr\u00e9t\u00e9es, vues comme un signe de faiblesse financi\u00e8re. Cette vision simpliste nourrit des pr\u00e9jug\u00e9s, notamment au sein des familles. Pourtant, ces aides ne traduisent pas n\u00e9cessairement une pr\u00e9carit\u00e9 r\u00e9elle. Elles peuvent simplement compl\u00e9ter une pension de retraite. Une retrait\u00e9e t\u00e9moigne que, malgr\u00e9 les moqueries, sa pension lui permet de vivre confortablement, bien au-del\u00e0 des suppositions de ses proches. Cela montre l&rsquo;\u00e9cart entre croyances et r\u00e9alit\u00e9s financi\u00e8res.<\/p>\n<h2>Le Poids du Regard Familial<\/h2>\n<p>Les critiques familiales concernant les allocations sociales peuvent \u00eatre lourdes \u00e0 porter. Le manque de compr\u00e9hension des proches alimente des jugements injustes. La retrait\u00e9e explique qu&rsquo;elle b\u00e9n\u00e9ficie d&rsquo;une pension confortable, bien sup\u00e9rieure aux suppositions de son entourage. Cette situation r\u00e9v\u00e8le combien les apparences peuvent \u00eatre trompeuses et combien les pr\u00e9jug\u00e9s sociaux peuvent blesser, m\u00eame au sein de la famille.<\/p>\n<h2>La Double R\u00e9alit\u00e9 Financi\u00e8re<\/h2>\n<p>Ce t\u00e9moignage r\u00e9v\u00e8le une double r\u00e9alit\u00e9 : celle visible des aides sociales et celle, moins connue, d&rsquo;une pension solide. La retrait\u00e9e pr\u00e9cise que sa pension d\u00e9passe largement les attentes de sa famille, qui croit \u00e0 tort qu&rsquo;elle vit difficilement. Cette dissonance souligne l&rsquo;importance de ne pas juger h\u00e2tivement une situation financi\u00e8re, car elle peut \u00eatre bien plus stable et rassurante qu&rsquo;il n&rsquo;y para\u00eet.<\/p>\n<h2>La Pension de Retraite M\u00e9connue<\/h2>\n<p>Contrairement aux id\u00e9es re\u00e7ues, cette retrait\u00e9e dispose d&rsquo;une pension bien sup\u00e9rieure \u00e0 la moyenne. Les aides sociales ne sont qu&rsquo;un compl\u00e9ment, et non la base de ses revenus. Cette situation d\u00e9montre que certains b\u00e9n\u00e9ficiaires vivent dans un confort insoup\u00e7onn\u00e9, malgr\u00e9 les critiques. L&rsquo;\u00e9cart entre la perception des autres et la r\u00e9alit\u00e9 est r\u00e9v\u00e9lateur de la m\u00e9connaissance des r\u00e9alit\u00e9s de la retraite.<\/p>\n<h2>Le R\u00f4le des Compl\u00e9ments Sociaux<\/h2>\n<p>En France, les aides sociales ne sont pas r\u00e9serv\u00e9es aux retrait\u00e9s en difficult\u00e9. Elles peuvent servir d&rsquo;ajustement, assurant un revenu minimum stable. La retrait\u00e9e t\u00e9moigne que ces compl\u00e9ments renforcent une pension d\u00e9j\u00e0 cons\u00e9quente. En cumulant ces revenus, elle peut mener une vie \u00e9quilibr\u00e9e, loin des clich\u00e9s de la pauvret\u00e9, tout en b\u00e9n\u00e9ficiant d&rsquo;une s\u00e9curit\u00e9 financi\u00e8re rassurante, m\u00eame si son entourage l&rsquo;ignore.<\/p>\n<h2>L\u2019Importance de Briser les Pr\u00e9jug\u00e9s<\/h2>\n<p>Ce r\u00e9cit souligne l&rsquo;importance de d\u00e9passer les jugements simplistes associ\u00e9s aux aides sociales. Derri\u00e8re ces dispositifs se cachent parfois des situations bien plus confortables qu&rsquo;on ne l&rsquo;imagine. La retrait\u00e9e affirme que sa pension lui assure une autonomie financi\u00e8re r\u00e9elle, et que les moqueries ne refl\u00e8tent pas sa v\u00e9ritable condition. Briser ces pr\u00e9jug\u00e9s est essentiel pour mieux comprendre la diversit\u00e9 des parcours et \u00e9viter les jugements h\u00e2tifs bas\u00e9s sur des apparences trompeuses.<\/p>\n<p>En conclusion, les aides sociales, souvent mal comprises, peuvent masquer une r\u00e9alit\u00e9 bien plus positive que les pr\u00e9jug\u00e9s ne le laissent penser. Ce t\u00e9moignage invite \u00e0 reconsid\u00e9rer nos perceptions et \u00e0 reconna\u00eetre la diversit\u00e9 des situations individuelles, rappelant que les apparences peuvent \u00eatre trompeuses.<\/p>\n","protected":false},"excerpt":{"rendered":"<p>Les aides sociales sont souvent per\u00e7ues n\u00e9gativement, associ\u00e9es \u00e0 la pr\u00e9carit\u00e9 et \u00e0 la d\u00e9pendance. Cependant, cette image ne refl\u00e8te pas toujours la r\u00e9alit\u00e9, comme le montre le t\u00e9moignage d&rsquo;une retrait\u00e9e dont la situation financi\u00e8re est bien plus stable que ce que son entourage imagine. Ce r\u00e9cit met en lumi\u00e8re le d\u00e9calage entre les perceptions [&hellip;]<\/p>\n","protected":false},"author":1,"featured_media":2765,"comment_status":"open","ping_status":"open","sticky":false,"template":"","format":"standard","meta":{"_seopress_robots_primary_cat":"","_seopress_titles_title":"","_seopress_titles_desc":"","_seopress_robots_index":"","footnotes":""},"categories":[7],"tags":[],"class_list":{"0":"post-2764","1":"post","2":"type-post","3":"status-publish","4":"format-standard","5":"has-post-thumbnail","7":"category-societe"},"_links":{"self":[{"href":"https:\/\/cuberg.net\/fr\/wp-json\/wp\/v2\/posts\/2764","targetHints":{"allow":["GET"]}}],"collection":[{"href":"https:\/\/cuberg.net\/fr\/wp-json\/wp\/v2\/posts"}],"about":[{"href":"https:\/\/cuberg.net\/fr\/wp-json\/wp\/v2\/types\/post"}],"author":[{"embeddable":true,"href":"https:\/\/cuberg.net\/fr\/wp-json\/wp\/v2\/users\/1"}],"replies":[{"embeddable":true,"href":"https:\/\/cuberg.net\/fr\/wp-json\/wp\/v2\/comments?post=2764"}],"version-history":[{"count":1,"href":"https:\/\/cuberg.net\/fr\/wp-json\/wp\/v2\/posts\/2764\/revisions"}],"predecessor-version":[{"id":3303,"href":"https:\/\/cuberg.net\/fr\/wp-json\/wp\/v2\/posts\/2764\/revisions\/3303"}],"wp:featuredmedia":[{"embeddable":true,"href":"https:\/\/cuberg.net\/fr\/wp-json\/wp\/v2\/media\/2765"}],"wp:attachment":[{"href":"https:\/\/cuberg.net\/fr\/wp-json\/wp\/v2\/media?parent=2764"}],"wp:term":[{"taxonomy":"category","embeddable":true,"href":"https:\/\/cuberg.net\/fr\/wp-json\/wp\/v2\/categories?post=2764"},{"taxonomy":"post_tag","embeddable":true,"href":"https:\/\/cuberg.net\/fr\/wp-json\/wp\/v2\/tags?post=2764"}],"curies":[{"name":"wp","href":"https:\/\/api.w.org\/{rel}","templated":true}]}}