{"id":2774,"date":"2025-10-10T11:40:00","date_gmt":"2025-10-10T09:40:00","guid":{"rendered":"https:\/\/cuberg.net\/fr\/?p=2774"},"modified":"2025-10-09T01:03:56","modified_gmt":"2025-10-08T23:03:56","slug":"je-suis-employe-chez-action-depuis-2-ans-voici-le-montant-de-mon-salaire-mensuel-3","status":"publish","type":"post","link":"https:\/\/cuberg.net\/fr\/je-suis-employe-chez-action-depuis-2-ans-voici-le-montant-de-mon-salaire-mensuel-3\/","title":{"rendered":"Je suis employ\u00e9 chez Action depuis 2 ans : \u00ab\u00a0voici le montant de mon salaire mensuel\u00a0\u00bb"},"content":{"rendered":"<p>Dans le choix d&rsquo;un emploi, le salaire est souvent d\u00e9terminant. De nombreux candidats s&rsquo;int\u00e9ressent \u00e0 Action, une enseigne discount en plein essor, pour ses opportunit\u00e9s professionnelles. Mais qu&rsquo;en est-il des salaires et des conditions de travail chez Action ? Un employ\u00e9 anonyme partage son exp\u00e9rience pour \u00e9clairer ces questions.<\/p>\n<h2>La Grille Salariale chez Action<\/h2>\n<p>Un employ\u00e9 d\u2019Action indique percevoir 1 747 euros bruts mensuels pour un poste \u00e0 temps plein. Cette r\u00e9mun\u00e9ration s\u2019inscrit dans une politique salariale transparente avec une grille nationale uniforme. Que ce soit en r\u00e9gion parisienne ou en province, le salaire reste identique pour un m\u00eame poste, refl\u00e9tant une approche \u00e9galitaire de l&rsquo;entreprise.<\/p>\n<p>Les salaires varient selon les responsabilit\u00e9s : les employ\u00e9s \u00e0 temps partiel gagnent entre 1 198 et 1 747 euros bruts, les chefs de rayon environ 2 141 euros, et les responsables de magasin atteignent 2 757 euros bruts par mois. Bien que ces montants soient proches du SMIC pour les postes d&rsquo;entr\u00e9e, ils sont compl\u00e9t\u00e9s par divers avantages.<\/p>\n<h2>Les Avantages Compl\u00e9mentaires<\/h2>\n<p>Au-del\u00e0 du salaire, Action offre plusieurs avantages. Les employ\u00e9s b\u00e9n\u00e9ficient d&rsquo;une remise de 15% sur leurs achats, ce qui repr\u00e9sente une \u00e9conomie appr\u00e9ciable. De plus, des primes sur objectifs permettent d\u2019augmenter la r\u00e9mun\u00e9ration de base, en r\u00e9compensant la performance individuelle et collective.<\/p>\n<p>Les employ\u00e9s re\u00e7oivent \u00e9galement des tickets restaurant et b\u00e9n\u00e9ficient d&rsquo;une mutuelle d&rsquo;entreprise, un atout majeur face aux d\u00e9penses m\u00e9dicales \u00e9lev\u00e9es. Robin Roy, directeur des op\u00e9rations pour Action France, souligne l&rsquo;importance de ces avantages pour fid\u00e9liser les \u00e9quipes et attirer de nouveaux talents.<\/p>\n<h2>Travailler chez Action : Un Environnement Dynamique<\/h2>\n<p>Le quotidien chez Action est d\u00e9crit comme dynamique et stimulant. Avec plus de 15 millions de clients hebdomadaires en France, l&rsquo;activit\u00e9 est soutenue toute l&rsquo;ann\u00e9e. L&rsquo;expansion rapide de l&rsquo;enseigne g\u00e9n\u00e8re de nombreuses opportunit\u00e9s professionnelles, avec 70 \u00e0 80 nouveaux magasins ouverts chaque ann\u00e9e en France.<\/p>\n<p>Cette croissance s&rsquo;accompagne de performances \u00e9conomiques impressionnantes. En 2023, le groupe a r\u00e9alis\u00e9 un chiffre d&rsquo;affaires mondial de 11,3 milliards d&rsquo;euros, en hausse de 30% par rapport \u00e0 l&rsquo;ann\u00e9e pr\u00e9c\u00e9dente. La France est devenue le premier march\u00e9 d&rsquo;Action, employant plus de 19 000 personnes.<\/p>\n<p>La polyvalence requise dans les magasins est \u00e0 la fois un d\u00e9fi et une source d&rsquo;enrichissement. La diversit\u00e9 des produits, allant de la d\u00e9coration aux produits d&rsquo;entretien, rend le travail vari\u00e9 et int\u00e9ressant, permettant d&rsquo;acqu\u00e9rir des comp\u00e9tences valorisables dans le secteur de la distribution.<\/p>\n<h2>Conclusion<\/h2>\n<p>Travailler chez Action offre une r\u00e9mun\u00e9ration comp\u00e9titive et des avantages qui compl\u00e8tent le salaire de base. L&rsquo;environnement dynamique et les opportunit\u00e9s de croissance professionnelle en font une option attrayante pour ceux qui cherchent \u00e0 \u00e9voluer dans le secteur de la distribution. Avec une politique salariale transparente et \u00e9quitable, Action s&rsquo;engage \u00e0 valoriser ses employ\u00e9s tout en continuant son expansion sur le march\u00e9 fran\u00e7ais.<\/p>\n","protected":false},"excerpt":{"rendered":"<p>Dans le choix d&rsquo;un emploi, le salaire est souvent d\u00e9terminant. De nombreux candidats s&rsquo;int\u00e9ressent \u00e0 Action, une enseigne discount en plein essor, pour ses opportunit\u00e9s professionnelles. Mais qu&rsquo;en est-il des salaires et des conditions de travail chez Action ? Un employ\u00e9 anonyme partage son exp\u00e9rience pour \u00e9clairer ces questions. La Grille Salariale chez Action Un [&hellip;]<\/p>\n","protected":false},"author":1,"featured_media":2775,"comment_status":"open","ping_status":"open","sticky":false,"template":"","format":"standard","meta":{"_seopress_robots_primary_cat":"","_seopress_titles_title":"","_seopress_titles_desc":"","_seopress_robots_index":"","footnotes":""},"categories":[16],"tags":[],"class_list":{"0":"post-2774","1":"post","2":"type-post","3":"status-publish","4":"format-standard","5":"has-post-thumbnail","7":"category-business"},"_links":{"self":[{"href":"https:\/\/cuberg.net\/fr\/wp-json\/wp\/v2\/posts\/2774","targetHints":{"allow":["GET"]}}],"collection":[{"href":"https:\/\/cuberg.net\/fr\/wp-json\/wp\/v2\/posts"}],"about":[{"href":"https:\/\/cuberg.net\/fr\/wp-json\/wp\/v2\/types\/post"}],"author":[{"embeddable":true,"href":"https:\/\/cuberg.net\/fr\/wp-json\/wp\/v2\/users\/1"}],"replies":[{"embeddable":true,"href":"https:\/\/cuberg.net\/fr\/wp-json\/wp\/v2\/comments?post=2774"}],"version-history":[{"count":1,"href":"https:\/\/cuberg.net\/fr\/wp-json\/wp\/v2\/posts\/2774\/revisions"}],"predecessor-version":[{"id":3329,"href":"https:\/\/cuberg.net\/fr\/wp-json\/wp\/v2\/posts\/2774\/revisions\/3329"}],"wp:featuredmedia":[{"embeddable":true,"href":"https:\/\/cuberg.net\/fr\/wp-json\/wp\/v2\/media\/2775"}],"wp:attachment":[{"href":"https:\/\/cuberg.net\/fr\/wp-json\/wp\/v2\/media?parent=2774"}],"wp:term":[{"taxonomy":"category","embeddable":true,"href":"https:\/\/cuberg.net\/fr\/wp-json\/wp\/v2\/categories?post=2774"},{"taxonomy":"post_tag","embeddable":true,"href":"https:\/\/cuberg.net\/fr\/wp-json\/wp\/v2\/tags?post=2774"}],"curies":[{"name":"wp","href":"https:\/\/api.w.org\/{rel}","templated":true}]}}