{"id":2782,"date":"2025-10-07T17:02:00","date_gmt":"2025-10-07T15:02:00","guid":{"rendered":"https:\/\/cuberg.net\/fr\/?p=2782"},"modified":"2025-10-07T02:34:00","modified_gmt":"2025-10-07T00:34:00","slug":"la-mauvaise-nouvelle-est-tombee-voici-la-somme-limite-apres-laquelle-vous-ne-pouvez-plus-acceder-a-un-logement-social-en-2025","status":"publish","type":"post","link":"https:\/\/cuberg.net\/fr\/la-mauvaise-nouvelle-est-tombee-voici-la-somme-limite-apres-laquelle-vous-ne-pouvez-plus-acceder-a-un-logement-social-en-2025\/","title":{"rendered":"La mauvaise nouvelle est tomb\u00e9e : voici la somme limite apr\u00e8s laquelle vous ne pouvez plus acc\u00e9der \u00e0 un logement social en 2025"},"content":{"rendered":"<p>La r\u00e9vision des crit\u00e8res d&rsquo;acc\u00e8s au logement social en 2025 marque un changement majeur dans le secteur immobilier en France. Entr\u00e9e en vigueur au d\u00e9but de l&rsquo;ann\u00e9e, cette r\u00e9forme ajuste les plafonds de ressources pour obtenir un logement \u00e0 loyer mod\u00e9r\u00e9, en tenant compte des variations du co\u00fbt de la vie et des disparit\u00e9s r\u00e9gionales. Les m\u00e9nages doivent d\u00e9sormais s&rsquo;adapter \u00e0 ces nouvelles exigences.<\/p>\n<h2>Ajustement des Seuils de Revenus<\/h2>\n<p>Le gouvernement a modifi\u00e9 les bar\u00e8mes d&rsquo;\u00e9ligibilit\u00e9 aux logements sociaux en se basant sur l&rsquo;indice de r\u00e9f\u00e9rence des loyers (IRL). Cette initiative vise \u00e0 assurer l&rsquo;acc\u00e8s au parc social pour les foyers modestes, avec des plafonds de ressources distincts selon la composition familiale et la localisation g\u00e9ographique.<\/p>\n<ul>\n<li>\u00c0 Paris et dans les communes proches, un c\u00e9libataire doit avoir un revenu annuel inf\u00e9rieur \u00e0 26 687 euros pour acc\u00e9der \u00e0 un logement financ\u00e9 par le Pr\u00eat Locatif \u00e0 Usage Social (PLUS).<\/li>\n<li>Dans les autres r\u00e9gions, ce seuil est fix\u00e9 \u00e0 23 201 euros.<\/li>\n<li>Pour deux personnes sans enfant \u00e0 charge ou une personne seule handicap\u00e9e, le plafond est de 39 885 euros en \u00cele-de-France, contre 30 984 euros ailleurs.<\/li>\n<\/ul>\n<p>Ces ajustements refl\u00e8tent le d\u00e9sir des autorit\u00e9s d&rsquo;adapter le dispositif aux r\u00e9alit\u00e9s \u00e9conomiques actuelles. Il est essentiel pour les demandeurs de surveiller ces seuils, car les d\u00e9passer pourrait entra\u00eener l&rsquo;annulation de leur demande.<\/p>\n<h2>Impact sur l&rsquo;Accessibilit\u00e9<\/h2>\n<p>La hausse des plafonds de ressources pourrait affecter l&rsquo;\u00e9ligibilit\u00e9 de certains m\u00e9nages, notamment ceux proches des anciens seuils. Les revenus consid\u00e9r\u00e9s pour l&rsquo;\u00e9tude des dossiers sont ceux de l&rsquo;ann\u00e9e 2023, d\u00e9clar\u00e9s en 2024, ce qui peut avantager certains m\u00e9nages dont la situation financi\u00e8re a chang\u00e9 r\u00e9cemment.<\/p>\n<p>Les autorit\u00e9s conseillent d&rsquo;utiliser le simulateur sur le site officiel service-public.fr pour \u00e9valuer l&rsquo;\u00e9ligibilit\u00e9 selon les nouveaux crit\u00e8res. Le parc de logements sociaux comprend plusieurs cat\u00e9gories, chacune avec ses propres crit\u00e8res. Par exemple, les logements PLAI (Pr\u00eat Locatif Aid\u00e9 d\u2019Int\u00e9gration) ont des plafonds de ressources plus bas.<\/p>\n<ul>\n<li>\u00c0 Paris et en \u00cele-de-France, un foyer de cat\u00e9gorie 1 souhaitant un logement PLAI ne doit pas d\u00e9passer 14 683 euros annuels.<\/li>\n<li>Dans les autres r\u00e9gions, ce seuil est de 12 759 euros.<\/li>\n<\/ul>\n<h2>Contexte Socio-\u00c9conomique<\/h2>\n<p>Cette r\u00e9vision s&rsquo;inscrit dans un contexte de changements socio-\u00e9conomiques en 2025. La revalorisation des pensions de retraite de 2,2% aide les seniors face \u00e0 l&rsquo;inflation. En revanche, des mesures comme l&rsquo;augmentation du prix des cigarettes et la restriction de l&rsquo;utilisation des tickets restaurant pour les achats alimentaires en supermarch\u00e9 peuvent affecter le pouvoir d&rsquo;achat.<\/p>\n<p>L&rsquo;indexation des plafonds de ressources sur l\u2019IRL, avec une hausse de 2,47% au 1er janvier 2025, montre la volont\u00e9 de maintenir l&rsquo;\u00e9quilibre entre l&rsquo;accessibilit\u00e9 du parc social et la pression immobili\u00e8re croissante dans certaines zones. Cette r\u00e9forme s&rsquo;efforce ainsi de garantir un logement aux plus d\u00e9munis tout en tenant compte des disparit\u00e9s \u00e9conomiques locales.<\/p>\n<p>En conclusion, la r\u00e9forme des crit\u00e8res d&rsquo;acc\u00e8s au logement social en 2025 vise \u00e0 ajuster le dispositif aux r\u00e9alit\u00e9s \u00e9conomiques actuelles, tout en pr\u00e9servant l&rsquo;\u00e9quit\u00e9 et l&rsquo;accessibilit\u00e9 pour les foyers modestes. Les m\u00e9nages doivent rester inform\u00e9s et vigilants face \u00e0 ces \u00e9volutions l\u00e9gislatives qui peuvent influencer leur quotidien et leurs droits.<\/p>\n","protected":false},"excerpt":{"rendered":"<p>La r\u00e9vision des crit\u00e8res d&rsquo;acc\u00e8s au logement social en 2025 marque un changement majeur dans le secteur immobilier en France. Entr\u00e9e en vigueur au d\u00e9but de l&rsquo;ann\u00e9e, cette r\u00e9forme ajuste les plafonds de ressources pour obtenir un logement \u00e0 loyer mod\u00e9r\u00e9, en tenant compte des variations du co\u00fbt de la vie et des disparit\u00e9s r\u00e9gionales. [&hellip;]<\/p>\n","protected":false},"author":1,"featured_media":2783,"comment_status":"open","ping_status":"open","sticky":false,"template":"","format":"standard","meta":{"_seopress_robots_primary_cat":"","_seopress_titles_title":"","_seopress_titles_desc":"","_seopress_robots_index":"","footnotes":""},"categories":[7],"tags":[],"class_list":{"0":"post-2782","1":"post","2":"type-post","3":"status-publish","4":"format-standard","5":"has-post-thumbnail","7":"category-societe"},"_links":{"self":[{"href":"https:\/\/cuberg.net\/fr\/wp-json\/wp\/v2\/posts\/2782","targetHints":{"allow":["GET"]}}],"collection":[{"href":"https:\/\/cuberg.net\/fr\/wp-json\/wp\/v2\/posts"}],"about":[{"href":"https:\/\/cuberg.net\/fr\/wp-json\/wp\/v2\/types\/post"}],"author":[{"embeddable":true,"href":"https:\/\/cuberg.net\/fr\/wp-json\/wp\/v2\/users\/1"}],"replies":[{"embeddable":true,"href":"https:\/\/cuberg.net\/fr\/wp-json\/wp\/v2\/comments?post=2782"}],"version-history":[{"count":1,"href":"https:\/\/cuberg.net\/fr\/wp-json\/wp\/v2\/posts\/2782\/revisions"}],"predecessor-version":[{"id":3301,"href":"https:\/\/cuberg.net\/fr\/wp-json\/wp\/v2\/posts\/2782\/revisions\/3301"}],"wp:featuredmedia":[{"embeddable":true,"href":"https:\/\/cuberg.net\/fr\/wp-json\/wp\/v2\/media\/2783"}],"wp:attachment":[{"href":"https:\/\/cuberg.net\/fr\/wp-json\/wp\/v2\/media?parent=2782"}],"wp:term":[{"taxonomy":"category","embeddable":true,"href":"https:\/\/cuberg.net\/fr\/wp-json\/wp\/v2\/categories?post=2782"},{"taxonomy":"post_tag","embeddable":true,"href":"https:\/\/cuberg.net\/fr\/wp-json\/wp\/v2\/tags?post=2782"}],"curies":[{"name":"wp","href":"https:\/\/api.w.org\/{rel}","templated":true}]}}