{"id":2787,"date":"2025-10-08T16:31:00","date_gmt":"2025-10-08T14:31:00","guid":{"rendered":"https:\/\/cuberg.net\/fr\/?p=2787"},"modified":"2025-10-08T01:13:20","modified_gmt":"2025-10-07T23:13:20","slug":"les-heures-creuses-changent-en-2025-voici-le-nouvel-horaire-pour-lancer-une-machine-et-faire-des-economies","status":"publish","type":"post","link":"https:\/\/cuberg.net\/fr\/les-heures-creuses-changent-en-2025-voici-le-nouvel-horaire-pour-lancer-une-machine-et-faire-des-economies\/","title":{"rendered":"Les heures creuses changent en 2025 : voici le nouvel horaire pour lancer une machine et faire des \u00e9conomies"},"content":{"rendered":"<p>En 2025, la gestion de la consommation \u00e9lectrique devient un enjeu majeur en raison de l&rsquo;augmentation des tarifs de l\u2019\u00e9lectricit\u00e9. Parmi les appareils les plus \u00e9nergivores, le lave-linge est particuli\u00e8rement important. En ajustant son utilisation aux nouvelles plages horaires avantageuses, il est possible de r\u00e9aliser des \u00e9conomies significatives sur sa facture \u00e9nerg\u00e9tique.<\/p>\n<h2>Nouvelles Plages Horaires pour les Heures Creuses en 2025<\/h2>\n<p>La Commission de R\u00e9gulation de l\u2019\u00c9nergie (CRE) a red\u00e9fini les plages horaires des heures creuses pour mieux s&rsquo;adapter aux habitudes des consommateurs fran\u00e7ais. D\u00e9sormais, 60% des clients EDF b\u00e9n\u00e9ficient de 8 heures creuses entre 20h et 8h, tandis que les 40% restants profitent de deux cr\u00e9neaux : 12h-17h et 20h-8h. Cette r\u00e9partition permet une plus grande flexibilit\u00e9 pour organiser les t\u00e2ches m\u00e9nag\u00e8res de mani\u00e8re \u00e9conomique.<\/p>\n<p>Le tarif en heures creuses est de 0,2068 \u20ac\/kWh, compar\u00e9 \u00e0 0,27 \u20ac\/kWh en heures pleines. Cette diff\u00e9rence encourage \u00e0 revoir nos habitudes de consommation, surtout que ces horaires sont \u00e9galement applicables le week-end. L&rsquo;introduction des heures creuses en journ\u00e9e pourrait ainsi modifier nos routines quotidiennes.<\/p>\n<h2>Strat\u00e9gies pour \u00c9conomiser avec votre Lave-linge<\/h2>\n<p>Pour optimiser les \u00e9conomies, voici quelques recommandations pour l\u2019utilisation de votre lave-linge :<\/p>\n<ul>\n<li><strong>Lancez votre cycle vers 20h30<\/strong> pour profiter du cr\u00e9neau nocturne.<\/li>\n<li><strong>Programmez un d\u00e9part diff\u00e9r\u00e9<\/strong> \u00e0 2h du matin pour \u00e9viter les nuisances sonores.<\/li>\n<li><strong>D\u00e9marrez \u00e0 6h<\/strong> pour avoir du linge frais au r\u00e9veil.<\/li>\n<\/ul>\n<p>Il est essentiel de s&rsquo;assurer que le cycle de lavage se termine pendant les heures avantageuses. Les machines modernes permettent souvent de programmer facilement les cycles. Investir dans un mod\u00e8le de classe \u00e9nerg\u00e9tique A+++ peut r\u00e9duire la consommation d&rsquo;\u00e9nergie de 50% par rapport aux appareils standards.<\/p>\n<h2>Optimiser la Consommation Globale<\/h2>\n<p>Outre le lave-linge, d&rsquo;autres appareils comme le lave-vaisselle, le s\u00e8che-linge et le chauffe-eau \u00e9lectrique peuvent \u00eatre optimis\u00e9s pour les heures creuses. Voici quelques strat\u00e9gies suppl\u00e9mentaires :<\/p>\n<ul>\n<li><strong>Utilisez les programmes \u00e9co<\/strong> de vos appareils. Bien que plus longs, ils consomment moins d&rsquo;eau et d&rsquo;\u00e9lectricit\u00e9.<\/li>\n<li><strong>Optez pour des charges pleines<\/strong> pour maximiser l&rsquo;efficacit\u00e9 de chaque cycle.<\/li>\n<li><strong>Entretenez r\u00e9guli\u00e8rement vos \u00e9quipements<\/strong> pour garantir une consommation moindre et une dur\u00e9e de vie prolong\u00e9e.<\/li>\n<\/ul>\n<h2>Pr\u00e9parez-vous aux Changements de 2025<\/h2>\n<p>La refonte du syst\u00e8me des heures creuses en 2025 apportera des modifications importantes. Pour rester inform\u00e9 et adapter votre consommation, consultez r\u00e9guli\u00e8rement votre espace client EDF ou l\u2019application \u00ab EDF et Moi \u00bb. V\u00e9rifiez votre num\u00e9ro PDL (Point De Livraison) sur votre compteur Linky et analysez vos factures d\u2019\u00e9lectricit\u00e9 pour rep\u00e9rer les changements tarifaires.<\/p>\n<p>Si vous n\u2019avez pas activ\u00e9 l\u2019option heures creuses, contactez votre fournisseur d\u2019\u00e9lectricit\u00e9. Avec un compteur Linky, le changement peut se faire \u00e0 distance, sans intervention d\u2019un technicien. Cette d\u00e9marche simple peut vous faire \u00e9conomiser jusqu\u2019\u00e0 10% sur votre facture annuelle, particuli\u00e8rement avantageuse pour les logements de plus de 80 m\u00b2 chauff\u00e9s \u00e0 l\u2019\u00e9lectricit\u00e9.<\/p>\n<p>En adoptant ces nouvelles habitudes et en restant vigilant sur les \u00e9volutions tarifaires, vous optimiserez significativement votre consommation \u00e9lectrique. Non seulement vous r\u00e9duirez vos d\u00e9penses, mais vous contribuerez \u00e9galement \u00e0 une utilisation plus responsable de l\u2019\u00e9nergie, un enjeu essentiel pour les ann\u00e9es \u00e0 venir. La gestion intelligente de l\u2019\u00e9lectricit\u00e9 devient un acte citoyen, alliant \u00e9conomies personnelles et b\u00e9n\u00e9fices collectifs.<\/p>\n","protected":false},"excerpt":{"rendered":"<p>En 2025, la gestion de la consommation \u00e9lectrique devient un enjeu majeur en raison de l&rsquo;augmentation des tarifs de l\u2019\u00e9lectricit\u00e9. Parmi les appareils les plus \u00e9nergivores, le lave-linge est particuli\u00e8rement important. En ajustant son utilisation aux nouvelles plages horaires avantageuses, il est possible de r\u00e9aliser des \u00e9conomies significatives sur sa facture \u00e9nerg\u00e9tique. Nouvelles Plages Horaires [&hellip;]<\/p>\n","protected":false},"author":1,"featured_media":2788,"comment_status":"open","ping_status":"open","sticky":false,"template":"","format":"standard","meta":{"_seopress_robots_primary_cat":"","_seopress_titles_title":"","_seopress_titles_desc":"","_seopress_robots_index":"","footnotes":""},"categories":[16],"tags":[],"class_list":{"0":"post-2787","1":"post","2":"type-post","3":"status-publish","4":"format-standard","5":"has-post-thumbnail","7":"category-business"},"_links":{"self":[{"href":"https:\/\/cuberg.net\/fr\/wp-json\/wp\/v2\/posts\/2787","targetHints":{"allow":["GET"]}}],"collection":[{"href":"https:\/\/cuberg.net\/fr\/wp-json\/wp\/v2\/posts"}],"about":[{"href":"https:\/\/cuberg.net\/fr\/wp-json\/wp\/v2\/types\/post"}],"author":[{"embeddable":true,"href":"https:\/\/cuberg.net\/fr\/wp-json\/wp\/v2\/users\/1"}],"replies":[{"embeddable":true,"href":"https:\/\/cuberg.net\/fr\/wp-json\/wp\/v2\/comments?post=2787"}],"version-history":[{"count":1,"href":"https:\/\/cuberg.net\/fr\/wp-json\/wp\/v2\/posts\/2787\/revisions"}],"predecessor-version":[{"id":3310,"href":"https:\/\/cuberg.net\/fr\/wp-json\/wp\/v2\/posts\/2787\/revisions\/3310"}],"wp:featuredmedia":[{"embeddable":true,"href":"https:\/\/cuberg.net\/fr\/wp-json\/wp\/v2\/media\/2788"}],"wp:attachment":[{"href":"https:\/\/cuberg.net\/fr\/wp-json\/wp\/v2\/media?parent=2787"}],"wp:term":[{"taxonomy":"category","embeddable":true,"href":"https:\/\/cuberg.net\/fr\/wp-json\/wp\/v2\/categories?post=2787"},{"taxonomy":"post_tag","embeddable":true,"href":"https:\/\/cuberg.net\/fr\/wp-json\/wp\/v2\/tags?post=2787"}],"curies":[{"name":"wp","href":"https:\/\/api.w.org\/{rel}","templated":true}]}}