{"id":2811,"date":"2025-10-12T16:33:00","date_gmt":"2025-10-12T14:33:00","guid":{"rendered":"https:\/\/cuberg.net\/fr\/?p=2811"},"modified":"2025-10-10T23:53:26","modified_gmt":"2025-10-10T21:53:26","slug":"ce-nest-pas-75-ans-le-code-de-la-route-a-enfin-tranche-voici-lage-maximal-pour-conduire","status":"publish","type":"post","link":"https:\/\/cuberg.net\/fr\/ce-nest-pas-75-ans-le-code-de-la-route-a-enfin-tranche-voici-lage-maximal-pour-conduire\/","title":{"rendered":"Ce n\u2019est pas 75 ans : Le code de la route a enfin tranch\u00e9, voici l\u2019\u00e2ge maximal pour conduire"},"content":{"rendered":"<p>La question de l&rsquo;\u00e2ge limite pour conduire reste un sujet de d\u00e9bat en France et en Europe. En France, la l\u00e9gislation se distingue par son approche unique, ne fixant aucune limite d&rsquo;\u00e2ge sup\u00e9rieure pour les conducteurs. Cette position repose sur l&rsquo;\u00e9valuation des capacit\u00e9s individuelles plut\u00f4t que sur un crit\u00e8re d&rsquo;\u00e2ge arbitraire.<\/p>\n<h2>La Position Fran\u00e7aise sur l&rsquo;\u00c2ge au Volant<\/h2>\n<p>En 2025, la France continue de permettre aux conducteurs seniors de conserver leur permis \u00e0 vie, tout en introduisant une responsabilit\u00e9 accrue. Les pr\u00e9fets et m\u00e9decins peuvent signaler les conducteurs inaptes, ce qui d\u00e9clenche une expertise m\u00e9dicale obligatoire. Cette approche individualis\u00e9e suscite des avis partag\u00e9s au sein de la population.<\/p>\n<h2>Statistiques et S\u00e9curit\u00e9 Routi\u00e8re<\/h2>\n<p>Les donn\u00e9es de 2024 indiquent que les conducteurs de plus de 75 ans ont un risque d&rsquo;accident plus \u00e9lev\u00e9 par kilom\u00e8tre parcouru, bien qu&rsquo;ils conduisent moins que d&rsquo;autres groupes d&rsquo;\u00e2ge. En revanche, les jeunes conducteurs sont impliqu\u00e9s dans un pourcentage significatif d&rsquo;accidents mortels. L&rsquo;exp\u00e9rience des seniors semble r\u00e9duire les infractions telles que la vitesse excessive ou la conduite sous influence.<\/p>\n<p>Le Professeur Gu\u00e9rin, sp\u00e9cialiste en g\u00e9riatrie, souligne que le vieillissement affecte chacun diff\u00e9remment, rendant complexe la fixation d&rsquo;un seuil d&rsquo;\u00e2ge critique pour la conduite.<\/p>\n<h2>\u00c9valuations et Technologies Adapt\u00e9es<\/h2>\n<p>La France mise sur des stages d&rsquo;\u00e9valuation volontaires pour les conducteurs seniors, combinant tests de r\u00e9flexes, simulations de situations \u00e0 risque et mise \u00e0 jour des connaissances du code de la route. Ces initiatives ont d\u00e9j\u00e0 s\u00e9duit de nombreux participants et contribu\u00e9 \u00e0 r\u00e9duire les infractions.<\/p>\n<p>Les innovations technologiques dans l&rsquo;industrie automobile, comme les aides au stationnement, les d\u00e9tecteurs de somnolence et les syst\u00e8mes de freinage automatique, aident \u00e0 compenser certaines limitations li\u00e9es \u00e0 l&rsquo;\u00e2ge. Les v\u00e9hicules connect\u00e9s deviennent des alli\u00e9s pr\u00e9cieux pour prolonger l&rsquo;autonomie des conducteurs \u00e2g\u00e9s.<\/p>\n<p>Des alternatives \u00e0 la conduite individuelle, telles que le covoiturage interg\u00e9n\u00e9rationnel et les transports \u00e0 la demande, se d\u00e9veloppent pour maintenir la mobilit\u00e9 des seniors sans les maintenir au volant.<\/p>\n<h2>Enjeux Soci\u00e9taux et Futur de la Mobilit\u00e9 Senior<\/h2>\n<p>Le d\u00e9bat fran\u00e7ais sur l&rsquo;\u00e2ge et la conduite refl\u00e8te une tension entre s\u00e9curit\u00e9 et libert\u00e9. En 2025, le code de la route maintient sa philosophie de vigilance sur les capacit\u00e9s individuelles sans imposer de limite d&rsquo;\u00e2ge. Cependant, des discussions europ\u00e9ennes pourraient influencer cette position.<\/p>\n<p>L&rsquo;avenir de la conduite sans limite d&rsquo;\u00e2ge en France d\u00e9pendra de l&rsquo;\u00e9quilibre entre innovations technologiques, avanc\u00e9es m\u00e9dicales et consid\u00e9rations soci\u00e9tales. Il s&rsquo;agit de redessiner un \u00e9cosyst\u00e8me de mobilit\u00e9 r\u00e9pondant aux besoins sp\u00e9cifiques d&rsquo;une population vieillissante, tout en pr\u00e9servant sa libert\u00e9 de mouvement.<\/p>\n<p>En conclusion, la France privil\u00e9gie une approche personnalis\u00e9e de la conduite des seniors, mettant l&rsquo;accent sur l&rsquo;\u00e9valuation des capacit\u00e9s individuelles et l&rsquo;adaptation technologique. Cette strat\u00e9gie vise \u00e0 garantir la s\u00e9curit\u00e9 tout en respectant l&rsquo;autonomie des personnes \u00e2g\u00e9es, dans un contexte o\u00f9 la mobilit\u00e9 reste un enjeu crucial.<\/p>\n","protected":false},"excerpt":{"rendered":"<p>La question de l&rsquo;\u00e2ge limite pour conduire reste un sujet de d\u00e9bat en France et en Europe. En France, la l\u00e9gislation se distingue par son approche unique, ne fixant aucune limite d&rsquo;\u00e2ge sup\u00e9rieure pour les conducteurs. Cette position repose sur l&rsquo;\u00e9valuation des capacit\u00e9s individuelles plut\u00f4t que sur un crit\u00e8re d&rsquo;\u00e2ge arbitraire. La Position Fran\u00e7aise sur [&hellip;]<\/p>\n","protected":false},"author":1,"featured_media":2812,"comment_status":"open","ping_status":"open","sticky":false,"template":"","format":"standard","meta":{"_seopress_robots_primary_cat":"","_seopress_titles_title":"","_seopress_titles_desc":"","_seopress_robots_index":"","footnotes":""},"categories":[7],"tags":[],"class_list":{"0":"post-2811","1":"post","2":"type-post","3":"status-publish","4":"format-standard","5":"has-post-thumbnail","7":"category-societe"},"_links":{"self":[{"href":"https:\/\/cuberg.net\/fr\/wp-json\/wp\/v2\/posts\/2811","targetHints":{"allow":["GET"]}}],"collection":[{"href":"https:\/\/cuberg.net\/fr\/wp-json\/wp\/v2\/posts"}],"about":[{"href":"https:\/\/cuberg.net\/fr\/wp-json\/wp\/v2\/types\/post"}],"author":[{"embeddable":true,"href":"https:\/\/cuberg.net\/fr\/wp-json\/wp\/v2\/users\/1"}],"replies":[{"embeddable":true,"href":"https:\/\/cuberg.net\/fr\/wp-json\/wp\/v2\/comments?post=2811"}],"version-history":[{"count":1,"href":"https:\/\/cuberg.net\/fr\/wp-json\/wp\/v2\/posts\/2811\/revisions"}],"predecessor-version":[{"id":3350,"href":"https:\/\/cuberg.net\/fr\/wp-json\/wp\/v2\/posts\/2811\/revisions\/3350"}],"wp:featuredmedia":[{"embeddable":true,"href":"https:\/\/cuberg.net\/fr\/wp-json\/wp\/v2\/media\/2812"}],"wp:attachment":[{"href":"https:\/\/cuberg.net\/fr\/wp-json\/wp\/v2\/media?parent=2811"}],"wp:term":[{"taxonomy":"category","embeddable":true,"href":"https:\/\/cuberg.net\/fr\/wp-json\/wp\/v2\/categories?post=2811"},{"taxonomy":"post_tag","embeddable":true,"href":"https:\/\/cuberg.net\/fr\/wp-json\/wp\/v2\/tags?post=2811"}],"curies":[{"name":"wp","href":"https:\/\/api.w.org\/{rel}","templated":true}]}}