{"id":2813,"date":"2025-10-06T16:38:00","date_gmt":"2025-10-06T14:38:00","guid":{"rendered":"https:\/\/cuberg.net\/fr\/?p=2813"},"modified":"2025-10-01T23:17:38","modified_gmt":"2025-10-01T21:17:38","slug":"jai-eleve-mon-fils-avec-leducation-positive-et-je-deconseille-vivement-a-tous-les-parents-de-faire-la-meme-erreur-que-moi","status":"publish","type":"post","link":"https:\/\/cuberg.net\/fr\/jai-eleve-mon-fils-avec-leducation-positive-et-je-deconseille-vivement-a-tous-les-parents-de-faire-la-meme-erreur-que-moi\/","title":{"rendered":"\u00ab\u00a0J\u2019ai \u00e9lev\u00e9 mon fils avec l\u2019\u00e9ducation positive et je d\u00e9conseille vivement \u00e0 tous les parents de faire la m\u00eame erreur que moi\u00a0\u00bb"},"content":{"rendered":"<p>L&rsquo;\u00e9ducation positive, autrefois salu\u00e9e comme une m\u00e9thode innovante pour am\u00e9liorer les relations familiales, suscite aujourd&rsquo;hui des interrogations. Bien qu&rsquo;elle promette l&rsquo;\u00e9panouissement des enfants, certains parents, comme Joris, remettent en question son efficacit\u00e9 apr\u00e8s l&rsquo;avoir exp\u00e9riment\u00e9e. Ce p\u00e8re, qui a suivi cette approche, d\u00e9conseille d\u00e9sormais son application stricte.<\/p>\n<h2>Les Promesses de l&rsquo;\u00c9ducation Positive<\/h2>\n<p>Con\u00e7ue comme une alternative aux m\u00e9thodes autoritaires, l&rsquo;\u00e9ducation positive valorise l&rsquo;\u00e9coute et le dialogue tout en rejetant les punitions. Elle promet une parentalit\u00e9 sans cris ni conflits. Convaincu par ces id\u00e9es, Joris a adopt\u00e9 cette m\u00e9thode avant la naissance de son fils, esp\u00e9rant qu&rsquo;elle garantirait une \u00e9ducation r\u00e9ussie. Cependant, apr\u00e8s quatre ans, le bilan est d\u00e9cevant. \u00ab La th\u00e9orie semblait parfaite sur le papier, mais s&rsquo;est heurt\u00e9e \u00e0 une r\u00e9alit\u00e9 bien diff\u00e9rente \u00bb, explique-t-il. Malgr\u00e9 leurs efforts pour instaurer des habitudes apaisantes, le stress persiste et les r\u00e9sultats escompt\u00e9s ne sont pas au rendez-vous.<\/p>\n<h2>Quand la Th\u00e9orie Rencontre la R\u00e9alit\u00e9<\/h2>\n<p>Joris a rapidement remarqu\u00e9 un d\u00e9calage entre les recommandations th\u00e9oriques et leur mise en pratique. Les techniques sugg\u00e9r\u00e9es, comme transformer un refus en jeu ou remplacer une punition par une discussion, se sont souvent r\u00e9v\u00e9l\u00e9es inefficaces face aux crises de son fils. Cela a engendr\u00e9 une culpabilit\u00e9 persistante et des doutes sur leurs comp\u00e9tences parentales. Le probl\u00e8me semble davantage li\u00e9 \u00e0 la m\u00e9thode elle-m\u00eame qu&rsquo;\u00e0 leur application. L&rsquo;absence de limites claires et de cons\u00e9quences concr\u00e8tes a contribu\u00e9 \u00e0 des comportements probl\u00e9matiques chez leur enfant.<\/p>\n<h2>Les Effets Inattendus sur l&rsquo;Enfant<\/h2>\n<p>Apr\u00e8s quatre ans, Joris observe que son fils pr\u00e9sente des difficult\u00e9s comportementales importantes. Contrairement aux promesses de l&rsquo;\u00e9ducation bienveillante, l&rsquo;enfant est devenu \u00ab difficile \u00bb, rendant complexe sa garde par d&rsquo;autres adultes. Une routine matinale structur\u00e9e aide, mais ne r\u00e9sout pas les probl\u00e8mes fondamentaux. La frustration et l&rsquo;inqui\u00e9tude grandissent, cr\u00e9ant une impasse \u00e9ducative. L&rsquo;absence de sanctions face aux comportements inappropri\u00e9s semble avoir contribu\u00e9 \u00e0 ces difficult\u00e9s, l&rsquo;enfant n&rsquo;ayant pas int\u00e9gr\u00e9 certaines r\u00e8gles essentielles de vie en soci\u00e9t\u00e9.<\/p>\n<h2>Vers un \u00c9quilibre entre Bienveillance et Structure<\/h2>\n<p>L&rsquo;exp\u00e9rience de Joris invite \u00e0 repenser l&rsquo;application stricte de l&rsquo;\u00e9ducation positive. Bien que le respect et l&rsquo;\u00e9coute soient pr\u00e9cieux, ils doivent \u00eatre compl\u00e9t\u00e9s par des limites claires et des cons\u00e9quences adapt\u00e9es. Chaque enfant \u00e9tant unique, les approches \u00e9ducatives devraient \u00eatre personnalis\u00e9es plut\u00f4t qu&rsquo;appliqu\u00e9es uniform\u00e9ment. La parentalit\u00e9 efficace semble r\u00e9sider dans un \u00e9quilibre subtil entre compr\u00e9hension et fermet\u00e9, entre dialogue et autorit\u00e9 bienveillante. Le t\u00e9moignage de Joris nous rappelle l&rsquo;importance d&rsquo;adapter nos m\u00e9thodes \u00e9ducatives aux besoins sp\u00e9cifiques de nos enfants, en privil\u00e9giant une approche authentique et coh\u00e9rente.<\/p>\n<p>En conclusion, la qu\u00eate d&rsquo;une parentalit\u00e9 \u00e9panouissante passe moins par l&rsquo;adh\u00e9sion stricte \u00e0 un courant \u00e9ducatif que par notre capacit\u00e9 \u00e0 ajuster nos pratiques en fonction de la r\u00e9alit\u00e9 de chaque famille. Cela n\u00e9cessite une r\u00e9flexion continue et une adaptation aux besoins \u00e9volutifs de nos enfants. L&rsquo;exp\u00e9rience de Joris souligne l&rsquo;importance de trouver un juste milieu entre bienveillance et structure pour favoriser un d\u00e9veloppement harmonieux et \u00e9quilibr\u00e9.<\/p>\n","protected":false},"excerpt":{"rendered":"<p>L&rsquo;\u00e9ducation positive, autrefois salu\u00e9e comme une m\u00e9thode innovante pour am\u00e9liorer les relations familiales, suscite aujourd&rsquo;hui des interrogations. Bien qu&rsquo;elle promette l&rsquo;\u00e9panouissement des enfants, certains parents, comme Joris, remettent en question son efficacit\u00e9 apr\u00e8s l&rsquo;avoir exp\u00e9riment\u00e9e. Ce p\u00e8re, qui a suivi cette approche, d\u00e9conseille d\u00e9sormais son application stricte. Les Promesses de l&rsquo;\u00c9ducation Positive Con\u00e7ue comme une [&hellip;]<\/p>\n","protected":false},"author":1,"featured_media":2814,"comment_status":"open","ping_status":"open","sticky":false,"template":"","format":"standard","meta":{"_seopress_robots_primary_cat":"","_seopress_titles_title":"","_seopress_titles_desc":"","_seopress_robots_index":"","footnotes":""},"categories":[7],"tags":[],"class_list":{"0":"post-2813","1":"post","2":"type-post","3":"status-publish","4":"format-standard","5":"has-post-thumbnail","7":"category-societe"},"_links":{"self":[{"href":"https:\/\/cuberg.net\/fr\/wp-json\/wp\/v2\/posts\/2813","targetHints":{"allow":["GET"]}}],"collection":[{"href":"https:\/\/cuberg.net\/fr\/wp-json\/wp\/v2\/posts"}],"about":[{"href":"https:\/\/cuberg.net\/fr\/wp-json\/wp\/v2\/types\/post"}],"author":[{"embeddable":true,"href":"https:\/\/cuberg.net\/fr\/wp-json\/wp\/v2\/users\/1"}],"replies":[{"embeddable":true,"href":"https:\/\/cuberg.net\/fr\/wp-json\/wp\/v2\/comments?post=2813"}],"version-history":[{"count":1,"href":"https:\/\/cuberg.net\/fr\/wp-json\/wp\/v2\/posts\/2813\/revisions"}],"predecessor-version":[{"id":3288,"href":"https:\/\/cuberg.net\/fr\/wp-json\/wp\/v2\/posts\/2813\/revisions\/3288"}],"wp:featuredmedia":[{"embeddable":true,"href":"https:\/\/cuberg.net\/fr\/wp-json\/wp\/v2\/media\/2814"}],"wp:attachment":[{"href":"https:\/\/cuberg.net\/fr\/wp-json\/wp\/v2\/media?parent=2813"}],"wp:term":[{"taxonomy":"category","embeddable":true,"href":"https:\/\/cuberg.net\/fr\/wp-json\/wp\/v2\/categories?post=2813"},{"taxonomy":"post_tag","embeddable":true,"href":"https:\/\/cuberg.net\/fr\/wp-json\/wp\/v2\/tags?post=2813"}],"curies":[{"name":"wp","href":"https:\/\/api.w.org\/{rel}","templated":true}]}}