{"id":2821,"date":"2025-09-30T17:56:00","date_gmt":"2025-09-30T15:56:00","guid":{"rendered":"https:\/\/cuberg.net\/fr\/?p=2821"},"modified":"2025-09-29T00:37:16","modified_gmt":"2025-09-28T22:37:16","slug":"en-2025-les-pensions-de-retraite-seront-plafonnees-voici-le-montant-qui-ne-pourra-pas-etre-depasse","status":"publish","type":"post","link":"https:\/\/cuberg.net\/fr\/en-2025-les-pensions-de-retraite-seront-plafonnees-voici-le-montant-qui-ne-pourra-pas-etre-depasse\/","title":{"rendered":"En 2025, les pensions de retraite seront plafonn\u00e9es, voici le montant qui ne pourra pas \u00eatre d\u00e9pass\u00e9"},"content":{"rendered":"<p>En 2025, le syst\u00e8me de retraite fran\u00e7ais \u00e9voluera significativement avec l&rsquo;instauration d&rsquo;un plafonnement des pensions de base. Cette r\u00e9forme, visant principalement les hauts revenus, est li\u00e9e au Plafond Annuel de la S\u00e9curit\u00e9 Sociale (PASS). Explorons les implications de cette mesure et les strat\u00e9gies pour assurer un niveau de vie confortable \u00e0 la retraite.<\/p>\n<h2>Le Plafonnement des Retraites : Chiffres et M\u00e9canismes<\/h2>\n<p>D\u00e8s 2025, la pension de base sera limit\u00e9e \u00e0 1 962,50 euros brut par mois, avec un PASS fix\u00e9 \u00e0 47 100 euros annuels. Cette hausse de 1,6% par rapport \u00e0 l&rsquo;ann\u00e9e pr\u00e9c\u00e9dente ne compense pas l&rsquo;inflation. Ce plafonnement concerne uniquement la retraite de base vers\u00e9e par la CNAV ou les CARSAT, tandis que les retraites compl\u00e9mentaires restent inchang\u00e9es, impactant ainsi globalement les pensions.<\/p>\n<p>La retraite moyenne en 2025 devrait atteindre environ 1 626 euros brut mensuel, soit 1 512 euros net. Cependant, des disparit\u00e9s existent entre les cat\u00e9gories socioprofessionnelles. Les hauts revenus, en particulier, verront leur pension de base nettement inf\u00e9rieure \u00e0 leur salaire ant\u00e9rieur, incitant \u00e0 diversifier les sources de revenus pour la retraite.<\/p>\n<h2>Disparit\u00e9s entre Secteurs Public et Priv\u00e9<\/h2>\n<p>En 2025, des diff\u00e9rences persistent entre le secteur public et priv\u00e9. Les fonctionnaires calculent leur pension sur les six derniers mois d&rsquo;activit\u00e9, contrairement aux salari\u00e9s du priv\u00e9 qui se basent sur les 25 meilleures ann\u00e9es. Cette distinction peut entra\u00eener des \u00e9carts de pension, notamment pour les cadres sup\u00e9rieurs du priv\u00e9, accentu\u00e9s par le nouveau plafonnement.<\/p>\n<p>Avec environ 900 000 d\u00e9parts \u00e0 la retraite pr\u00e9vus entre 2024 et 2025, cette question est cruciale. Les revalorisations du PASS ne suivent pas toujours l&rsquo;inflation, ce qui pourrait r\u00e9duire le pouvoir d&rsquo;achat des nouveaux retrait\u00e9s. Cela incite les actifs \u00e0 explorer des strat\u00e9gies pour optimiser leur retraite au-del\u00e0 des m\u00e9canismes obligatoires.<\/p>\n<h2>Strat\u00e9gies pour Optimiser sa Retraite<\/h2>\n<p>Face \u00e0 ces contraintes, plusieurs strat\u00e9gies peuvent am\u00e9liorer la situation financi\u00e8re future. La retraite compl\u00e9mentaire Agirc-Arrco est un premier levier, ajoutant en moyenne 514 euros mensuels pour les salari\u00e9s du priv\u00e9 ayant cotis\u00e9 pleinement. Les majorations familiales offrent une bonification de 10% pour ceux ayant \u00e9lev\u00e9 trois enfants ou plus.<\/p>\n<p>Repousser l&rsquo;\u00e2ge de d\u00e9part \u00e0 la retraite de 64 \u00e0 67 ans peut augmenter la pension de base de 5 \u00e0 10%. Chaque ann\u00e9e suppl\u00e9mentaire travaill\u00e9e bonifie les droits et att\u00e9nue l&rsquo;impact du plafonnement. Diversifier les sources de revenus est crucial : \u00e9pargne-retraite, investissements immobiliers ou maintien d&rsquo;une activit\u00e9 partielle apr\u00e8s l&rsquo;\u00e2ge l\u00e9gal. Le Plan d\u2019\u00c9pargne Retraite (PER) offre des avantages fiscaux int\u00e9ressants pour compl\u00e9ter la pension.<\/p>\n<p>En conclusion, anticiper est essentiel pour une retraite sereine dans ce nouveau contexte. Effectuer r\u00e9guli\u00e8rement des simulations de droits permettra d&rsquo;ajuster la strat\u00e9gie et de prendre des d\u00e9cisions \u00e9clair\u00e9es pour pr\u00e9server le niveau de vie apr\u00e8s la vie active.<\/p>\n","protected":false},"excerpt":{"rendered":"<p>En 2025, le syst\u00e8me de retraite fran\u00e7ais \u00e9voluera significativement avec l&rsquo;instauration d&rsquo;un plafonnement des pensions de base. Cette r\u00e9forme, visant principalement les hauts revenus, est li\u00e9e au Plafond Annuel de la S\u00e9curit\u00e9 Sociale (PASS). Explorons les implications de cette mesure et les strat\u00e9gies pour assurer un niveau de vie confortable \u00e0 la retraite. Le Plafonnement [&hellip;]<\/p>\n","protected":false},"author":1,"featured_media":3075,"comment_status":"open","ping_status":"open","sticky":false,"template":"","format":"standard","meta":{"_seopress_robots_primary_cat":"","_seopress_titles_title":"","_seopress_titles_desc":"","_seopress_robots_index":"","footnotes":""},"categories":[7],"tags":[],"class_list":{"0":"post-2821","1":"post","2":"type-post","3":"status-publish","4":"format-standard","5":"has-post-thumbnail","7":"category-societe"},"_links":{"self":[{"href":"https:\/\/cuberg.net\/fr\/wp-json\/wp\/v2\/posts\/2821","targetHints":{"allow":["GET"]}}],"collection":[{"href":"https:\/\/cuberg.net\/fr\/wp-json\/wp\/v2\/posts"}],"about":[{"href":"https:\/\/cuberg.net\/fr\/wp-json\/wp\/v2\/types\/post"}],"author":[{"embeddable":true,"href":"https:\/\/cuberg.net\/fr\/wp-json\/wp\/v2\/users\/1"}],"replies":[{"embeddable":true,"href":"https:\/\/cuberg.net\/fr\/wp-json\/wp\/v2\/comments?post=2821"}],"version-history":[{"count":1,"href":"https:\/\/cuberg.net\/fr\/wp-json\/wp\/v2\/posts\/2821\/revisions"}],"predecessor-version":[{"id":3074,"href":"https:\/\/cuberg.net\/fr\/wp-json\/wp\/v2\/posts\/2821\/revisions\/3074"}],"wp:featuredmedia":[{"embeddable":true,"href":"https:\/\/cuberg.net\/fr\/wp-json\/wp\/v2\/media\/3075"}],"wp:attachment":[{"href":"https:\/\/cuberg.net\/fr\/wp-json\/wp\/v2\/media?parent=2821"}],"wp:term":[{"taxonomy":"category","embeddable":true,"href":"https:\/\/cuberg.net\/fr\/wp-json\/wp\/v2\/categories?post=2821"},{"taxonomy":"post_tag","embeddable":true,"href":"https:\/\/cuberg.net\/fr\/wp-json\/wp\/v2\/tags?post=2821"}],"curies":[{"name":"wp","href":"https:\/\/api.w.org\/{rel}","templated":true}]}}