{"id":2849,"date":"2025-10-08T09:32:00","date_gmt":"2025-10-08T07:32:00","guid":{"rendered":"https:\/\/cuberg.net\/fr\/?p=2849"},"modified":"2025-10-08T01:13:20","modified_gmt":"2025-10-07T23:13:20","slug":"crise-dans-les-pharmacies-a-partir-de-2026-vous-paierez-plus-pour-vos-medicaments-et-consultations-medicales-la-sante-a-un-cout","status":"publish","type":"post","link":"https:\/\/cuberg.net\/fr\/crise-dans-les-pharmacies-a-partir-de-2026-vous-paierez-plus-pour-vos-medicaments-et-consultations-medicales-la-sante-a-un-cout\/","title":{"rendered":"Crise dans les pharmacies : \u00e0 partir de 2026, vous paierez plus pour vos m\u00e9dicaments et consultations m\u00e9dicales, la sant\u00e9 a un co\u00fbt"},"content":{"rendered":"<p>En 2026, les Fran\u00e7ais pourraient voir leur budget sant\u00e9 consid\u00e9rablement affect\u00e9 par une nouvelle mesure gouvernementale. Le plan consiste \u00e0 doubler les franchises m\u00e9dicales, ce qui augmenterait le co\u00fbt des m\u00e9dicaments et des consultations. Bien que l&rsquo;objectif soit de ma\u00eetriser les d\u00e9penses de l&rsquo;Assurance maladie, cette d\u00e9cision pourrait \u00e9galement alourdir le fardeau financier des m\u00e9nages.<\/p>\n<h2>Changements Pr\u00e9vus pour 2026<\/h2>\n<p>Le ministre de la Sant\u00e9, Yannick Neuder, a annonc\u00e9 que la franchise sur les m\u00e9dicaments rembours\u00e9s passera de 1 \u20ac \u00e0 2 \u20ac, tandis que celle sur les consultations m\u00e9dicales augmentera de 2 \u20ac \u00e0 4 \u20ac. Les plafonds annuels, actuellement fix\u00e9s \u00e0 50 \u20ac, seront doubl\u00e9s pour atteindre 100 \u20ac pour la pharmacie et les actes param\u00e9dicaux, ainsi que pour les consultations m\u00e9dicales.<\/p>\n<h2>Objectifs et Cons\u00e9quences<\/h2>\n<p>Le gouvernement vise \u00e0 \u00e9conomiser environ 2 milliards d\u2019euros gr\u00e2ce \u00e0 ces mesures. L&rsquo;id\u00e9e est de rendre le co\u00fbt des soins plus apparent pour les patients, en les obligeant \u00e0 payer directement \u00e0 la pharmacie. Jusqu&rsquo;\u00e0 pr\u00e9sent, ces co\u00fbts \u00e9taient souvent masqu\u00e9s par la d\u00e9duction automatique des montants rembours\u00e9s, ce qui pourrait changer le rapport des patients \u00e0 leurs d\u00e9penses de sant\u00e9.<\/p>\n<h2>Impact sur le Budget des M\u00e9nages<\/h2>\n<p>Pour de nombreux Fran\u00e7ais, ces augmentations pourraient \u00eatre per\u00e7ues comme un imp\u00f4t sur la maladie. Les personnes n\u00e9cessitant des consultations fr\u00e9quentes ou des traitements chroniques verront probablement leurs d\u00e9penses augmenter de mani\u00e8re significative. Les associations de patients ont d\u00e9j\u00e0 exprim\u00e9 leurs pr\u00e9occupations, soulignant que ces mesures rendent le reste \u00e0 charge plus tangible et imm\u00e9diat.<\/p>\n<h2>Anticipation et Pr\u00e9paration<\/h2>\n<p>Pour faire face \u00e0 ces changements, il est conseill\u00e9 aux m\u00e9nages de commencer \u00e0 anticiper leurs d\u00e9penses de sant\u00e9. Il est judicieux de v\u00e9rifier ses droits en mati\u00e8re d\u2019aides, de compl\u00e9mentaires et d\u2019exon\u00e9rations pour att\u00e9nuer l&rsquo;impact financier. Se pr\u00e9parer \u00e0 l&rsquo;augmentation des co\u00fbts des soins est crucial pour mieux g\u00e9rer son budget sant\u00e9 \u00e0 court terme.<\/p>\n<p>En conclusion, le doublement des franchises m\u00e9dicales pr\u00e9vu pour 2026 pourrait avoir des r\u00e9percussions significatives sur les finances des m\u00e9nages fran\u00e7ais. Bien que ces mesures soient destin\u00e9es \u00e0 r\u00e9duire les d\u00e9penses de l\u2019Assurance maladie, elles soul\u00e8vent des pr\u00e9occupations quant \u00e0 l\u2019accessibilit\u00e9 financi\u00e8re des soins. Les patients et les familles devront s&rsquo;adapter \u00e0 ces nouvelles conditions pour mieux g\u00e9rer leur budget sant\u00e9.<\/p>\n","protected":false},"excerpt":{"rendered":"<p>En 2026, les Fran\u00e7ais pourraient voir leur budget sant\u00e9 consid\u00e9rablement affect\u00e9 par une nouvelle mesure gouvernementale. Le plan consiste \u00e0 doubler les franchises m\u00e9dicales, ce qui augmenterait le co\u00fbt des m\u00e9dicaments et des consultations. Bien que l&rsquo;objectif soit de ma\u00eetriser les d\u00e9penses de l&rsquo;Assurance maladie, cette d\u00e9cision pourrait \u00e9galement alourdir le fardeau financier des m\u00e9nages. [&hellip;]<\/p>\n","protected":false},"author":1,"featured_media":2850,"comment_status":"open","ping_status":"open","sticky":false,"template":"","format":"standard","meta":{"_seopress_robots_primary_cat":"","_seopress_titles_title":"","_seopress_titles_desc":"","_seopress_robots_index":"","footnotes":""},"categories":[9],"tags":[],"class_list":{"0":"post-2849","1":"post","2":"type-post","3":"status-publish","4":"format-standard","5":"has-post-thumbnail","7":"category-bien-etre"},"_links":{"self":[{"href":"https:\/\/cuberg.net\/fr\/wp-json\/wp\/v2\/posts\/2849","targetHints":{"allow":["GET"]}}],"collection":[{"href":"https:\/\/cuberg.net\/fr\/wp-json\/wp\/v2\/posts"}],"about":[{"href":"https:\/\/cuberg.net\/fr\/wp-json\/wp\/v2\/types\/post"}],"author":[{"embeddable":true,"href":"https:\/\/cuberg.net\/fr\/wp-json\/wp\/v2\/users\/1"}],"replies":[{"embeddable":true,"href":"https:\/\/cuberg.net\/fr\/wp-json\/wp\/v2\/comments?post=2849"}],"version-history":[{"count":1,"href":"https:\/\/cuberg.net\/fr\/wp-json\/wp\/v2\/posts\/2849\/revisions"}],"predecessor-version":[{"id":3305,"href":"https:\/\/cuberg.net\/fr\/wp-json\/wp\/v2\/posts\/2849\/revisions\/3305"}],"wp:featuredmedia":[{"embeddable":true,"href":"https:\/\/cuberg.net\/fr\/wp-json\/wp\/v2\/media\/2850"}],"wp:attachment":[{"href":"https:\/\/cuberg.net\/fr\/wp-json\/wp\/v2\/media?parent=2849"}],"wp:term":[{"taxonomy":"category","embeddable":true,"href":"https:\/\/cuberg.net\/fr\/wp-json\/wp\/v2\/categories?post=2849"},{"taxonomy":"post_tag","embeddable":true,"href":"https:\/\/cuberg.net\/fr\/wp-json\/wp\/v2\/tags?post=2849"}],"curies":[{"name":"wp","href":"https:\/\/api.w.org\/{rel}","templated":true}]}}