{"id":2887,"date":"2025-10-05T09:32:00","date_gmt":"2025-10-05T07:32:00","guid":{"rendered":"https:\/\/cuberg.net\/fr\/?p=2887"},"modified":"2025-10-01T23:17:30","modified_gmt":"2025-10-01T21:17:30","slug":"canicule-extreme-cette-ville-de-france-va-enregistrer-la-temperature-la-plus-elevee-ce-mardi","status":"publish","type":"post","link":"https:\/\/cuberg.net\/fr\/canicule-extreme-cette-ville-de-france-va-enregistrer-la-temperature-la-plus-elevee-ce-mardi\/","title":{"rendered":"Canicule extr\u00eame : cette ville de France va enregistrer la temp\u00e9rature la plus \u00e9lev\u00e9e ce mardi"},"content":{"rendered":"<p>La France conna\u00eet actuellement une vague de chaleur intense, avec 16 d\u00e9partements plac\u00e9s en vigilance rouge. Les temp\u00e9ratures d\u00e9passent r\u00e9guli\u00e8rement les 40\u00b0C, suscitant des pr\u00e9occupations quant aux risques d&rsquo;incendies.<\/p>\n<h2>Des temp\u00e9ratures extr\u00eames<\/h2>\n<p>Les d\u00e9partements allant de la Charente-Maritime \u00e0 l\u2019Aude subissent des temp\u00e9ratures maximales \u00e9lev\u00e9es, atteignant localement jusqu&rsquo;\u00e0 42\u00b0C. Ce ph\u00e9nom\u00e8ne, d\u00e9but\u00e9 vendredi, continue de s&rsquo;intensifier. Bien que des niveaux records soient possibles, le record national de 46\u00b0C ne devrait pas \u00eatre atteint. Les villes de l\u2019H\u00e9rault, des Pyr\u00e9n\u00e9es-Orientales et du Gard ont d\u00e9j\u00e0 enregistr\u00e9 des temp\u00e9ratures sup\u00e9rieures \u00e0 40\u00b0C.<\/p>\n<h2>Progression vers le nord<\/h2>\n<p>La chaleur se d\u00e9place vers le nord, avec des temp\u00e9ratures d\u00e9passant 30\u00b0C dans toute la France, atteignant jusqu&rsquo;\u00e0 38\u00b0C dans le Centre-Val de Loire et 34\u00b0C en \u00cele-de-France. Actuellement, 41 d\u00e9partements sont en vigilance orange et 13 en vigilance jaune, principalement du nord-est \u00e0 la Normandie. Cette situation est aggrav\u00e9e par un risque \u00e9lev\u00e9 d&rsquo;incendies dans 20 d\u00e9partements, notamment dans l\u2019ouest et le sud du pays.<\/p>\n<h2>Risque d&rsquo;incendies<\/h2>\n<p>Les incendies repr\u00e9sentent une menace s\u00e9rieuse, surtout dans l\u2019Aude, o\u00f9 un feu a d\u00e9j\u00e0 ravag\u00e9 16.000 hectares. Les pompiers doivent affronter des vents secs et chauds, avec des temp\u00e9ratures entre 40 et 42\u00b0C, compliquant leurs interventions.<\/p>\n<h2>Recommandations sanitaires<\/h2>\n<p>Sant\u00e9 publique France souligne l&rsquo;importance de s&rsquo;hydrater r\u00e9guli\u00e8rement, en \u00e9vitant l&rsquo;alcool et le caf\u00e9 qui favorisent la d\u00e9shydratation. Il est conseill\u00e9 de limiter ou reporter les activit\u00e9s physiques, surtout pendant les heures les plus chaudes.<\/p>\n<h2>Conclusion<\/h2>\n<p>Face \u00e0 cette vague de chaleur intense, la prudence est essentielle. Les autorit\u00e9s mettent en avant des mesures de pr\u00e9vention pour prot\u00e9ger la population, tandis que les services d&rsquo;urgence restent en alerte pour g\u00e9rer les risques d&rsquo;incendies. Suivre les recommandations sanitaires est crucial pour minimiser les impacts sur la sant\u00e9, et adopter des comportements responsables est n\u00e9cessaire pour r\u00e9duire les risques d&rsquo;incendies.<\/p>\n","protected":false},"excerpt":{"rendered":"<p>La France conna\u00eet actuellement une vague de chaleur intense, avec 16 d\u00e9partements plac\u00e9s en vigilance rouge. Les temp\u00e9ratures d\u00e9passent r\u00e9guli\u00e8rement les 40\u00b0C, suscitant des pr\u00e9occupations quant aux risques d&rsquo;incendies. Des temp\u00e9ratures extr\u00eames Les d\u00e9partements allant de la Charente-Maritime \u00e0 l\u2019Aude subissent des temp\u00e9ratures maximales \u00e9lev\u00e9es, atteignant localement jusqu&rsquo;\u00e0 42\u00b0C. Ce ph\u00e9nom\u00e8ne, d\u00e9but\u00e9 vendredi, continue de [&hellip;]<\/p>\n","protected":false},"author":1,"featured_media":2888,"comment_status":"open","ping_status":"open","sticky":false,"template":"","format":"standard","meta":{"_seopress_robots_primary_cat":"","_seopress_titles_title":"","_seopress_titles_desc":"","_seopress_robots_index":"","footnotes":""},"categories":[7],"tags":[],"class_list":{"0":"post-2887","1":"post","2":"type-post","3":"status-publish","4":"format-standard","5":"has-post-thumbnail","7":"category-societe"},"_links":{"self":[{"href":"https:\/\/cuberg.net\/fr\/wp-json\/wp\/v2\/posts\/2887","targetHints":{"allow":["GET"]}}],"collection":[{"href":"https:\/\/cuberg.net\/fr\/wp-json\/wp\/v2\/posts"}],"about":[{"href":"https:\/\/cuberg.net\/fr\/wp-json\/wp\/v2\/types\/post"}],"author":[{"embeddable":true,"href":"https:\/\/cuberg.net\/fr\/wp-json\/wp\/v2\/users\/1"}],"replies":[{"embeddable":true,"href":"https:\/\/cuberg.net\/fr\/wp-json\/wp\/v2\/comments?post=2887"}],"version-history":[{"count":1,"href":"https:\/\/cuberg.net\/fr\/wp-json\/wp\/v2\/posts\/2887\/revisions"}],"predecessor-version":[{"id":3273,"href":"https:\/\/cuberg.net\/fr\/wp-json\/wp\/v2\/posts\/2887\/revisions\/3273"}],"wp:featuredmedia":[{"embeddable":true,"href":"https:\/\/cuberg.net\/fr\/wp-json\/wp\/v2\/media\/2888"}],"wp:attachment":[{"href":"https:\/\/cuberg.net\/fr\/wp-json\/wp\/v2\/media?parent=2887"}],"wp:term":[{"taxonomy":"category","embeddable":true,"href":"https:\/\/cuberg.net\/fr\/wp-json\/wp\/v2\/categories?post=2887"},{"taxonomy":"post_tag","embeddable":true,"href":"https:\/\/cuberg.net\/fr\/wp-json\/wp\/v2\/tags?post=2887"}],"curies":[{"name":"wp","href":"https:\/\/api.w.org\/{rel}","templated":true}]}}