{"id":2909,"date":"2025-10-05T16:39:00","date_gmt":"2025-10-05T14:39:00","guid":{"rendered":"https:\/\/cuberg.net\/fr\/?p=2909"},"modified":"2025-10-01T23:17:30","modified_gmt":"2025-10-01T21:17:30","slug":"jai-touche-un-salaire-de-1500-e-net-mensuel-toute-ma-vie-quel-sera-le-montant-de-ma-pension-de-retraite","status":"publish","type":"post","link":"https:\/\/cuberg.net\/fr\/jai-touche-un-salaire-de-1500-e-net-mensuel-toute-ma-vie-quel-sera-le-montant-de-ma-pension-de-retraite\/","title":{"rendered":"J&rsquo;ai touch\u00e9 un salaire de 1500 \u20ac net mensuel toute ma vie : quel sera le montant de ma pension de retraite ?"},"content":{"rendered":"<p>En France, le syst\u00e8me de retraite est un sujet complexe et en constante \u00e9volution. La r\u00e9forme de septembre 2023 a introduit des changements significatifs, tels que l&rsquo;augmentation de l&rsquo;\u00e2ge l\u00e9gal de d\u00e9part \u00e0 la retraite \u00e0 64 ans et l&rsquo;accroissement du nombre de trimestres requis pour b\u00e9n\u00e9ficier d&rsquo;une pension compl\u00e8te. Pour un salari\u00e9 gagnant 1 500 euros nets par mois, il est crucial de comprendre l&rsquo;impact de ces modifications sur le calcul de sa pension future.<\/p>\n<h2>Comprendre le Calcul de la Retraite<\/h2>\n<p>Le calcul de la pension de retraite repose sur plusieurs \u00e9l\u00e9ments essentiels : le salaire annuel moyen des 25 meilleures ann\u00e9es, le nombre de trimestres cotis\u00e9s, et le taux de retraite. Le salaire annuel moyen est index\u00e9 sur le co\u00fbt de la vie, et le taux de retraite est g\u00e9n\u00e9ralement de 50 %. Cependant, ce taux peut diminuer si le nombre de trimestres requis n\u2019est pas atteint.<\/p>\n<h2>Estimation de la Retraite de Base<\/h2>\n<p>Pour un salari\u00e9 percevant 1 500 euros nets par mois, la retraite de base se calcule en multipliant le salaire annuel moyen par le taux de retraite et par la dur\u00e9e d&rsquo;assurance, puis en divisant par la dur\u00e9e de r\u00e9f\u00e9rence. Par exemple, un salari\u00e9 ayant cotis\u00e9 les 167 trimestres requis (pour ceux n\u00e9s en 1973) pourrait esp\u00e9rer une retraite de base d\u2019environ 973 euros nets par mois.<\/p>\n<h2>La Retraite Compl\u00e9mentaire<\/h2>\n<p>En plus de la retraite de base, les salari\u00e9s du secteur priv\u00e9 b\u00e9n\u00e9ficient d&rsquo;une retraite compl\u00e9mentaire obligatoire, g\u00e9r\u00e9e par l&rsquo;Agirc-Arrco. Ce syst\u00e8me fonctionne sur un m\u00e9canisme de points. Les cotisations vers\u00e9es tout au long de la carri\u00e8re sont converties en points, et la valeur de ces points d\u00e9termine le montant de la pension compl\u00e9mentaire.<\/p>\n<p>Pour un salari\u00e9 avec un salaire annuel moyen ajust\u00e9 \u00e0 1 946 euros et ayant cotis\u00e9 le nombre de trimestres n\u00e9cessaires, environ 2 590 points peuvent \u00eatre accumul\u00e9s. La pension compl\u00e9mentaire est alors calcul\u00e9e en multipliant le nombre de points par la valeur d&rsquo;un point Agirc-Arrco, soit 2 590 \u00d7 1,3498, ce qui \u00e9quivaut \u00e0 environ 291,33 euros par mois.<\/p>\n<h2>Montant Total de la Retraite<\/h2>\n<p>En combinant la retraite de base et la retraite compl\u00e9mentaire, un salari\u00e9 percevant 1 500 euros nets par mois peut anticiper une pension totale d&rsquo;environ 1 264,33 euros nets par mois. Ce montant peut varier selon la situation personnelle de chaque salari\u00e9, et il est conseill\u00e9 de consulter un conseiller pour obtenir des estimations pr\u00e9cises et adapt\u00e9es.<\/p>\n<h2>Conclusion<\/h2>\n<p>Avec les r\u00e9formes r\u00e9centes, il est crucial pour les salari\u00e9s de se tenir inform\u00e9s des \u00e9volutions du syst\u00e8me de retraite afin d&rsquo;optimiser leur future pension. Comprendre les m\u00e9canismes de calcul et les facteurs influen\u00e7ant le montant de la retraite permet de mieux planifier sa fin de carri\u00e8re. Pour des conseils personnalis\u00e9s, il est recommand\u00e9 de consulter des experts ou des organismes sp\u00e9cialis\u00e9s.<\/p>\n","protected":false},"excerpt":{"rendered":"<p>En France, le syst\u00e8me de retraite est un sujet complexe et en constante \u00e9volution. La r\u00e9forme de septembre 2023 a introduit des changements significatifs, tels que l&rsquo;augmentation de l&rsquo;\u00e2ge l\u00e9gal de d\u00e9part \u00e0 la retraite \u00e0 64 ans et l&rsquo;accroissement du nombre de trimestres requis pour b\u00e9n\u00e9ficier d&rsquo;une pension compl\u00e8te. Pour un salari\u00e9 gagnant 1 [&hellip;]<\/p>\n","protected":false},"author":1,"featured_media":2910,"comment_status":"open","ping_status":"open","sticky":false,"template":"","format":"standard","meta":{"_seopress_robots_primary_cat":"","_seopress_titles_title":"","_seopress_titles_desc":"","_seopress_robots_index":"","footnotes":""},"categories":[16],"tags":[],"class_list":{"0":"post-2909","1":"post","2":"type-post","3":"status-publish","4":"format-standard","5":"has-post-thumbnail","7":"category-business"},"_links":{"self":[{"href":"https:\/\/cuberg.net\/fr\/wp-json\/wp\/v2\/posts\/2909","targetHints":{"allow":["GET"]}}],"collection":[{"href":"https:\/\/cuberg.net\/fr\/wp-json\/wp\/v2\/posts"}],"about":[{"href":"https:\/\/cuberg.net\/fr\/wp-json\/wp\/v2\/types\/post"}],"author":[{"embeddable":true,"href":"https:\/\/cuberg.net\/fr\/wp-json\/wp\/v2\/users\/1"}],"replies":[{"embeddable":true,"href":"https:\/\/cuberg.net\/fr\/wp-json\/wp\/v2\/comments?post=2909"}],"version-history":[{"count":1,"href":"https:\/\/cuberg.net\/fr\/wp-json\/wp\/v2\/posts\/2909\/revisions"}],"predecessor-version":[{"id":3278,"href":"https:\/\/cuberg.net\/fr\/wp-json\/wp\/v2\/posts\/2909\/revisions\/3278"}],"wp:featuredmedia":[{"embeddable":true,"href":"https:\/\/cuberg.net\/fr\/wp-json\/wp\/v2\/media\/2910"}],"wp:attachment":[{"href":"https:\/\/cuberg.net\/fr\/wp-json\/wp\/v2\/media?parent=2909"}],"wp:term":[{"taxonomy":"category","embeddable":true,"href":"https:\/\/cuberg.net\/fr\/wp-json\/wp\/v2\/categories?post=2909"},{"taxonomy":"post_tag","embeddable":true,"href":"https:\/\/cuberg.net\/fr\/wp-json\/wp\/v2\/tags?post=2909"}],"curies":[{"name":"wp","href":"https:\/\/api.w.org\/{rel}","templated":true}]}}