{"id":2915,"date":"2025-10-09T07:38:00","date_gmt":"2025-10-09T05:38:00","guid":{"rendered":"https:\/\/cuberg.net\/fr\/?p=2915"},"modified":"2025-10-09T01:03:48","modified_gmt":"2025-10-08T23:03:48","slug":"retraite-agirc-arrco-2025-ces-nouveaux-prelevements-sociaux-font-grincer-des-dents-les-retraites-furieux","status":"publish","type":"post","link":"https:\/\/cuberg.net\/fr\/retraite-agirc-arrco-2025-ces-nouveaux-prelevements-sociaux-font-grincer-des-dents-les-retraites-furieux\/","title":{"rendered":"Retraite Agirc-Arrco 2025 : ces nouveaux pr\u00e9l\u00e8vements sociaux font grincer des dents, les retrait\u00e9s furieux"},"content":{"rendered":"<p>Les r\u00e9centes modifications fiscales concernant les retraites compl\u00e9mentaires Agirc-Arrco ont suscit\u00e9 de nombreuses interrogations parmi les retrait\u00e9s du secteur priv\u00e9. En 2025, de nouvelles modalit\u00e9s de pr\u00e9l\u00e8vements sociaux ont \u00e9t\u00e9 introduites, affectant directement le montant net des pensions.<\/p>\n<h2>Les Nouveaux Pr\u00e9l\u00e8vements Sociaux Agirc-Arrco<\/h2>\n<p>Depuis mars 2025, les contributions sociales sur les pensions Agirc-Arrco ont \u00e9volu\u00e9. Bas\u00e9es sur les d\u00e9clarations fiscales de 2024, elles prennent en compte le revenu fiscal de r\u00e9f\u00e9rence et le quotient familial de chaque retrait\u00e9. Les deux premiers mois de l&rsquo;ann\u00e9e ont conserv\u00e9 l&rsquo;ancien syst\u00e8me, mais une r\u00e9gularisation r\u00e9troactive a \u00e9t\u00e9 mise en place en mars.<\/p>\n<p>La Contribution Sociale G\u00e9n\u00e9ralis\u00e9e (CSG) et la Contribution au Remboursement de la Dette Sociale (CRDS) sont les principaux pr\u00e9l\u00e8vements, r\u00e9partis selon quatre paliers bas\u00e9s sur les revenus des foyers fiscaux. Les seuils ont \u00e9t\u00e9 ajust\u00e9s, n\u00e9cessitant une attention particuli\u00e8re des b\u00e9n\u00e9ficiaires.<\/p>\n<p>La revalorisation limit\u00e9e \u00e0 0,8% des retraites en 2025 ne compense pas toujours l&rsquo;augmentation des pr\u00e9l\u00e8vements sociaux, cr\u00e9ant un effet ciseau sur le pouvoir d&rsquo;achat des retrait\u00e9s. Il est donc crucial de comprendre ces m\u00e9canismes.<\/p>\n<h2>Quatre Taux Applicables Selon Votre Situation Fiscale<\/h2>\n<p>Le syst\u00e8me distingue d\u00e9sormais quatre niveaux de pr\u00e9l\u00e8vement :<\/p>\n<ul>\n<li><strong>Taux z\u00e9ro :<\/strong> pour les foyers sous le premier seuil.<\/li>\n<li><strong>Taux r\u00e9duit de 3,8% :<\/strong> pour les revenus modestes.<\/li>\n<li><strong>Taux m\u00e9dian de 6,6% :<\/strong> pour les revenus interm\u00e9diaires.<\/li>\n<li><strong>Taux normal de 8,3% :<\/strong> pour les revenus sup\u00e9rieurs.<\/li>\n<\/ul>\n<p>Chaque retrait\u00e9 re\u00e7oit une notification personnalis\u00e9e de son taux, calcul\u00e9 d\u2019apr\u00e8s les donn\u00e9es fiscales. Toute erreur ou changement de situation personnelle peut affecter ce pourcentage, rendant l&rsquo;examen de l&rsquo;avis d&rsquo;imposition essentiel pour anticiper les ajustements.<\/p>\n<p>Les \u00e9carts entre ces taux peuvent entra\u00eener des variations importantes sur le montant net per\u00e7u. Un passage de 6,6% \u00e0 8,3% par exemple, diminue la pension mensuelle de 1,7%, sans compter la r\u00e9gularisation r\u00e9troactive.<\/p>\n<h2>Gestion Budg\u00e9taire Face aux Ajustements de Mars 2025<\/h2>\n<p>La r\u00e9gularisation de mars provoque des variations notables dans les versements. Les retrait\u00e9s confront\u00e9s \u00e0 une hausse de CSG voient leur pension nette diminuer, tandis que ceux b\u00e9n\u00e9ficiant d&rsquo;une baisse de taux re\u00e7oivent un compl\u00e9ment.<\/p>\n<p>Pour att\u00e9nuer ces d\u00e9s\u00e9quilibres budg\u00e9taires, plusieurs approches sont possibles. Consulter r\u00e9guli\u00e8rement son espace personnel Agirc-Arrco et utiliser les simulateurs en ligne aide \u00e0 estimer le nouveau montant net. R\u00e9viser le budget pr\u00e9visionnel annuel est \u00e9galement judicieux pour int\u00e9grer ces variations dans les d\u00e9penses fixes.<\/p>\n<p>Les caisses de retraite ont renforc\u00e9 leurs dispositifs d&rsquo;accompagnement avec des webinaires explicatifs et des guides pratiques. Cette d\u00e9marche p\u00e9dagogique vise \u00e0 transformer une source d&rsquo;anxi\u00e9t\u00e9 en un param\u00e8tre ma\u00eetris\u00e9 de la gestion financi\u00e8re personnelle.<\/p>\n<p>Face \u00e0 la complexit\u00e9 de ces m\u00e9canismes, l&rsquo;anticipation demeure la meilleure strat\u00e9gie. Une veille active sur les r\u00e8gles fiscales et sociales permet d&rsquo;adapter son budget et de limiter les surprises d\u00e9sagr\u00e9ables lors de la r\u00e9ception des relev\u00e9s bancaires. Une pr\u00e9paration m\u00e9thodique est cl\u00e9 pour naviguer sereinement dans ces \u00e9volutions qui touchent directement le quotidien de millions de retrait\u00e9s fran\u00e7ais.<\/p>\n<p>En conclusion, les changements fiscaux de 2025 sur les retraites compl\u00e9mentaires n\u00e9cessitent une attention accrue et une gestion proactive. S\u2019informer et ajuster son budget sont essentiels pour maintenir un \u00e9quilibre financier malgr\u00e9 les nouvelles contraintes. Ces adaptations, bien que complexes, sont indispensables pour garantir une gestion sereine des finances personnelles \u00e0 la retraite.<\/p>\n","protected":false},"excerpt":{"rendered":"<p>Les r\u00e9centes modifications fiscales concernant les retraites compl\u00e9mentaires Agirc-Arrco ont suscit\u00e9 de nombreuses interrogations parmi les retrait\u00e9s du secteur priv\u00e9. En 2025, de nouvelles modalit\u00e9s de pr\u00e9l\u00e8vements sociaux ont \u00e9t\u00e9 introduites, affectant directement le montant net des pensions. Les Nouveaux Pr\u00e9l\u00e8vements Sociaux Agirc-Arrco Depuis mars 2025, les contributions sociales sur les pensions Agirc-Arrco ont \u00e9volu\u00e9. [&hellip;]<\/p>\n","protected":false},"author":1,"featured_media":2916,"comment_status":"open","ping_status":"open","sticky":false,"template":"","format":"standard","meta":{"_seopress_robots_primary_cat":"","_seopress_titles_title":"","_seopress_titles_desc":"","_seopress_robots_index":"","footnotes":""},"categories":[7],"tags":[],"class_list":{"0":"post-2915","1":"post","2":"type-post","3":"status-publish","4":"format-standard","5":"has-post-thumbnail","7":"category-societe"},"_links":{"self":[{"href":"https:\/\/cuberg.net\/fr\/wp-json\/wp\/v2\/posts\/2915","targetHints":{"allow":["GET"]}}],"collection":[{"href":"https:\/\/cuberg.net\/fr\/wp-json\/wp\/v2\/posts"}],"about":[{"href":"https:\/\/cuberg.net\/fr\/wp-json\/wp\/v2\/types\/post"}],"author":[{"embeddable":true,"href":"https:\/\/cuberg.net\/fr\/wp-json\/wp\/v2\/users\/1"}],"replies":[{"embeddable":true,"href":"https:\/\/cuberg.net\/fr\/wp-json\/wp\/v2\/comments?post=2915"}],"version-history":[{"count":1,"href":"https:\/\/cuberg.net\/fr\/wp-json\/wp\/v2\/posts\/2915\/revisions"}],"predecessor-version":[{"id":3314,"href":"https:\/\/cuberg.net\/fr\/wp-json\/wp\/v2\/posts\/2915\/revisions\/3314"}],"wp:featuredmedia":[{"embeddable":true,"href":"https:\/\/cuberg.net\/fr\/wp-json\/wp\/v2\/media\/2916"}],"wp:attachment":[{"href":"https:\/\/cuberg.net\/fr\/wp-json\/wp\/v2\/media?parent=2915"}],"wp:term":[{"taxonomy":"category","embeddable":true,"href":"https:\/\/cuberg.net\/fr\/wp-json\/wp\/v2\/categories?post=2915"},{"taxonomy":"post_tag","embeddable":true,"href":"https:\/\/cuberg.net\/fr\/wp-json\/wp\/v2\/tags?post=2915"}],"curies":[{"name":"wp","href":"https:\/\/api.w.org\/{rel}","templated":true}]}}