{"id":2939,"date":"2025-09-30T11:06:00","date_gmt":"2025-09-30T09:06:00","guid":{"rendered":"https:\/\/cuberg.net\/fr\/?p=2939"},"modified":"2025-09-29T00:37:16","modified_gmt":"2025-09-28T22:37:16","slug":"permis-de-conduire-mauvaise-nouvelle-leurope-reflechi-a-un-permis-renouvelable-pour-les-seniors-qui-ont-cet-age-ou-plus","status":"publish","type":"post","link":"https:\/\/cuberg.net\/fr\/permis-de-conduire-mauvaise-nouvelle-leurope-reflechi-a-un-permis-renouvelable-pour-les-seniors-qui-ont-cet-age-ou-plus\/","title":{"rendered":"Permis de conduire : mauvaise nouvelle, l\u2019Europe r\u00e9fl\u00e9chi \u00e0 un permis renouvelable pour les seniors qui ont cet \u00e2ge ou plus"},"content":{"rendered":"<p>L&rsquo;\u00e9volution des r\u00e9glementations routi\u00e8res en Europe, particuli\u00e8rement pour les conducteurs seniors, est au c\u0153ur des d\u00e9bats actuels. La Commission europ\u00e9enne envisage de r\u00e9former le syst\u00e8me de permis de conduire pour les automobilistes \u00e2g\u00e9s afin d&rsquo;harmoniser les pratiques au sein de l&rsquo;Union et de renforcer la s\u00e9curit\u00e9 routi\u00e8re.<\/p>\n<h2>Vers une Harmonisation Europ\u00e9enne des Permis de Conduire<\/h2>\n<p>L&rsquo;Union europ\u00e9enne cherche \u00e0 uniformiser les r\u00e8gles de s\u00e9curit\u00e9 routi\u00e8re parmi ses \u00c9tats membres. En 2024, une proposition a \u00e9t\u00e9 avanc\u00e9e pour instaurer un permis renouvelable pour les seniors. Initialement, elle pr\u00e9voyait des examens m\u00e9dicaux tous les 15 ans pour tous les conducteurs et tous les cinq ans pour ceux de plus de 60 ans. Face aux d\u00e9bats, la proposition a \u00e9volu\u00e9 pour inclure une auto-\u00e9valuation r\u00e9guli\u00e8re des capacit\u00e9s de conduite, responsabilisant ainsi les conducteurs sans stigmatiser les seniors.<\/p>\n<p>Actuellement, les pratiques varient selon les pays :<\/p>\n<ul>\n<li><strong>Pays-Bas :<\/strong> Examen m\u00e9dical tous les cinq ans \u00e0 partir de 75 ans.<\/li>\n<li><strong>Finlande et Danemark :<\/strong> Contr\u00f4les obligatoires d\u00e8s 70 ans.<\/li>\n<li><strong>Espagne, Gr\u00e8ce, R\u00e9publique tch\u00e8que :<\/strong> Examens \u00e0 partir de 65 ans.<\/li>\n<li><strong>Portugal :<\/strong> Tests d\u2019aptitude d\u00e8s 40 ans, intensifi\u00e9s apr\u00e8s 75 ans.<\/li>\n<\/ul>\n<h2>Enjeux de S\u00e9curit\u00e9 et d\u2019Autonomie pour les Conducteurs \u00c2g\u00e9s<\/h2>\n<p>La question du permis de conduire des seniors soul\u00e8ve des pr\u00e9occupations en mati\u00e8re de s\u00e9curit\u00e9 routi\u00e8re. Les statistiques montrent que les conducteurs \u00e2g\u00e9s sont souvent impliqu\u00e9s dans des accidents graves, li\u00e9s \u00e0 une diminution des capacit\u00e9s physiques et cognitives. Cependant, le permis de conduire est aussi un symbole d\u2019ind\u00e9pendance pour de nombreux seniors. Restreindre ce droit pourrait affecter leur mobilit\u00e9 et leur qualit\u00e9 de vie. L&rsquo;enjeu est donc de trouver un \u00e9quilibre entre s\u00e9curit\u00e9 et autonomie.<\/p>\n<p>Les capacit\u00e9s varient d&rsquo;un individu \u00e0 l&rsquo;autre, rendant complexe l&rsquo;\u00e9tablissement de r\u00e8gles bas\u00e9es uniquement sur l&rsquo;\u00e2ge.<\/p>\n<ul>\n<li><strong>Avantages du renouvellement :<\/strong> Am\u00e9lioration de la s\u00e9curit\u00e9 routi\u00e8re, d\u00e9tection pr\u00e9coce des probl\u00e8mes de sant\u00e9, harmonisation des pratiques en Europe.<\/li>\n<li><strong>Inconv\u00e9nients potentiels :<\/strong> Risque de perte d\u2019autonomie, co\u00fbts suppl\u00e9mentaires pour les seniors, sentiment de discrimination li\u00e9 \u00e0 l\u2019\u00e2ge.<\/li>\n<\/ul>\n<h2>Perspectives d\u2019\u00c9volution en France<\/h2>\n<p>En France, il n&rsquo;existe pas encore de mesures contraignantes pour le renouvellement des permis de conduire des seniors. Cependant, les discussions europ\u00e9ennes pourraient influencer la l\u00e9gislation nationale. Des experts sugg\u00e8rent de renforcer les bilans de sant\u00e9 pr\u00e9ventifs pour \u00e9valuer la vision et l\u2019audition des conducteurs \u00e2g\u00e9s, r\u00e9duisant ainsi les risques li\u00e9s \u00e0 une vigilance diminu\u00e9e sans imposer de restrictions syst\u00e9matiques bas\u00e9es sur l\u2019\u00e2ge.<\/p>\n<p>L\u2019Union europ\u00e9enne travaille \u00e0 \u00e9laborer un cadre commun pour la s\u00e9curit\u00e9 routi\u00e8re, cherchant \u00e0 concilier la protection des usagers de la route et le maintien de l\u2019autonomie des conducteurs seniors. Cette approche \u00e9quilibr\u00e9e pourrait servir de mod\u00e8le pour les futures r\u00e9glementations fran\u00e7aises.<\/p>\n<p>En attendant une d\u00e9cision d\u00e9finitive, il est recommand\u00e9 aux conducteurs seniors de rester vigilants quant \u00e0 leur \u00e9tat de sant\u00e9 et leurs capacit\u00e9s de conduite. Une auto-\u00e9valuation r\u00e9guli\u00e8re et des consultations m\u00e9dicales pr\u00e9ventives peuvent contribuer \u00e0 maintenir une conduite s\u00fbre, quel que soit l\u2019\u00e2ge.<\/p>\n<p>En conclusion, la r\u00e9vision des r\u00e9glementations routi\u00e8res en Europe, notamment pour les conducteurs seniors, repr\u00e9sente un enjeu complexe m\u00ealant s\u00e9curit\u00e9 et autonomie. L&rsquo;harmonisation des pratiques pourrait renforcer la s\u00e9curit\u00e9 tout en respectant les besoins individuels des conducteurs \u00e2g\u00e9s.<\/p>\n","protected":false},"excerpt":{"rendered":"<p>L&rsquo;\u00e9volution des r\u00e9glementations routi\u00e8res en Europe, particuli\u00e8rement pour les conducteurs seniors, est au c\u0153ur des d\u00e9bats actuels. La Commission europ\u00e9enne envisage de r\u00e9former le syst\u00e8me de permis de conduire pour les automobilistes \u00e2g\u00e9s afin d&rsquo;harmoniser les pratiques au sein de l&rsquo;Union et de renforcer la s\u00e9curit\u00e9 routi\u00e8re. Vers une Harmonisation Europ\u00e9enne des Permis de Conduire [&hellip;]<\/p>\n","protected":false},"author":1,"featured_media":2940,"comment_status":"open","ping_status":"open","sticky":false,"template":"","format":"standard","meta":{"_seopress_robots_primary_cat":"","_seopress_titles_title":"","_seopress_titles_desc":"","_seopress_robots_index":"","footnotes":""},"categories":[7],"tags":[],"class_list":{"0":"post-2939","1":"post","2":"type-post","3":"status-publish","4":"format-standard","5":"has-post-thumbnail","7":"category-societe"},"_links":{"self":[{"href":"https:\/\/cuberg.net\/fr\/wp-json\/wp\/v2\/posts\/2939","targetHints":{"allow":["GET"]}}],"collection":[{"href":"https:\/\/cuberg.net\/fr\/wp-json\/wp\/v2\/posts"}],"about":[{"href":"https:\/\/cuberg.net\/fr\/wp-json\/wp\/v2\/types\/post"}],"author":[{"embeddable":true,"href":"https:\/\/cuberg.net\/fr\/wp-json\/wp\/v2\/users\/1"}],"replies":[{"embeddable":true,"href":"https:\/\/cuberg.net\/fr\/wp-json\/wp\/v2\/comments?post=2939"}],"version-history":[{"count":1,"href":"https:\/\/cuberg.net\/fr\/wp-json\/wp\/v2\/posts\/2939\/revisions"}],"predecessor-version":[{"id":3223,"href":"https:\/\/cuberg.net\/fr\/wp-json\/wp\/v2\/posts\/2939\/revisions\/3223"}],"wp:featuredmedia":[{"embeddable":true,"href":"https:\/\/cuberg.net\/fr\/wp-json\/wp\/v2\/media\/2940"}],"wp:attachment":[{"href":"https:\/\/cuberg.net\/fr\/wp-json\/wp\/v2\/media?parent=2939"}],"wp:term":[{"taxonomy":"category","embeddable":true,"href":"https:\/\/cuberg.net\/fr\/wp-json\/wp\/v2\/categories?post=2939"},{"taxonomy":"post_tag","embeddable":true,"href":"https:\/\/cuberg.net\/fr\/wp-json\/wp\/v2\/tags?post=2939"}],"curies":[{"name":"wp","href":"https:\/\/api.w.org\/{rel}","templated":true}]}}