{"id":2958,"date":"2025-10-02T15:35:00","date_gmt":"2025-10-02T13:35:00","guid":{"rendered":"https:\/\/cuberg.net\/fr\/?p=2958"},"modified":"2025-10-01T23:16:55","modified_gmt":"2025-10-01T21:16:55","slug":"abattement-fiscal-retraite-qui-est-eligible-combien-devrez-vous-payer-dimpot","status":"publish","type":"post","link":"https:\/\/cuberg.net\/fr\/abattement-fiscal-retraite-qui-est-eligible-combien-devrez-vous-payer-dimpot\/","title":{"rendered":"Abattement fiscal retrait\u00e9 : qui est \u00e9ligible ? Combien devrez-vous payer d&rsquo;imp\u00f4t ?"},"content":{"rendered":"<p>En 2025, un abattement fiscal sp\u00e9cifique est mis en place pour all\u00e9ger la charge fiscale des retrait\u00e9s, particuli\u00e8rement ceux aux revenus modestes. Ce dispositif, r\u00e9vis\u00e9 chaque ann\u00e9e, vise \u00e0 soutenir financi\u00e8rement les personnes \u00e2g\u00e9es. Explorons son impact sur l&rsquo;imp\u00f4t \u00e0 payer.<\/p>\n<h2>Un abattement fiscal ajust\u00e9<\/h2>\n<p>Le Code g\u00e9n\u00e9ral des imp\u00f4ts pr\u00e9voit un abattement fiscal pour compenser la baisse de revenus \u00e0 la retraite. En 2025, ce dispositif est maintenu avec des seuils ajust\u00e9s pour cibler les foyers les plus vuln\u00e9rables. Appliqu\u00e9 automatiquement lors de la d\u00e9claration de revenus, il offre simplicit\u00e9 et efficacit\u00e9, sous r\u00e9serve de respecter certains crit\u00e8res.<\/p>\n<h2>Crit\u00e8res d&rsquo;\u00e9ligibilit\u00e9<\/h2>\n<ul>\n<li><strong>\u00c2ge et r\u00e9sidence :<\/strong> Les contribuables doivent avoir plus de 65 ans au 31 d\u00e9cembre de l&rsquo;ann\u00e9e d&rsquo;imposition ou \u00eatre reconnus invalides selon les crit\u00e8res de la S\u00e9curit\u00e9 sociale, avec un domicile fiscal en France.<\/li>\n<li><strong>Seuils de revenus :<\/strong> L&rsquo;\u00e9ligibilit\u00e9 d\u00e9pend du revenu net global du foyer fiscal. Jusqu&rsquo;\u00e0 17\u202f510\u202f\u20ac, l&rsquo;abattement est maximal \u00e0 2\u202f796\u202f\u20ac (5\u202f592\u202f\u20ac pour un couple). Entre 17\u202f510\u202f\u20ac et 28\u202f170\u202f\u20ac, il est r\u00e9duit de moiti\u00e9, et au-del\u00e0, il dispara\u00eet.<\/li>\n<\/ul>\n<p>Ces crit\u00e8res permettent de cibler les foyers modestes tout en tenant compte des disparit\u00e9s de revenus.<\/p>\n<h2>Revenus concern\u00e9s<\/h2>\n<p>L&rsquo;abattement fiscal s&rsquo;applique uniquement aux pensions de retraite et aux rentes viag\u00e8res. Les autres sources de revenus, comme les loyers ou dividendes, ne sont pas prises en compte. Cette pr\u00e9cision est essentielle pour \u00e9viter les erreurs de d\u00e9claration et comprendre l&rsquo;impact r\u00e9el de cet avantage fiscal.<\/p>\n<h2>Impact sur l&rsquo;imp\u00f4t \u00e0 payer<\/h2>\n<p>L&rsquo;abattement r\u00e9duit le revenu imposable avant l&rsquo;application du bar\u00e8me progressif. Par exemple, un retrait\u00e9 avec une pension annuelle de 24\u202f000\u202f\u20ac et un abattement de 2\u202f400\u202f\u20ac verra son revenu imposable r\u00e9duit \u00e0 21\u202f600\u202f\u20ac. Ce m\u00e9canisme peut significativement influencer le montant final de l&rsquo;imp\u00f4t, surtout pour les foyers proches des tranches fiscales.<\/p>\n<h2>Effet sur le seuil de non-imposition<\/h2>\n<p>Gr\u00e2ce \u00e0 l&rsquo;abattement, le seuil de non-imposition est relev\u00e9. En 2025, une personne seule peut ne pas \u00eatre imposable jusqu&rsquo;\u00e0 19\u202f500\u202f\u20ac de revenus annuels, contre 17\u202f436\u202f\u20ac sans abattement. Pour un couple, ce seuil atteint pr\u00e8s de 39\u202f000\u202f\u20ac. Cette revalorisation aide de nombreux retrait\u00e9s \u00e0 conserver un revenu net sans pr\u00e9l\u00e8vement fiscal, \u00e0 condition de rester sous les plafonds d\u00e9finis.<\/p>\n<h2>Conclusion<\/h2>\n<p>Bien que l&rsquo;abattement fiscal ne supprime pas l&rsquo;imp\u00f4t, il le r\u00e9duit consid\u00e9rablement, permettant aux retrait\u00e9s de b\u00e9n\u00e9ficier d&rsquo;une fiscalit\u00e9 all\u00e9g\u00e9e. Toutefois, les pr\u00e9l\u00e8vements sociaux, comme la CSG, CRDS et CASA, restent dus. En somme, ce dispositif repr\u00e9sente un levier essentiel pour pr\u00e9server le pouvoir d&rsquo;achat des seniors modestes, malgr\u00e9 les menaces potentielles de r\u00e9formes futures.<\/p>\n","protected":false},"excerpt":{"rendered":"<p>En 2025, un abattement fiscal sp\u00e9cifique est mis en place pour all\u00e9ger la charge fiscale des retrait\u00e9s, particuli\u00e8rement ceux aux revenus modestes. Ce dispositif, r\u00e9vis\u00e9 chaque ann\u00e9e, vise \u00e0 soutenir financi\u00e8rement les personnes \u00e2g\u00e9es. Explorons son impact sur l&rsquo;imp\u00f4t \u00e0 payer. Un abattement fiscal ajust\u00e9 Le Code g\u00e9n\u00e9ral des imp\u00f4ts pr\u00e9voit un abattement fiscal pour [&hellip;]<\/p>\n","protected":false},"author":1,"featured_media":2959,"comment_status":"open","ping_status":"open","sticky":false,"template":"","format":"standard","meta":{"_seopress_robots_primary_cat":"","_seopress_titles_title":"","_seopress_titles_desc":"","_seopress_robots_index":"","footnotes":""},"categories":[16],"tags":[],"class_list":{"0":"post-2958","1":"post","2":"type-post","3":"status-publish","4":"format-standard","5":"has-post-thumbnail","7":"category-business"},"_links":{"self":[{"href":"https:\/\/cuberg.net\/fr\/wp-json\/wp\/v2\/posts\/2958","targetHints":{"allow":["GET"]}}],"collection":[{"href":"https:\/\/cuberg.net\/fr\/wp-json\/wp\/v2\/posts"}],"about":[{"href":"https:\/\/cuberg.net\/fr\/wp-json\/wp\/v2\/types\/post"}],"author":[{"embeddable":true,"href":"https:\/\/cuberg.net\/fr\/wp-json\/wp\/v2\/users\/1"}],"replies":[{"embeddable":true,"href":"https:\/\/cuberg.net\/fr\/wp-json\/wp\/v2\/comments?post=2958"}],"version-history":[{"count":1,"href":"https:\/\/cuberg.net\/fr\/wp-json\/wp\/v2\/posts\/2958\/revisions"}],"predecessor-version":[{"id":3247,"href":"https:\/\/cuberg.net\/fr\/wp-json\/wp\/v2\/posts\/2958\/revisions\/3247"}],"wp:featuredmedia":[{"embeddable":true,"href":"https:\/\/cuberg.net\/fr\/wp-json\/wp\/v2\/media\/2959"}],"wp:attachment":[{"href":"https:\/\/cuberg.net\/fr\/wp-json\/wp\/v2\/media?parent=2958"}],"wp:term":[{"taxonomy":"category","embeddable":true,"href":"https:\/\/cuberg.net\/fr\/wp-json\/wp\/v2\/categories?post=2958"},{"taxonomy":"post_tag","embeddable":true,"href":"https:\/\/cuberg.net\/fr\/wp-json\/wp\/v2\/tags?post=2958"}],"curies":[{"name":"wp","href":"https:\/\/api.w.org\/{rel}","templated":true}]}}