{"id":2962,"date":"2025-09-29T15:36:00","date_gmt":"2025-09-29T13:36:00","guid":{"rendered":"https:\/\/cuberg.net\/fr\/?p=2962"},"modified":"2025-09-29T00:37:07","modified_gmt":"2025-09-28T22:37:07","slug":"vers-une-suppression-de-la-reforme-des-retraites-ce-comite-y-croit-dur-comme-fer-et","status":"publish","type":"post","link":"https:\/\/cuberg.net\/fr\/vers-une-suppression-de-la-reforme-des-retraites-ce-comite-y-croit-dur-comme-fer-et\/","title":{"rendered":"Vers une suppression de la r\u00e9forme des retraites ? Ce comit\u00e9 y croit dur comme fer et&#8230;"},"content":{"rendered":"<p>Le d\u00e9bat autour de la r\u00e9forme des retraites de 2023 en France, qui inclut le report de l&rsquo;\u00e2ge l\u00e9gal de d\u00e9part, demeure un sujet br\u00fblant. Le Comit\u00e9 de suivi des retraites (CSR) alerte sur les cons\u00e9quences n\u00e9gatives potentielles d&rsquo;un retour en arri\u00e8re sur cette r\u00e9forme, en soulignant les impacts sur la durabilit\u00e9 financi\u00e8re et l&rsquo;\u00e9quit\u00e9 interg\u00e9n\u00e9rationnelle du syst\u00e8me.<\/p>\n<h2>Analyse du Syst\u00e8me de Retraites par le CSR<\/h2>\n<p>Chaque ann\u00e9e, le CSR, en coop\u00e9ration avec le Conseil d\u2019orientation des retraites (COR), \u00e9value l&rsquo;\u00e9tat du syst\u00e8me de retraites fran\u00e7ais. Dans son dernier rapport, le Comit\u00e9 insiste sur l&rsquo;importance de conserver les bornes d&rsquo;\u00e2ge fix\u00e9es par la r\u00e9forme de 2023 et met en garde contre une d\u00e9sindexation excessive des pensions.<\/p>\n<h2>Risques Financiers Soulign\u00e9s par le CSR<\/h2>\n<p>Le CSR met en avant plusieurs risques financiers associ\u00e9s \u00e0 une \u00e9ventuelle suppression de la r\u00e9forme :<\/p>\n<ul>\n<li><strong>Sous-estimation dans la fonction publique :<\/strong> Les pr\u00e9visions se basent sur une stabilit\u00e9 du nombre de fonctionnaires et une mod\u00e9ration salariale jusqu\u2019en 2040. Cependant, l&rsquo;augmentation des effectifs et la hausse des primes, qui influencent moins les retraites, pourraient accro\u00eetre les d\u00e9penses publiques.<\/li>\n<li><strong>Charges suppl\u00e9mentaires :<\/strong> Dans le r\u00e9gime Agirc-Arrco, une sous-indexation prolong\u00e9e pourrait mener \u00e0 une accumulation de r\u00e9serves qui devront \u00eatre utilis\u00e9es pour soutenir les pensions, entra\u00eenant des d\u00e9penses sous-estim\u00e9es.<\/li>\n<li><strong>Augmentation de la dette sociale :<\/strong> Le d\u00e9ficit structurel de la branche vieillesse pourrait s\u2019aggraver, atteignant 12,5 points de PIB d\u2019ici 2050, soit environ 375 milliards d\u2019euros en valeur 2025.<\/li>\n<\/ul>\n<h2>Recommandations du CSR<\/h2>\n<p>Le CSR propose plusieurs recommandations pour maintenir l&rsquo;\u00e9quilibre du syst\u00e8me :<\/p>\n<ul>\n<li><strong>Maintenir l\u2019\u00e2ge l\u00e9gal :<\/strong> Le report de l&rsquo;\u00e2ge l\u00e9gal de d\u00e9part et l&rsquo;augmentation de la dur\u00e9e de cotisation ont am\u00e9lior\u00e9 le taux d&#8217;emploi des seniors et financ\u00e9 le syst\u00e8me. Annuler ces mesures pourrait aggraver le d\u00e9ficit.<\/li>\n<li><strong>Pr\u00e9server l\u2019\u00e9quit\u00e9 interg\u00e9n\u00e9rationnelle :<\/strong> La r\u00e9forme doit continuer \u00e0 garantir l&rsquo;\u00e9galit\u00e9 entre sexes et g\u00e9n\u00e9rations. Les m\u00e9canismes de solidarit\u00e9, comme la retraite progressive, sont cruciaux pour maintenir la confiance entre actifs et retrait\u00e9s futurs.<\/li>\n<li><strong>Limiter la d\u00e9sindexation :<\/strong> La d\u00e9sindexation des pensions doit rester temporaire. Des r\u00e9formes structurelles sont pr\u00e9f\u00e9rables pour assurer l&rsquo;\u00e9quilibre du r\u00e9gime sans compromettre la revalorisation des pensions.<\/li>\n<\/ul>\n<h2>Conclusion<\/h2>\n<p>Le Comit\u00e9 de suivi des retraites met en lumi\u00e8re les enjeux critiques de la r\u00e9forme des retraites de 2023. Maintenir les mesures actuelles est crucial pour garantir la viabilit\u00e9 financi\u00e8re et l&rsquo;\u00e9quit\u00e9 du syst\u00e8me, tout en \u00e9vitant des ajustements qui pourraient compromettre la confiance des g\u00e9n\u00e9rations futures. Des r\u00e9formes structurelles et une gestion prudente des ressources sont n\u00e9cessaires pour assurer un syst\u00e8me de retraites \u00e9quitable et durable.<\/p>\n","protected":false},"excerpt":{"rendered":"<p>Le d\u00e9bat autour de la r\u00e9forme des retraites de 2023 en France, qui inclut le report de l&rsquo;\u00e2ge l\u00e9gal de d\u00e9part, demeure un sujet br\u00fblant. Le Comit\u00e9 de suivi des retraites (CSR) alerte sur les cons\u00e9quences n\u00e9gatives potentielles d&rsquo;un retour en arri\u00e8re sur cette r\u00e9forme, en soulignant les impacts sur la durabilit\u00e9 financi\u00e8re et l&rsquo;\u00e9quit\u00e9 [&hellip;]<\/p>\n","protected":false},"author":1,"featured_media":2963,"comment_status":"open","ping_status":"open","sticky":false,"template":"","format":"standard","meta":{"_seopress_robots_primary_cat":"","_seopress_titles_title":"","_seopress_titles_desc":"","_seopress_robots_index":"","footnotes":""},"categories":[7],"tags":[],"class_list":{"0":"post-2962","1":"post","2":"type-post","3":"status-publish","4":"format-standard","5":"has-post-thumbnail","7":"category-societe"},"_links":{"self":[{"href":"https:\/\/cuberg.net\/fr\/wp-json\/wp\/v2\/posts\/2962","targetHints":{"allow":["GET"]}}],"collection":[{"href":"https:\/\/cuberg.net\/fr\/wp-json\/wp\/v2\/posts"}],"about":[{"href":"https:\/\/cuberg.net\/fr\/wp-json\/wp\/v2\/types\/post"}],"author":[{"embeddable":true,"href":"https:\/\/cuberg.net\/fr\/wp-json\/wp\/v2\/users\/1"}],"replies":[{"embeddable":true,"href":"https:\/\/cuberg.net\/fr\/wp-json\/wp\/v2\/comments?post=2962"}],"version-history":[{"count":1,"href":"https:\/\/cuberg.net\/fr\/wp-json\/wp\/v2\/posts\/2962\/revisions"}],"predecessor-version":[{"id":3215,"href":"https:\/\/cuberg.net\/fr\/wp-json\/wp\/v2\/posts\/2962\/revisions\/3215"}],"wp:featuredmedia":[{"embeddable":true,"href":"https:\/\/cuberg.net\/fr\/wp-json\/wp\/v2\/media\/2963"}],"wp:attachment":[{"href":"https:\/\/cuberg.net\/fr\/wp-json\/wp\/v2\/media?parent=2962"}],"wp:term":[{"taxonomy":"category","embeddable":true,"href":"https:\/\/cuberg.net\/fr\/wp-json\/wp\/v2\/categories?post=2962"},{"taxonomy":"post_tag","embeddable":true,"href":"https:\/\/cuberg.net\/fr\/wp-json\/wp\/v2\/tags?post=2962"}],"curies":[{"name":"wp","href":"https:\/\/api.w.org\/{rel}","templated":true}]}}