{"id":2972,"date":"2025-10-01T07:35:00","date_gmt":"2025-10-01T05:35:00","guid":{"rendered":"https:\/\/cuberg.net\/fr\/?p=2972"},"modified":"2025-09-29T00:37:23","modified_gmt":"2025-09-28T22:37:23","slug":"1000-euros-en-moyenne-pour-les-proprietaires-la-taxe-fonciere-2025-arrive-dans-votre-boite-aux-lettres-et-elle-risque-de-faire-mal-au-porte-monnaie","status":"publish","type":"post","link":"https:\/\/cuberg.net\/fr\/1000-euros-en-moyenne-pour-les-proprietaires-la-taxe-fonciere-2025-arrive-dans-votre-boite-aux-lettres-et-elle-risque-de-faire-mal-au-porte-monnaie\/","title":{"rendered":"-1000 euros en moyenne pour les propri\u00e9taires : la taxe fonci\u00e8re 2025 arrive dans votre bo\u00eete aux lettres et elle risque de faire mal au porte-monnaie&#8230;"},"content":{"rendered":"<p>En 2025, les propri\u00e9taires fran\u00e7ais feront face \u00e0 une nouvelle hausse de la taxe fonci\u00e8re, un imp\u00f4t touchant environ 32 millions de personnes. Apr\u00e8s avoir atteint en moyenne 1 034 \u20ac en 2023 et 1 074 \u20ac en 2024, ce montant devrait s&rsquo;\u00e9lever \u00e0 environ 1 092 \u20ac en 2025. Cette augmentation est principalement due \u00e0 l&rsquo;indexation sur l&rsquo;inflation, estim\u00e9e \u00e0 1,7 % en novembre 2024 par l&rsquo;Insee.<\/p>\n<h2>Une Augmentation Index\u00e9e sur l&rsquo;Inflation<\/h2>\n<p>La taxe fonci\u00e8re est calcul\u00e9e \u00e0 partir de la valeur locative cadastrale, \u00e0 laquelle s&rsquo;ajoute le taux d\u00e9cid\u00e9 par chaque commune. En 2025, l&rsquo;inflation entra\u00eenera une hausse minimale de 1,7 % au niveau national. Cette tendance s&rsquo;inscrit dans le prolongement des ann\u00e9es pr\u00e9c\u00e9dentes, avec des augmentations de 7,1 % en 2023 et de 3,9 % en 2024.<\/p>\n<h2>Des D\u00e9cisions Locales qui Amplifient la Hausse<\/h2>\n<p>En plus de l&rsquo;indexation nationale, les communes peuvent ajuster leur taux de taxe fonci\u00e8re. En 2024, certaines villes ont choisi d&rsquo;importantes hausses : Annecy a augment\u00e9 de 14,1 %, Nancy de 14,5 %, Saint-\u00c9tienne de 15 %, et Nice de 19,2 %. Ces d\u00e9cisions locales peuvent transformer une hausse mod\u00e9r\u00e9e en une charge financi\u00e8re substantielle pour les propri\u00e9taires.<\/p>\n<h2>\u00c9ch\u00e9ances de Paiement et Modalit\u00e9s<\/h2>\n<p>Les avis de taxe fonci\u00e8re seront envoy\u00e9s aux propri\u00e9taires d\u00e8s la fin ao\u00fbt. Ceux qui paient trimestriellement ou \u00e0 l&rsquo;\u00e9ch\u00e9ance devront r\u00e9gler la totalit\u00e9 en une seule fois, tandis que les mensualis\u00e9s devront verser un compl\u00e9ment. La date limite de paiement est fix\u00e9e au 15 octobre, avec une extension jusqu&rsquo;au 20 octobre minuit pour les paiements en ligne.<\/p>\n<p>En conclusion, l&rsquo;ann\u00e9e 2025 s&rsquo;annonce comme une p\u00e9riode de pression fiscale accrue pour les propri\u00e9taires en France. Entre l&rsquo;indexation sur l&rsquo;inflation et les majorations locales, la taxe fonci\u00e8re continue de peser lourdement sur le budget immobilier. Il est essentiel pour les propri\u00e9taires de bien planifier leurs finances pour faire face \u00e0 ces augmentations et de surveiller les d\u00e9cisions municipales qui pourraient encore alourdir la facture.<\/p>\n","protected":false},"excerpt":{"rendered":"<p>En 2025, les propri\u00e9taires fran\u00e7ais feront face \u00e0 une nouvelle hausse de la taxe fonci\u00e8re, un imp\u00f4t touchant environ 32 millions de personnes. Apr\u00e8s avoir atteint en moyenne 1 034 \u20ac en 2023 et 1 074 \u20ac en 2024, ce montant devrait s&rsquo;\u00e9lever \u00e0 environ 1 092 \u20ac en 2025. Cette augmentation est principalement due [&hellip;]<\/p>\n","protected":false},"author":1,"featured_media":2973,"comment_status":"open","ping_status":"open","sticky":false,"template":"","format":"standard","meta":{"_seopress_robots_primary_cat":"","_seopress_titles_title":"","_seopress_titles_desc":"","_seopress_robots_index":"","footnotes":""},"categories":[7],"tags":[],"class_list":{"0":"post-2972","1":"post","2":"type-post","3":"status-publish","4":"format-standard","5":"has-post-thumbnail","7":"category-societe"},"_links":{"self":[{"href":"https:\/\/cuberg.net\/fr\/wp-json\/wp\/v2\/posts\/2972","targetHints":{"allow":["GET"]}}],"collection":[{"href":"https:\/\/cuberg.net\/fr\/wp-json\/wp\/v2\/posts"}],"about":[{"href":"https:\/\/cuberg.net\/fr\/wp-json\/wp\/v2\/types\/post"}],"author":[{"embeddable":true,"href":"https:\/\/cuberg.net\/fr\/wp-json\/wp\/v2\/users\/1"}],"replies":[{"embeddable":true,"href":"https:\/\/cuberg.net\/fr\/wp-json\/wp\/v2\/comments?post=2972"}],"version-history":[{"count":1,"href":"https:\/\/cuberg.net\/fr\/wp-json\/wp\/v2\/posts\/2972\/revisions"}],"predecessor-version":[{"id":3228,"href":"https:\/\/cuberg.net\/fr\/wp-json\/wp\/v2\/posts\/2972\/revisions\/3228"}],"wp:featuredmedia":[{"embeddable":true,"href":"https:\/\/cuberg.net\/fr\/wp-json\/wp\/v2\/media\/2973"}],"wp:attachment":[{"href":"https:\/\/cuberg.net\/fr\/wp-json\/wp\/v2\/media?parent=2972"}],"wp:term":[{"taxonomy":"category","embeddable":true,"href":"https:\/\/cuberg.net\/fr\/wp-json\/wp\/v2\/categories?post=2972"},{"taxonomy":"post_tag","embeddable":true,"href":"https:\/\/cuberg.net\/fr\/wp-json\/wp\/v2\/tags?post=2972"}],"curies":[{"name":"wp","href":"https:\/\/api.w.org\/{rel}","templated":true}]}}