{"id":2976,"date":"2025-10-05T17:05:00","date_gmt":"2025-10-05T15:05:00","guid":{"rendered":"https:\/\/cuberg.net\/fr\/?p=2976"},"modified":"2025-10-01T23:17:30","modified_gmt":"2025-10-01T21:17:30","slug":"mes-enfants-disent-que-je-profite-de-letat-car-je-touche-les-aides-sans-travailler-voici-le-montant-de-ma-retraite","status":"publish","type":"post","link":"https:\/\/cuberg.net\/fr\/mes-enfants-disent-que-je-profite-de-letat-car-je-touche-les-aides-sans-travailler-voici-le-montant-de-ma-retraite\/","title":{"rendered":"Mes enfants disent que je profite de l&rsquo;Etat car je touche les aides sans travailler : voici le montant de ma retraite"},"content":{"rendered":"<p>En France, le syst\u00e8me de retraite pr\u00e9voit un revenu minimum pour les personnes n&rsquo;ayant jamais exerc\u00e9 d&rsquo;activit\u00e9 salari\u00e9e. Ce soutien, bien que parfois critiqu\u00e9, est essentiel pour assurer que chacun puisse subvenir \u00e0 ses besoins durant ses vieux jours, m\u00eame sans avoir contribu\u00e9 au syst\u00e8me de retraite traditionnel.<\/p>\n<h2>Le Montant de la Retraite pour les Non-Contributeurs<\/h2>\n<p>Les personnes n\u2019ayant jamais travaill\u00e9 ne b\u00e9n\u00e9ficient ni d&rsquo;une pension de base ni d&rsquo;une pension compl\u00e9mentaire, n&rsquo;ayant pas cotis\u00e9 de trimestres \u00e0 l\u2019Assurance retraite. Toutefois, elles ont droit \u00e0 un revenu minimum, garanti par la loi, m\u00eame si elles ne b\u00e9n\u00e9ficient pas des droits \u00e0 la retraite habituels.<\/p>\n<h2>L\u2019Aspa : Une Aide Essentielle<\/h2>\n<p>L&rsquo;Allocation de solidarit\u00e9 aux personnes \u00e2g\u00e9es (Aspa) offre un revenu minimum aux personnes ayant v\u00e9cu gr\u00e2ce aux allocations sociales. Elle peut atteindre jusqu\u2019\u00e0 1 034,28 \u20ac par mois pour ceux qui remplissent les crit\u00e8res d\u2019\u00e9ligibilit\u00e9, fournissant un soutien crucial pour ceux sans retraite classique.<\/p>\n<h2>Cumul de l\u2019Aspa avec d\u2019Autres Aides<\/h2>\n<p>L\u2019Aspa ne remplace pas une pension de retraite classique mais peut \u00eatre cumul\u00e9e avec d\u2019autres prestations sociales, comme l\u2019APL ou la couverture maladie universelle compl\u00e9mentaire, permettant aux b\u00e9n\u00e9ficiaires de maintenir un niveau de vie d\u00e9cent.<\/p>\n<h2>Pourquoi un Droit \u00e0 la Retraite pour Tous ?<\/h2>\n<p>Le droit \u00e0 un revenu de retraite repose sur la solidarit\u00e9 nationale et le principe d\u2019universalit\u00e9. Ce syst\u00e8me, financ\u00e9 par les actifs et l\u2019imp\u00f4t, garantit \u00e0 chaque personne \u00e2g\u00e9e un minimum n\u00e9cessaire pour une existence digne, renfor\u00e7ant ainsi la coh\u00e9sion sociale.<\/p>\n<h2>Pr\u00e9vention de la Pr\u00e9carit\u00e9 et Maintien de la Dignit\u00e9<\/h2>\n<p>Sans carri\u00e8re professionnelle, de nombreux seniors peuvent se retrouver financi\u00e8rement vuln\u00e9rables. L\u2019Aspa sert de filet de s\u00e9curit\u00e9 pour pr\u00e9venir la pr\u00e9carit\u00e9 en fin de vie, offrant un revenu r\u00e9gulier suffisant pour couvrir les besoins essentiels et pr\u00e9server l\u2019autonomie et la dignit\u00e9 des b\u00e9n\u00e9ficiaires.<\/p>\n<h2>L\u2019Aspa : Un Filet de S\u00e9curit\u00e9<\/h2>\n<p>Distincte des pensions classiques, l\u2019Aspa est une aide non contributive, ne n\u00e9cessitant aucun trimestre valid\u00e9. Elle s\u2019adresse \u00e0 ceux dont les ressources sont insuffisantes et est financ\u00e9e par le Fonds de solidarit\u00e9 vieillesse, garantissant des moyens financiers \u00e9l\u00e9mentaires \u00e0 chaque senior, ind\u00e9pendamment de sa cotisation pass\u00e9e.<\/p>\n<p>En conclusion, le syst\u00e8me de retraite fran\u00e7ais, \u00e0 travers l\u2019Aspa, repr\u00e9sente un engagement collectif envers les personnes \u00e2g\u00e9es, assurant que m\u00eame ceux qui n\u2019ont jamais cotis\u00e9 puissent vivre dignement. Ce dispositif incarne la solidarit\u00e9 nationale, garantissant que le vieillissement ne soit pas synonyme de pr\u00e9carit\u00e9, mais de respect et de dignit\u00e9.<\/p>\n","protected":false},"excerpt":{"rendered":"<p>En France, le syst\u00e8me de retraite pr\u00e9voit un revenu minimum pour les personnes n&rsquo;ayant jamais exerc\u00e9 d&rsquo;activit\u00e9 salari\u00e9e. Ce soutien, bien que parfois critiqu\u00e9, est essentiel pour assurer que chacun puisse subvenir \u00e0 ses besoins durant ses vieux jours, m\u00eame sans avoir contribu\u00e9 au syst\u00e8me de retraite traditionnel. Le Montant de la Retraite pour les [&hellip;]<\/p>\n","protected":false},"author":1,"featured_media":2977,"comment_status":"open","ping_status":"open","sticky":false,"template":"","format":"standard","meta":{"_seopress_robots_primary_cat":"","_seopress_titles_title":"","_seopress_titles_desc":"","_seopress_robots_index":"","footnotes":""},"categories":[7],"tags":[],"class_list":{"0":"post-2976","1":"post","2":"type-post","3":"status-publish","4":"format-standard","5":"has-post-thumbnail","7":"category-societe"},"_links":{"self":[{"href":"https:\/\/cuberg.net\/fr\/wp-json\/wp\/v2\/posts\/2976","targetHints":{"allow":["GET"]}}],"collection":[{"href":"https:\/\/cuberg.net\/fr\/wp-json\/wp\/v2\/posts"}],"about":[{"href":"https:\/\/cuberg.net\/fr\/wp-json\/wp\/v2\/types\/post"}],"author":[{"embeddable":true,"href":"https:\/\/cuberg.net\/fr\/wp-json\/wp\/v2\/users\/1"}],"replies":[{"embeddable":true,"href":"https:\/\/cuberg.net\/fr\/wp-json\/wp\/v2\/comments?post=2976"}],"version-history":[{"count":1,"href":"https:\/\/cuberg.net\/fr\/wp-json\/wp\/v2\/posts\/2976\/revisions"}],"predecessor-version":[{"id":3279,"href":"https:\/\/cuberg.net\/fr\/wp-json\/wp\/v2\/posts\/2976\/revisions\/3279"}],"wp:featuredmedia":[{"embeddable":true,"href":"https:\/\/cuberg.net\/fr\/wp-json\/wp\/v2\/media\/2977"}],"wp:attachment":[{"href":"https:\/\/cuberg.net\/fr\/wp-json\/wp\/v2\/media?parent=2976"}],"wp:term":[{"taxonomy":"category","embeddable":true,"href":"https:\/\/cuberg.net\/fr\/wp-json\/wp\/v2\/categories?post=2976"},{"taxonomy":"post_tag","embeddable":true,"href":"https:\/\/cuberg.net\/fr\/wp-json\/wp\/v2\/tags?post=2976"}],"curies":[{"name":"wp","href":"https:\/\/api.w.org\/{rel}","templated":true}]}}