{"id":2988,"date":"2025-10-05T10:30:00","date_gmt":"2025-10-05T08:30:00","guid":{"rendered":"https:\/\/cuberg.net\/fr\/?p=2988"},"modified":"2025-10-01T23:17:30","modified_gmt":"2025-10-01T21:17:30","slug":"leclerc-lenseigne-de-supermarches-condamnee-a-une-lourde-amende-pour-avoir-trompe-ses-clients-sur-ces-produits","status":"publish","type":"post","link":"https:\/\/cuberg.net\/fr\/leclerc-lenseigne-de-supermarches-condamnee-a-une-lourde-amende-pour-avoir-trompe-ses-clients-sur-ces-produits\/","title":{"rendered":"Leclerc : l\u2019enseigne de supermarch\u00e9s condamn\u00e9e \u00e0 une lourde amende pour avoir tromp\u00e9 ses clients sur ces produits"},"content":{"rendered":"<p>Le secteur de la grande distribution en France est actuellement sous les feux des projecteurs en raison d&rsquo;une affaire impliquant l&rsquo;enseigne Leclerc. Cette affaire met en \u00e9vidence des pratiques commerciales trompeuses concernant l&rsquo;origine des produits, ce qui soul\u00e8ve des questions sur la transparence dans la distribution alimentaire.<\/p>\n<h2>Produits \u00e9trangers pr\u00e9sent\u00e9s comme locaux<\/h2>\n<p>En f\u00e9vrier 2025, un tribunal a inflig\u00e9 une lourde amende \u00e0 un supermarch\u00e9 Leclerc de Brest pour avoir tromp\u00e9 ses clients. Le magasin pr\u00e9sentait des produits import\u00e9s comme \u00e9tant locaux, abusant ainsi de la confiance des consommateurs qui souhaitent soutenir les circuits courts.<\/p>\n<p>L&rsquo;affaire a \u00e9t\u00e9 r\u00e9v\u00e9l\u00e9e apr\u00e8s une inspection de la Direction d\u00e9partementale de la protection des populations (DDPP). Les enqu\u00eateurs ont d\u00e9couvert que le rayon fruits et l\u00e9gumes \u00e9tait organis\u00e9 pour donner l&rsquo;illusion d&rsquo;une provenance locale, alors qu&rsquo;une grande partie des produits venait de r\u00e9gions \u00e9loign\u00e9es ou de l&rsquo;\u00e9tranger.<\/p>\n<p>Sur une cinquantaine de produits pr\u00e9tendument locaux, beaucoup provenaient de d\u00e9partements \u00e9loign\u00e9s et plus de la moiti\u00e9 n&rsquo;\u00e9tait m\u00eame pas d&rsquo;origine fran\u00e7aise. Cette strat\u00e9gie exploitait la tendance des consommateurs \u00e0 privil\u00e9gier les produits de proximit\u00e9.<\/p>\n<h2>R\u00e9cidive et sanction aggrav\u00e9e<\/h2>\n<p>La gravit\u00e9 de l&rsquo;affaire est accentu\u00e9e par le fait que le magasin avait d\u00e9j\u00e0 \u00e9t\u00e9 \u00e9pingl\u00e9 pour des faits similaires en 2019. \u00c0 l&rsquo;\u00e9poque, une transaction de 15 000 euros avait \u00e9t\u00e9 conclue pour des produits pr\u00e9sent\u00e9s \u00e0 tort comme locaux.<\/p>\n<p>Face \u00e0 cette r\u00e9cidive, le tribunal a durci sa position, condamnant la soci\u00e9t\u00e9 SAS Brest Distribution \u00e0 20 000 euros d&rsquo;amende. Cette sanction refl\u00e8te la volont\u00e9 de mettre fin \u00e0 ces pratiques nuisibles pour les consommateurs et les producteurs locaux.<\/p>\n<p>Durant le proc\u00e8s, les tentatives de rejeter la responsabilit\u00e9 sur le personnel ont \u00e9t\u00e9 rejet\u00e9es par le tribunal, qui a affirm\u00e9 que la direction de l&rsquo;\u00e9tablissement \u00e9tait responsable.<\/p>\n<h2>Cons\u00e9quences pour Leclerc et l&rsquo;avenir de la distribution<\/h2>\n<p>Cette condamnation pourrait ternir l&rsquo;image de Leclerc, qui a longtemps \u00e9t\u00e9 per\u00e7ue comme un d\u00e9fenseur du pouvoir d&rsquo;achat. Les consommateurs, de plus en plus sensibles aux questions \u00e9thiques, pourraient reconsid\u00e9rer leurs habitudes d&rsquo;achat.<\/p>\n<p>L&rsquo;incident souligne l&rsquo;importance de la transparence dans le secteur alimentaire. Les clients exigent d\u00e9sormais des informations claires sur l&rsquo;origine des produits. Cette affaire pourrait inciter d&rsquo;autres enseignes \u00e0 r\u00e9viser leurs pratiques pour \u00e9viter des scandales similaires.<\/p>\n<p>En outre, cette situation pourrait marquer un tournant dans la r\u00e9gulation du marketing alimentaire en France. Les autorit\u00e9s pourraient renforcer les contr\u00f4les et durcir les sanctions contre les pratiques trompeuses, imposant des normes plus strictes sur l&rsquo;\u00e9tiquetage des produits dits \u00ab locaux \u00bb.<\/p>\n<p>Les associations de consommateurs pourraient intensifier leurs actions de sensibilisation et de pression sur les grandes enseignes. L&rsquo;affaire pourrait aussi encourager le d\u00e9veloppement de technologies permettant aux clients de v\u00e9rifier l&rsquo;origine r\u00e9elle des produits, comme des applications mobiles ou des syst\u00e8mes de QR codes.<\/p>\n<p>En conclusion, cette condamnation rappelle \u00e0 l&rsquo;ensemble du secteur de la distribution que l&rsquo;int\u00e9grit\u00e9 et la transparence sont essentielles dans les relations avec les consommateurs. Dans un march\u00e9 o\u00f9 la confiance est primordiale, ces valeurs doivent \u00eatre au c\u0153ur des pratiques commerciales.<\/p>\n","protected":false},"excerpt":{"rendered":"<p>Le secteur de la grande distribution en France est actuellement sous les feux des projecteurs en raison d&rsquo;une affaire impliquant l&rsquo;enseigne Leclerc. Cette affaire met en \u00e9vidence des pratiques commerciales trompeuses concernant l&rsquo;origine des produits, ce qui soul\u00e8ve des questions sur la transparence dans la distribution alimentaire. Produits \u00e9trangers pr\u00e9sent\u00e9s comme locaux En f\u00e9vrier 2025, [&hellip;]<\/p>\n","protected":false},"author":1,"featured_media":2989,"comment_status":"open","ping_status":"open","sticky":false,"template":"","format":"standard","meta":{"_seopress_robots_primary_cat":"","_seopress_titles_title":"","_seopress_titles_desc":"","_seopress_robots_index":"","footnotes":""},"categories":[16],"tags":[],"class_list":{"0":"post-2988","1":"post","2":"type-post","3":"status-publish","4":"format-standard","5":"has-post-thumbnail","7":"category-business"},"_links":{"self":[{"href":"https:\/\/cuberg.net\/fr\/wp-json\/wp\/v2\/posts\/2988","targetHints":{"allow":["GET"]}}],"collection":[{"href":"https:\/\/cuberg.net\/fr\/wp-json\/wp\/v2\/posts"}],"about":[{"href":"https:\/\/cuberg.net\/fr\/wp-json\/wp\/v2\/types\/post"}],"author":[{"embeddable":true,"href":"https:\/\/cuberg.net\/fr\/wp-json\/wp\/v2\/users\/1"}],"replies":[{"embeddable":true,"href":"https:\/\/cuberg.net\/fr\/wp-json\/wp\/v2\/comments?post=2988"}],"version-history":[{"count":1,"href":"https:\/\/cuberg.net\/fr\/wp-json\/wp\/v2\/posts\/2988\/revisions"}],"predecessor-version":[{"id":3274,"href":"https:\/\/cuberg.net\/fr\/wp-json\/wp\/v2\/posts\/2988\/revisions\/3274"}],"wp:featuredmedia":[{"embeddable":true,"href":"https:\/\/cuberg.net\/fr\/wp-json\/wp\/v2\/media\/2989"}],"wp:attachment":[{"href":"https:\/\/cuberg.net\/fr\/wp-json\/wp\/v2\/media?parent=2988"}],"wp:term":[{"taxonomy":"category","embeddable":true,"href":"https:\/\/cuberg.net\/fr\/wp-json\/wp\/v2\/categories?post=2988"},{"taxonomy":"post_tag","embeddable":true,"href":"https:\/\/cuberg.net\/fr\/wp-json\/wp\/v2\/tags?post=2988"}],"curies":[{"name":"wp","href":"https:\/\/api.w.org\/{rel}","templated":true}]}}