{"id":3025,"date":"2025-10-13T15:31:00","date_gmt":"2025-10-13T13:31:00","guid":{"rendered":"https:\/\/cuberg.net\/fr\/?p=3025"},"modified":"2025-10-12T23:56:39","modified_gmt":"2025-10-12T21:56:39","slug":"handicapee-elle-est-privee-de-son-allocation-et-doit-meme-rembourser-15-000e-a-cause-dune-erreur-administrative","status":"publish","type":"post","link":"https:\/\/cuberg.net\/fr\/handicapee-elle-est-privee-de-son-allocation-et-doit-meme-rembourser-15-000e-a-cause-dune-erreur-administrative\/","title":{"rendered":"Handicap\u00e9e, elle est priv\u00e9e de son allocation et doit m\u00eame rembourser 15.000\u20ac \u00e0 cause d\u2019une erreur administrative"},"content":{"rendered":"<p>Une femme de 53 ans, reconnue invalide \u00e0 80%, se retrouve confront\u00e9e \u00e0 une s\u00e9rie de complications administratives qui mettent en p\u00e9ril sa survie financi\u00e8re. D\u00e9pendante des aides sociales \u00e0 cause de son handicap, elle subit la suppression de ses allocations et fait face \u00e0 des demandes de remboursement injustifi\u00e9es. Cette situation met en lumi\u00e8re les d\u00e9faillances des syst\u00e8mes sociaux et leurs effets d\u00e9l\u00e9t\u00e8res sur les personnes vuln\u00e9rables.<\/p>\n<h2>Un Parcours du Combattant Administratif<\/h2>\n<p>Handicap\u00e9e depuis plus de vingt ans \u00e0 la suite d&rsquo;une rupture d\u2019an\u00e9vrisme et de plusieurs AVC, cette femme d\u00e9pend d&rsquo;une indemnit\u00e9 mensuelle de 900 euros vers\u00e9e par la CPAM. Elle remplit ses d\u00e9clarations trimestrielles avec pr\u00e9cision. Cependant, en 2021, elle re\u00e7oit une demande de remboursement de 700 euros pour une erreur pr\u00e9sum\u00e9e. Ce n&rsquo;est que le d\u00e9but d&rsquo;une s\u00e9rie de r\u00e9clamations.<\/p>\n<p>Peu apr\u00e8s, la CPAM lui r\u00e9clame 15 000 euros, suspectant une fraude li\u00e9e \u00e0 l&rsquo;activit\u00e9 de son compagnon, retrait\u00e9 depuis 2017. En janvier 2024, une nouvelle demande de 5 000 euros appara\u00eet, l&rsquo;accusant d&rsquo;une activit\u00e9 dans les Hauts-de-France, alors qu&rsquo;elle r\u00e9side en Charente-Maritime et ne peut travailler.<\/p>\n<h2>Des Accusations Infond\u00e9es et des Cons\u00e9quences D\u00e9vastatrices<\/h2>\n<p>Malgr\u00e9 l\u2019envoi de preuves de sa bonne foi, les accusations persistent. La situation se d\u00e9grade lorsque la CAF coupe son allocation adulte handicap\u00e9 de 380 euros mensuels sans pr\u00e9avis, la privant de ses derni\u00e8res ressources. Pourtant, des solutions existent pour \u00e9viter de telles erreurs, comme l&rsquo;acc\u00e8s automatique aux aides de la CAF.<\/p>\n<h2>Un Syst\u00e8me Social D\u00e9faillant ?<\/h2>\n<p>Cette affaire r\u00e9v\u00e8le les failles du syst\u00e8me de protection sociale fran\u00e7ais. De simples erreurs administratives peuvent devenir des cauchemars bureaucratiques. Les recours infructueux montrent la difficult\u00e9 pour les citoyens de se faire entendre face \u00e0 l\u2019administration. L\u2019Assurance Maladie a reconnu un \u00ab rat\u00e9 \u00bb dans le traitement du dossier, soulevant des questions sur les processus de v\u00e9rification et de contr\u00f4le.<\/p>\n<h2>Vers une R\u00e9solution et des Le\u00e7ons \u00e0 Tirer<\/h2>\n<p>L\u2019engagement de l\u2019Assurance Maladie \u00e0 r\u00e9examiner le cas de cette femme offre un espoir de r\u00e9solution, mais arrive apr\u00e8s des ann\u00e9es de stress et de privations. Cette affaire souligne l&rsquo;urgence d&rsquo;am\u00e9liorer la communication entre les organismes sociaux et de mettre en place des m\u00e9canismes de contr\u00f4le plus efficaces et humains.<\/p>\n<p>Au-del\u00e0 de ce cas individuel, il est n\u00e9cessaire de r\u00e9former certains aspects du syst\u00e8me de protection sociale. Une meilleure formation des agents, des proc\u00e9dures de v\u00e9rification rigoureuses et un accompagnement personnalis\u00e9 des b\u00e9n\u00e9ficiaires pourraient pr\u00e9venir de telles situations. Il est crucial de trouver un \u00e9quilibre entre la lutte contre la fraude et la protection des droits des personnes vuln\u00e9rables.<\/p>\n<p>En conclusion, cette histoire dramatique souligne l&rsquo;importance d&rsquo;un syst\u00e8me social plus juste et plus efficace, capable de prot\u00e9ger les plus fragiles tout en assurant une gestion rigoureuse des ressources publiques. Une r\u00e9forme est n\u00e9cessaire pour garantir que les personnes vuln\u00e9rables ne soient pas victimes d&rsquo;erreurs administratives qui compromettent leur bien-\u00eatre.<\/p>\n","protected":false},"excerpt":{"rendered":"<p>Une femme de 53 ans, reconnue invalide \u00e0 80%, se retrouve confront\u00e9e \u00e0 une s\u00e9rie de complications administratives qui mettent en p\u00e9ril sa survie financi\u00e8re. D\u00e9pendante des aides sociales \u00e0 cause de son handicap, elle subit la suppression de ses allocations et fait face \u00e0 des demandes de remboursement injustifi\u00e9es. Cette situation met en lumi\u00e8re [&hellip;]<\/p>\n","protected":false},"author":1,"featured_media":3026,"comment_status":"open","ping_status":"open","sticky":false,"template":"","format":"standard","meta":{"_seopress_robots_primary_cat":"","_seopress_titles_title":"","_seopress_titles_desc":"","_seopress_robots_index":"","footnotes":""},"categories":[16],"tags":[],"class_list":{"0":"post-3025","1":"post","2":"type-post","3":"status-publish","4":"format-standard","5":"has-post-thumbnail","7":"category-business"},"_links":{"self":[{"href":"https:\/\/cuberg.net\/fr\/wp-json\/wp\/v2\/posts\/3025","targetHints":{"allow":["GET"]}}],"collection":[{"href":"https:\/\/cuberg.net\/fr\/wp-json\/wp\/v2\/posts"}],"about":[{"href":"https:\/\/cuberg.net\/fr\/wp-json\/wp\/v2\/types\/post"}],"author":[{"embeddable":true,"href":"https:\/\/cuberg.net\/fr\/wp-json\/wp\/v2\/users\/1"}],"replies":[{"embeddable":true,"href":"https:\/\/cuberg.net\/fr\/wp-json\/wp\/v2\/comments?post=3025"}],"version-history":[{"count":1,"href":"https:\/\/cuberg.net\/fr\/wp-json\/wp\/v2\/posts\/3025\/revisions"}],"predecessor-version":[{"id":3359,"href":"https:\/\/cuberg.net\/fr\/wp-json\/wp\/v2\/posts\/3025\/revisions\/3359"}],"wp:featuredmedia":[{"embeddable":true,"href":"https:\/\/cuberg.net\/fr\/wp-json\/wp\/v2\/media\/3026"}],"wp:attachment":[{"href":"https:\/\/cuberg.net\/fr\/wp-json\/wp\/v2\/media?parent=3025"}],"wp:term":[{"taxonomy":"category","embeddable":true,"href":"https:\/\/cuberg.net\/fr\/wp-json\/wp\/v2\/categories?post=3025"},{"taxonomy":"post_tag","embeddable":true,"href":"https:\/\/cuberg.net\/fr\/wp-json\/wp\/v2\/tags?post=3025"}],"curies":[{"name":"wp","href":"https:\/\/api.w.org\/{rel}","templated":true}]}}