{"id":3029,"date":"2025-10-08T11:00:00","date_gmt":"2025-10-08T09:00:00","guid":{"rendered":"https:\/\/cuberg.net\/fr\/?p=3029"},"modified":"2025-10-08T01:13:20","modified_gmt":"2025-10-07T23:13:20","slug":"les-anciens-presidents-de-la-republique-et-anciens-premiers-ministres-vont-ils-perdre-definitivement-leurs-avantages","status":"publish","type":"post","link":"https:\/\/cuberg.net\/fr\/les-anciens-presidents-de-la-republique-et-anciens-premiers-ministres-vont-ils-perdre-definitivement-leurs-avantages\/","title":{"rendered":"Les anciens pr\u00e9sidents de la R\u00e9publique et anciens Premiers ministres vont-ils perdre d\u00e9finitivement leurs avantages ?"},"content":{"rendered":"<p>La France s&rsquo;appr\u00eate \u00e0 r\u00e9former les privil\u00e8ges accord\u00e9s aux anciens pr\u00e9sidents et Premiers ministres, une initiative qui pourrait red\u00e9finir l&rsquo;\u00e9quilibre entre reconnaissance et \u00e9conomie budg\u00e9taire. Le S\u00e9nat a r\u00e9cemment approuv\u00e9 un projet de loi de finances pour 2025, visant \u00e0 r\u00e9duire ces avantages, ce qui suscite un d\u00e9bat sur la gestion des ressources publiques.<\/p>\n<h2>R\u00e9duction des Privil\u00e8ges<\/h2>\n<p>Le projet de loi de finances 2025 pr\u00e9voit de diminuer consid\u00e9rablement les avantages post-mandat pour les anciens chefs d&rsquo;\u00c9tat et de gouvernement. Actuellement, les anciens Premiers ministres b\u00e9n\u00e9ficient de v\u00e9hicules avec chauffeur et de secr\u00e9tariat, tandis que les anciens pr\u00e9sidents disposent de collaborateurs et de locaux financ\u00e9s par l&rsquo;\u00c9tat. La r\u00e9forme, port\u00e9e par la s\u00e9natrice Nathalie Goulet, vise \u00e0 restreindre ces privil\u00e8ges, posant la question de leur pertinence apr\u00e8s la fin de leur mandat.<\/p>\n<h2>Enjeux Financiers et D\u00e9bat Public<\/h2>\n<p>Les \u00e9conomies pr\u00e9vues par cette r\u00e9forme sont estim\u00e9es \u00e0 environ 2,8 millions d&rsquo;euros. Bien que ce montant soit modeste par rapport \u00e0 la dette publique, il soul\u00e8ve des questions sur l&rsquo;utilisation des fonds publics. En 2023, les d\u00e9penses pour les anciens pr\u00e9sidents s&rsquo;\u00e9levaient \u00e0 1,32 million d&rsquo;euros et \u00e0 1,42 million pour les anciens Premiers ministres. Cette r\u00e9forme s&rsquo;inscrit dans un contexte de demande croissante de transparence et de gestion rigoureuse des finances publiques par les citoyens, tout en remettant en question le r\u00f4le des anciens dirigeants apr\u00e8s leur mandat.<\/p>\n<h2>Implications Politiques et Constitutionnelles<\/h2>\n<p>La mise en \u0153uvre de cette r\u00e9forme n\u00e9cessite plus qu&rsquo;un simple vote au S\u00e9nat. Les d\u00e9crets r\u00e9gissant ces avantages ne peuvent \u00eatre modifi\u00e9s que par le pr\u00e9sident de la R\u00e9publique, ce qui soul\u00e8ve des questions sur la s\u00e9paration des pouvoirs. Ce d\u00e9bat touche \u00e9galement \u00e0 la transition d\u00e9mocratique et \u00e0 la reconnaissance du service rendu \u00e0 l&rsquo;\u00c9tat. Certains estiment que ces privil\u00e8ges permettent aux anciens dirigeants de continuer \u00e0 contribuer en tant que conseillers, tandis que d&rsquo;autres jugent ces avantages \u00e9conomiquement injustifi\u00e9s.<\/p>\n<h2>Perspectives d\u2019Avenir et Impact sur la Fonction Pr\u00e9sidentielle<\/h2>\n<p>Adopt\u00e9e, cette r\u00e9forme pourrait influencer la perception et l&rsquo;exercice de la fonction pr\u00e9sidentielle. Les futurs candidats pourraient devoir r\u00e9\u00e9valuer leurs attentes post-mandat, modifiant ainsi la dynamique politique fran\u00e7aise. Cette proposition refl\u00e8te un changement dans la perception du r\u00f4le des anciens dirigeants en France, soulevant des questions sur l&rsquo;\u00e9quilibre entre reconnaissance et gestion aust\u00e8re des finances publiques. L&rsquo;issue de ce d\u00e9bat pourrait marquer un tournant dans la culture politique fran\u00e7aise et la relation entre les citoyens et leurs anciens dirigeants.<\/p>\n<p>En conclusion, la r\u00e9forme des privil\u00e8ges post-mandat des anciens pr\u00e9sidents et Premiers ministres en France symbolise une \u00e9volution dans la gestion des ressources publiques et la reconnaissance des services rendus \u00e0 l&rsquo;\u00c9tat. Elle pourrait transformer la mani\u00e8re dont ces fonctions sont per\u00e7ues et exerc\u00e9es, influen\u00e7ant ainsi l&rsquo;avenir politique du pays.<\/p>\n","protected":false},"excerpt":{"rendered":"<p>La France s&rsquo;appr\u00eate \u00e0 r\u00e9former les privil\u00e8ges accord\u00e9s aux anciens pr\u00e9sidents et Premiers ministres, une initiative qui pourrait red\u00e9finir l&rsquo;\u00e9quilibre entre reconnaissance et \u00e9conomie budg\u00e9taire. Le S\u00e9nat a r\u00e9cemment approuv\u00e9 un projet de loi de finances pour 2025, visant \u00e0 r\u00e9duire ces avantages, ce qui suscite un d\u00e9bat sur la gestion des ressources publiques. R\u00e9duction [&hellip;]<\/p>\n","protected":false},"author":1,"featured_media":3030,"comment_status":"open","ping_status":"open","sticky":false,"template":"","format":"standard","meta":{"_seopress_robots_primary_cat":"","_seopress_titles_title":"","_seopress_titles_desc":"","_seopress_robots_index":"","footnotes":""},"categories":[7],"tags":[],"class_list":{"0":"post-3029","1":"post","2":"type-post","3":"status-publish","4":"format-standard","5":"has-post-thumbnail","7":"category-societe"},"_links":{"self":[{"href":"https:\/\/cuberg.net\/fr\/wp-json\/wp\/v2\/posts\/3029","targetHints":{"allow":["GET"]}}],"collection":[{"href":"https:\/\/cuberg.net\/fr\/wp-json\/wp\/v2\/posts"}],"about":[{"href":"https:\/\/cuberg.net\/fr\/wp-json\/wp\/v2\/types\/post"}],"author":[{"embeddable":true,"href":"https:\/\/cuberg.net\/fr\/wp-json\/wp\/v2\/users\/1"}],"replies":[{"embeddable":true,"href":"https:\/\/cuberg.net\/fr\/wp-json\/wp\/v2\/comments?post=3029"}],"version-history":[{"count":1,"href":"https:\/\/cuberg.net\/fr\/wp-json\/wp\/v2\/posts\/3029\/revisions"}],"predecessor-version":[{"id":3307,"href":"https:\/\/cuberg.net\/fr\/wp-json\/wp\/v2\/posts\/3029\/revisions\/3307"}],"wp:featuredmedia":[{"embeddable":true,"href":"https:\/\/cuberg.net\/fr\/wp-json\/wp\/v2\/media\/3030"}],"wp:attachment":[{"href":"https:\/\/cuberg.net\/fr\/wp-json\/wp\/v2\/media?parent=3029"}],"wp:term":[{"taxonomy":"category","embeddable":true,"href":"https:\/\/cuberg.net\/fr\/wp-json\/wp\/v2\/categories?post=3029"},{"taxonomy":"post_tag","embeddable":true,"href":"https:\/\/cuberg.net\/fr\/wp-json\/wp\/v2\/tags?post=3029"}],"curies":[{"name":"wp","href":"https:\/\/api.w.org\/{rel}","templated":true}]}}