{"id":3051,"date":"2025-09-30T11:57:00","date_gmt":"2025-09-30T09:57:00","guid":{"rendered":"https:\/\/cuberg.net\/fr\/?p=3051"},"modified":"2025-09-29T00:37:16","modified_gmt":"2025-09-28T22:37:16","slug":"cheque-energie-mauvaise-nouvelle-le-montant-risque-de-baisser-en-2025","status":"publish","type":"post","link":"https:\/\/cuberg.net\/fr\/cheque-energie-mauvaise-nouvelle-le-montant-risque-de-baisser-en-2025\/","title":{"rendered":"Ch\u00e8que \u00e9nergie : mauvaise nouvelle le montant risque de baisser en 2025 ?"},"content":{"rendered":"<p>Le ch\u00e8que \u00e9nergie est un dispositif crucial en France, destin\u00e9 \u00e0 soutenir les m\u00e9nages modestes dans le r\u00e8glement de leurs d\u00e9penses \u00e9nerg\u00e9tiques. Cependant, des changements significatifs sont pr\u00e9vus pour 2025, ce qui suscite des pr\u00e9occupations quant \u00e0 son accessibilit\u00e9 et son efficacit\u00e9.<\/p>\n<h2>\u00c9volution du Soutien Financier<\/h2>\n<p>Depuis sa cr\u00e9ation, le ch\u00e8que \u00e9nergie a permis \u00e0 de nombreux Fran\u00e7ais de r\u00e9gler leurs factures d&rsquo;\u00e9nergie, qu&rsquo;il s&rsquo;agisse d&rsquo;\u00e9lectricit\u00e9, de gaz ou d&rsquo;autres sources. Calcul\u00e9 en fonction du revenu fiscal de r\u00e9f\u00e9rence et de la composition du foyer, il a b\u00e9n\u00e9fici\u00e9 \u00e0 des millions de m\u00e9nages. N\u00e9anmoins, le gouvernement envisage de modifier les modalit\u00e9s d&rsquo;obtention de cette aide.<\/p>\n<p>En 2024, un portail en ligne a \u00e9t\u00e9 mis en place pour que les foyers puissent actualiser leur situation et faire une demande. Ce changement pr\u00e9figure une transformation plus profonde pr\u00e9vue pour 2025 : l&rsquo;arr\u00eat de l&rsquo;envoi automatique du ch\u00e8que \u00e9nergie. Les b\u00e9n\u00e9ficiaires devront s&rsquo;inscrire en ligne et fournir divers documents, ce qui pourrait compliquer l&rsquo;acc\u00e8s \u00e0 ce soutien.<\/p>\n<h2>R\u00e9duction du Montant et Acc\u00e8s Limit\u00e9<\/h2>\n<p>Am\u00e9lie de Montchalin, ministre des Comptes publics, a sugg\u00e9r\u00e9 une possible r\u00e9duction du financement du ch\u00e8que \u00e9nergie, anticipant une baisse des prix de l&rsquo;\u00e9nergie en 2025. Cette perspective est critiqu\u00e9e par les associations de consommateurs, qui la consid\u00e8rent in\u00e9quitable.<\/p>\n<p>Antoine Autier de l&rsquo;UFC-Que Choisir souligne que le montant du ch\u00e8que n&rsquo;a pas \u00e9t\u00e9 ajust\u00e9 pour compenser la hausse des prix de l&rsquo;\u00e9nergie. De plus, la suppression de la taxe d&rsquo;habitation a compliqu\u00e9 l&rsquo;identification automatique des b\u00e9n\u00e9ficiaires, surtout pour ceux \u00e9loign\u00e9s du num\u00e9rique.<\/p>\n<p>Le projet de loi de finances pour 2025 pourrait restreindre encore le nombre de b\u00e9n\u00e9ficiaires ou r\u00e9duire le montant des ch\u00e8ques, ce qui est pr\u00e9occupant dans un contexte o\u00f9 20 % des foyers fran\u00e7ais se d\u00e9clarent en pr\u00e9carit\u00e9 \u00e9nerg\u00e9tique.<\/p>\n<h2>Cons\u00e9quences sur les M\u00e9nages Vuln\u00e9rables<\/h2>\n<p>La r\u00e9duction possible du ch\u00e8que \u00e9nergie inqui\u00e8te particuli\u00e8rement les foyers modestes qui d\u00e9pendent de cette aide pour \u00e9quilibrer leur budget. Les associations rappellent que ces m\u00e9nages subissent encore les effets des hausses pass\u00e9es des prix de l&rsquo;\u00e9nergie.<\/p>\n<p>Bien que la ministre de l\u2019\u00c9nergie, Agn\u00e8s Pannier-Runacher, ait affirm\u00e9 que le ch\u00e8que \u00e9nergie resterait une priorit\u00e9, les mesures envisag\u00e9es semblent contredire ces d\u00e9clarations, ajoutant \u00e0 l&rsquo;incertitude des familles concern\u00e9es. Les acteurs sociaux craignent une augmentation du non-recours \u00e0 l&rsquo;aide, laissant de c\u00f4t\u00e9 les plus vuln\u00e9rables.<\/p>\n<h2>Vers une R\u00e9forme du Syst\u00e8me d&rsquo;Aide \u00c9nerg\u00e9tique<\/h2>\n<p>Face \u00e0 ces enjeux, une r\u00e9flexion sur l&rsquo;avenir du soutien \u00e9nerg\u00e9tique en France est indispensable. Bien que la baisse des prix de l&rsquo;\u00e9nergie puisse justifier une r\u00e9vision du dispositif, il est crucial de maintenir un filet de s\u00e9curit\u00e9 pour les m\u00e9nages les plus fragiles. Des alternatives, comme des tarifs sociaux de l&rsquo;\u00e9nergie ou des aides cibl\u00e9es \u00e0 la r\u00e9novation \u00e9nerg\u00e9tique, pourraient \u00eatre envisag\u00e9es.<\/p>\n<p>L&rsquo;efficacit\u00e9 et l&rsquo;\u00e9quit\u00e9 du syst\u00e8me d&rsquo;aide doivent \u00eatre prioritaires. Une approche personnalis\u00e9e, prenant en compte les sp\u00e9cificit\u00e9s de chaque foyer, pourrait permettre une meilleure allocation des ressources. Par ailleurs, des efforts de sensibilisation et d&rsquo;accompagnement sont n\u00e9cessaires pour garantir que tous les ayants droit puissent acc\u00e9der \u00e0 l&rsquo;aide, malgr\u00e9 la complexification des d\u00e9marches.<\/p>\n<p>En conclusion, le ch\u00e8que \u00e9nergie est \u00e0 un tournant crucial. Il est essentiel que les r\u00e9formes envisag\u00e9es ne compromettent pas l&rsquo;acc\u00e8s \u00e0 cette aide pour les m\u00e9nages qui en ont le plus besoin, tout en assurant une gestion efficace et \u00e9quitable des ressources disponibles.<\/p>\n","protected":false},"excerpt":{"rendered":"<p>Le ch\u00e8que \u00e9nergie est un dispositif crucial en France, destin\u00e9 \u00e0 soutenir les m\u00e9nages modestes dans le r\u00e8glement de leurs d\u00e9penses \u00e9nerg\u00e9tiques. Cependant, des changements significatifs sont pr\u00e9vus pour 2025, ce qui suscite des pr\u00e9occupations quant \u00e0 son accessibilit\u00e9 et son efficacit\u00e9. \u00c9volution du Soutien Financier Depuis sa cr\u00e9ation, le ch\u00e8que \u00e9nergie a permis \u00e0 [&hellip;]<\/p>\n","protected":false},"author":1,"featured_media":3052,"comment_status":"open","ping_status":"open","sticky":false,"template":"","format":"standard","meta":{"_seopress_robots_primary_cat":"","_seopress_titles_title":"","_seopress_titles_desc":"","_seopress_robots_index":"","footnotes":""},"categories":[7],"tags":[],"class_list":{"0":"post-3051","1":"post","2":"type-post","3":"status-publish","4":"format-standard","5":"has-post-thumbnail","7":"category-societe"},"_links":{"self":[{"href":"https:\/\/cuberg.net\/fr\/wp-json\/wp\/v2\/posts\/3051","targetHints":{"allow":["GET"]}}],"collection":[{"href":"https:\/\/cuberg.net\/fr\/wp-json\/wp\/v2\/posts"}],"about":[{"href":"https:\/\/cuberg.net\/fr\/wp-json\/wp\/v2\/types\/post"}],"author":[{"embeddable":true,"href":"https:\/\/cuberg.net\/fr\/wp-json\/wp\/v2\/users\/1"}],"replies":[{"embeddable":true,"href":"https:\/\/cuberg.net\/fr\/wp-json\/wp\/v2\/comments?post=3051"}],"version-history":[{"count":1,"href":"https:\/\/cuberg.net\/fr\/wp-json\/wp\/v2\/posts\/3051\/revisions"}],"predecessor-version":[{"id":3224,"href":"https:\/\/cuberg.net\/fr\/wp-json\/wp\/v2\/posts\/3051\/revisions\/3224"}],"wp:featuredmedia":[{"embeddable":true,"href":"https:\/\/cuberg.net\/fr\/wp-json\/wp\/v2\/media\/3052"}],"wp:attachment":[{"href":"https:\/\/cuberg.net\/fr\/wp-json\/wp\/v2\/media?parent=3051"}],"wp:term":[{"taxonomy":"category","embeddable":true,"href":"https:\/\/cuberg.net\/fr\/wp-json\/wp\/v2\/categories?post=3051"},{"taxonomy":"post_tag","embeddable":true,"href":"https:\/\/cuberg.net\/fr\/wp-json\/wp\/v2\/tags?post=3051"}],"curies":[{"name":"wp","href":"https:\/\/api.w.org\/{rel}","templated":true}]}}