{"id":3062,"date":"2025-10-07T10:32:00","date_gmt":"2025-10-07T08:32:00","guid":{"rendered":"https:\/\/cuberg.net\/fr\/?p=3062"},"modified":"2025-10-07T02:33:59","modified_gmt":"2025-10-07T00:33:59","slug":"rappel-massif-de-fromages-de-chevre-contamines-dans-toute-la-france-la-bacterie-e-coli-est-de-retour-faites-attention","status":"publish","type":"post","link":"https:\/\/cuberg.net\/fr\/rappel-massif-de-fromages-de-chevre-contamines-dans-toute-la-france-la-bacterie-e-coli-est-de-retour-faites-attention\/","title":{"rendered":"Rappel massif de fromages de ch\u00e8vre contamin\u00e9s dans toute la France : la bact\u00e9rie E.Coli est de retour, faites attention !"},"content":{"rendered":"<p>R\u00e9cemment, un rappel important a \u00e9t\u00e9 lanc\u00e9 en France concernant certains lots de fromages de ch\u00e8vre Selles-sur-Cher, en raison d&rsquo;une contamination par la bact\u00e9rie E. coli. Ce rappel vise \u00e0 prot\u00e9ger la sant\u00e9 des consommateurs face aux risques associ\u00e9s \u00e0 cette contamination.<\/p>\n<h2>Enseignes et P\u00e9riode de Distribution<\/h2>\n<p>Les fromages concern\u00e9s ont \u00e9t\u00e9 vendus dans plusieurs grandes enseignes fran\u00e7aises, notamment E. Leclerc, Super U, Hyper U, Carrefour, Intermarch\u00e9, Cora, Costco, et Od\u00e9on. Ces produits ont \u00e9t\u00e9 commercialis\u00e9s entre le 19 et le 29 ao\u00fbt 2025. Les consommateurs doivent v\u00e9rifier les dates de durabilit\u00e9 et retourner les produits en magasin pour obtenir un remboursement.<\/p>\n<h2>Produits Rappel\u00e9s<\/h2>\n<ul>\n<li><strong>Selles-sur-Cher Nos r\u00e9gions ont du talent<\/strong> : Disponible chez E. Leclerc du 21 au 29 ao\u00fbt, avec une date de durabilit\u00e9 jusqu&rsquo;au 8 octobre 2025. Les retours sont possibles jusqu&rsquo;au 16 septembre.<\/li>\n<li><strong>Selles-sur-Cher Fromagerie d\u2019Anjouin 23 %<\/strong> : Vendu par la Coop\u00e9rative U (Super U, Hyper U) entre le 22 et le 29 ao\u00fbt, avec une date de durabilit\u00e9 jusqu&rsquo;au 7 octobre 2025.<\/li>\n<li><strong>Selles-sur-Cher Fromagerie d\u2019Anjouin<\/strong> : Distribu\u00e9 du 19 au 29 ao\u00fbt dans plusieurs enseignes, avec des dates de durabilit\u00e9 selon les lots : 7 ou 8 octobre 2025.<\/li>\n<\/ul>\n<h2>Risques Sanitaires<\/h2>\n<p>La bact\u00e9rie E. coli STEC O145 peut provoquer des troubles digestifs graves. Les sympt\u00f4mes apparaissent g\u00e9n\u00e9ralement dans la semaine suivant l&rsquo;ingestion et incluent des diarrh\u00e9es parfois sanglantes, des douleurs abdominales, des naus\u00e9es, des vomissements et de la fi\u00e8vre. Les jeunes enfants et les personnes \u00e2g\u00e9es sont particuli\u00e8rement \u00e0 risque de complications r\u00e9nales s\u00e9v\u00e8res. Il est crucial de ne pas consommer ces produits et de surveiller l&rsquo;apparition de sympt\u00f4mes.<\/p>\n<h2>Actions \u00e0 Entreprendre<\/h2>\n<p>Les consommateurs ayant achet\u00e9 ces fromages doivent les rapporter en magasin pour un remboursement. Les enseignes concern\u00e9es participent activement \u00e0 cette op\u00e9ration de rappel. Les clients peuvent \u00e9galement contacter le service consommateur via la fiche Rappel Conso. Le rappel prendra fin le 15 septembre 2025, sauf pour le lot Nos r\u00e9gions ont du talent, dont la date limite est le 16 septembre.<\/p>\n<p>En conclusion, ce rappel de fromages Selles-sur-Cher met en lumi\u00e8re l&rsquo;importance de la vigilance face aux risques alimentaires. Les consommateurs doivent rester attentifs aux informations de rappel pour garantir leur s\u00e9curit\u00e9 sanitaire et celle de leurs proches.<\/p>\n","protected":false},"excerpt":{"rendered":"<p>R\u00e9cemment, un rappel important a \u00e9t\u00e9 lanc\u00e9 en France concernant certains lots de fromages de ch\u00e8vre Selles-sur-Cher, en raison d&rsquo;une contamination par la bact\u00e9rie E. coli. Ce rappel vise \u00e0 prot\u00e9ger la sant\u00e9 des consommateurs face aux risques associ\u00e9s \u00e0 cette contamination. Enseignes et P\u00e9riode de Distribution Les fromages concern\u00e9s ont \u00e9t\u00e9 vendus dans plusieurs [&hellip;]<\/p>\n","protected":false},"author":1,"featured_media":3063,"comment_status":"open","ping_status":"open","sticky":false,"template":"","format":"standard","meta":{"_seopress_robots_primary_cat":"","_seopress_titles_title":"","_seopress_titles_desc":"","_seopress_robots_index":"","footnotes":""},"categories":[7],"tags":[],"class_list":{"0":"post-3062","1":"post","2":"type-post","3":"status-publish","4":"format-standard","5":"has-post-thumbnail","7":"category-societe"},"_links":{"self":[{"href":"https:\/\/cuberg.net\/fr\/wp-json\/wp\/v2\/posts\/3062","targetHints":{"allow":["GET"]}}],"collection":[{"href":"https:\/\/cuberg.net\/fr\/wp-json\/wp\/v2\/posts"}],"about":[{"href":"https:\/\/cuberg.net\/fr\/wp-json\/wp\/v2\/types\/post"}],"author":[{"embeddable":true,"href":"https:\/\/cuberg.net\/fr\/wp-json\/wp\/v2\/users\/1"}],"replies":[{"embeddable":true,"href":"https:\/\/cuberg.net\/fr\/wp-json\/wp\/v2\/comments?post=3062"}],"version-history":[{"count":1,"href":"https:\/\/cuberg.net\/fr\/wp-json\/wp\/v2\/posts\/3062\/revisions"}],"predecessor-version":[{"id":3296,"href":"https:\/\/cuberg.net\/fr\/wp-json\/wp\/v2\/posts\/3062\/revisions\/3296"}],"wp:featuredmedia":[{"embeddable":true,"href":"https:\/\/cuberg.net\/fr\/wp-json\/wp\/v2\/media\/3063"}],"wp:attachment":[{"href":"https:\/\/cuberg.net\/fr\/wp-json\/wp\/v2\/media?parent=3062"}],"wp:term":[{"taxonomy":"category","embeddable":true,"href":"https:\/\/cuberg.net\/fr\/wp-json\/wp\/v2\/categories?post=3062"},{"taxonomy":"post_tag","embeddable":true,"href":"https:\/\/cuberg.net\/fr\/wp-json\/wp\/v2\/tags?post=3062"}],"curies":[{"name":"wp","href":"https:\/\/api.w.org\/{rel}","templated":true}]}}