{"id":3068,"date":"2025-10-02T17:09:00","date_gmt":"2025-10-02T15:09:00","guid":{"rendered":"https:\/\/cuberg.net\/fr\/?p=3068"},"modified":"2025-10-01T23:19:53","modified_gmt":"2025-10-01T21:19:53","slug":"jai-ete-debite-ce-jeudi-le-fisc-preleve-le-solde-dimpot-directement-sur-votre-compte-bancaire-des-millions-de-francais-concernes","status":"publish","type":"post","link":"https:\/\/cuberg.net\/fr\/jai-ete-debite-ce-jeudi-le-fisc-preleve-le-solde-dimpot-directement-sur-votre-compte-bancaire-des-millions-de-francais-concernes\/","title":{"rendered":"J&rsquo;ai \u00e9t\u00e9 d\u00e9bit\u00e9 : ce jeudi, le fisc pr\u00e9l\u00e8ve le solde d\u2019imp\u00f4t directement sur votre compte bancaire, des millions de Fran\u00e7ais concern\u00e9s"},"content":{"rendered":"\n<p>Le 2 octobre est une date cl\u00e9 pour de nombreux contribuables en France, car c&rsquo;est \u00e0 ce moment que le fisc pr\u00e9l\u00e8ve le solde de l&rsquo;imp\u00f4t sur le revenu. Cette op\u00e9ration, men\u00e9e par la Direction g\u00e9n\u00e9rale des finances publiques (DGFiP), concerne environ 13 millions de foyers fiscaux. Ce pr\u00e9l\u00e8vement peut surprendre certains contribuables, surtout apr\u00e8s les vacances d&rsquo;\u00e9t\u00e9.<\/p>\n\n\n\n<h2 class=\"wp-block-heading\">Qui est concern\u00e9 par le pr\u00e9l\u00e8vement ?<\/h2>\n\n\n\n<p>Ce pr\u00e9l\u00e8vement s&rsquo;applique aux contribuables dont le montant pr\u00e9lev\u00e9 \u00e0 la source n&rsquo;a pas couvert l&rsquo;int\u00e9gralit\u00e9 de l&rsquo;imp\u00f4t d\u00fb. Plusieurs facteurs peuvent expliquer ce solde restant :<\/p>\n\n\n\n<ul class=\"wp-block-list\">\n<li>Une augmentation des revenus en 2024.<\/li>\n\n\n\n<li>Une diminution des cr\u00e9dits ou r\u00e9ductions d&rsquo;imp\u00f4t.<\/li>\n\n\n\n<li>Un changement de situation familiale influen\u00e7ant la fiscalit\u00e9.<\/li>\n<\/ul>\n\n\n\n<h2 class=\"wp-block-heading\">Comment se d\u00e9roule le paiement ?<\/h2>\n\n\n\n<p>Le mode de pr\u00e9l\u00e8vement d\u00e9pend du montant d\u00fb :<\/p>\n\n\n\n<ul class=\"wp-block-list\">\n<li>Pour un solde inf\u00e9rieur ou \u00e9gal \u00e0 300 euros, le pr\u00e9l\u00e8vement est effectu\u00e9 en une seule fois le 25 septembre.<\/li>\n\n\n\n<li>Pour un solde sup\u00e9rieur \u00e0 300 euros, le paiement est r\u00e9parti sur quatre mensualit\u00e9s, avec des pr\u00e9l\u00e8vements les 25 septembre, 27 octobre, 27 novembre et 29 d\u00e9cembre.<\/li>\n<\/ul>\n\n\n\n<p>Par exemple, un contribuable avec un solde de 1 200 euros verra 300 euros pr\u00e9lev\u00e9s chaque mois jusqu&rsquo;\u00e0 la fin de l&rsquo;ann\u00e9e. Cette r\u00e9partition vise \u00e0 att\u00e9nuer l&rsquo;impact financier sur les m\u00e9nages.<\/p>\n\n\n\n<h2 class=\"wp-block-heading\">Que faire en cas de difficult\u00e9 de paiement ?<\/h2>\n\n\n\n<p>Pour ceux qui ont des difficult\u00e9s \u00e0 r\u00e9gler leur solde, plusieurs solutions existent :<\/p>\n\n\n\n<ul class=\"wp-block-list\">\n<li>Demander un d\u00e9lai de paiement via l&rsquo;espace particulier sur le site des imp\u00f4ts.<\/li>\n\n\n\n<li>Solliciter un plan d&rsquo;\u00e9chelonnement plus long.<\/li>\n\n\n\n<li>Demander une remise gracieuse partielle ou totale dans les cas les plus d\u00e9licats.<\/li>\n<\/ul>\n\n\n\n<p>Il est essentiel de fournir un Relev\u00e9 d\u2019Identit\u00e9 Bancaire (RIB) pour \u00e9viter les rejets de pr\u00e9l\u00e8vement, qui entra\u00eenent des p\u00e9nalit\u00e9s et des int\u00e9r\u00eats de retard.<\/p>\n\n\n\n<h2 class=\"wp-block-heading\">Conclusion<\/h2>\n\n\n\n<p>Le pr\u00e9l\u00e8vement du solde d&rsquo;imp\u00f4t sur le revenu est une \u00e9tape importante pour de nombreux foyers fiscaux en France. Bien que la majorit\u00e9 des contribuables soient pr\u00e9lev\u00e9s automatiquement, il est crucial de comprendre les modalit\u00e9s de paiement et les options disponibles en cas de difficult\u00e9s financi\u00e8res. En anticipant et en pr\u00e9parant les d\u00e9marches n\u00e9cessaires, les contribuables peuvent mieux g\u00e9rer cette obligation fiscale annuelle.<\/p>\n","protected":false},"excerpt":{"rendered":"<p>Le 2 octobre est une date cl\u00e9 pour de nombreux contribuables en France, car c&rsquo;est \u00e0 ce moment que le fisc pr\u00e9l\u00e8ve le solde de l&rsquo;imp\u00f4t sur le revenu. Cette op\u00e9ration, men\u00e9e par la Direction g\u00e9n\u00e9rale des finances publiques (DGFiP), concerne environ 13 millions de foyers fiscaux. Ce pr\u00e9l\u00e8vement peut surprendre certains contribuables, surtout apr\u00e8s [&hellip;]<\/p>\n","protected":false},"author":1,"featured_media":3069,"comment_status":"open","ping_status":"open","sticky":false,"template":"","format":"standard","meta":{"_seopress_robots_primary_cat":"none","_seopress_titles_title":"","_seopress_titles_desc":"","_seopress_robots_index":"","footnotes":""},"categories":[16],"tags":[],"class_list":{"0":"post-3068","1":"post","2":"type-post","3":"status-publish","4":"format-standard","5":"has-post-thumbnail","7":"category-business"},"_links":{"self":[{"href":"https:\/\/cuberg.net\/fr\/wp-json\/wp\/v2\/posts\/3068","targetHints":{"allow":["GET"]}}],"collection":[{"href":"https:\/\/cuberg.net\/fr\/wp-json\/wp\/v2\/posts"}],"about":[{"href":"https:\/\/cuberg.net\/fr\/wp-json\/wp\/v2\/types\/post"}],"author":[{"embeddable":true,"href":"https:\/\/cuberg.net\/fr\/wp-json\/wp\/v2\/users\/1"}],"replies":[{"embeddable":true,"href":"https:\/\/cuberg.net\/fr\/wp-json\/wp\/v2\/comments?post=3068"}],"version-history":[{"count":2,"href":"https:\/\/cuberg.net\/fr\/wp-json\/wp\/v2\/posts\/3068\/revisions"}],"predecessor-version":[{"id":3292,"href":"https:\/\/cuberg.net\/fr\/wp-json\/wp\/v2\/posts\/3068\/revisions\/3292"}],"wp:featuredmedia":[{"embeddable":true,"href":"https:\/\/cuberg.net\/fr\/wp-json\/wp\/v2\/media\/3069"}],"wp:attachment":[{"href":"https:\/\/cuberg.net\/fr\/wp-json\/wp\/v2\/media?parent=3068"}],"wp:term":[{"taxonomy":"category","embeddable":true,"href":"https:\/\/cuberg.net\/fr\/wp-json\/wp\/v2\/categories?post=3068"},{"taxonomy":"post_tag","embeddable":true,"href":"https:\/\/cuberg.net\/fr\/wp-json\/wp\/v2\/tags?post=3068"}],"curies":[{"name":"wp","href":"https:\/\/api.w.org\/{rel}","templated":true}]}}