{"id":308,"date":"2025-09-15T10:35:00","date_gmt":"2025-09-15T08:35:00","guid":{"rendered":"https:\/\/cuberg.net\/fr\/?p=308"},"modified":"2025-09-14T19:12:15","modified_gmt":"2025-09-14T17:12:15","slug":"societe-agirc-arrco-vous-devez-imperativement-verifier-vos-droits-pour-ne-pas-les-perdre-apres-la-reforme","status":"publish","type":"post","link":"https:\/\/cuberg.net\/fr\/societe-agirc-arrco-vous-devez-imperativement-verifier-vos-droits-pour-ne-pas-les-perdre-apres-la-reforme\/","title":{"rendered":"Soci\u00e9t\u00e9 Agirc-Arrco : vous devez imp\u00e9rativement v\u00e9rifier vos droits pour ne pas les perdre apr\u00e8s la r\u00e9forme"},"content":{"rendered":"<p>La r\u00e9forme des retraites a entra\u00een\u00e9 divers changements pour les b\u00e9n\u00e9ficiaires du r\u00e9gime Agirc-Arrco. **Il est crucial de v\u00e9rifier r\u00e9guli\u00e8rement vos droits \u00e0 la retraite compl\u00e9mentaire** afin d&rsquo;\u00e9viter les mauvaises surprises lors de votre d\u00e9part \u00e0 la retraite. Selon les \u00e9tudes r\u00e9centes, environ un retrait\u00e9 sur sept ne per\u00e7oit pas le montant correct de sa pension, principalement en raison d&rsquo;erreurs administratives qui auraient pu \u00eatre corrig\u00e9es plus t\u00f4t.<\/p>\n<h2>L&rsquo;importance de la v\u00e9rification annuelle de vos droits Agirc-Arrco<\/h2>\n<p>Le r\u00e9gime de retraite compl\u00e9mentaire Agirc-Arrco concerne l&rsquo;ensemble des salari\u00e9s du secteur priv\u00e9. Ce syst\u00e8me repose sur l&rsquo;accumulation de points convertis en pension au moment de la retraite. **Les erreurs administratives peuvent avoir un impact significatif sur le montant final** de votre pension compl\u00e9mentaire.<\/p>\n<p>Ces erreurs peuvent rev\u00eatir diff\u00e9rentes formes:<\/p>\n<ul>\n<li>Oubli d&rsquo;enregistrement de p\u00e9riodes de cotisation<\/li>\n<li>Calcul incorrect des points acquis<\/li>\n<li>Omissions de p\u00e9riodes travaill\u00e9es<\/li>\n<li>Inexactitudes dans les informations personnelles<\/li>\n<li>Erreurs de suivi des changements d&#8217;employeur<\/li>\n<\/ul>\n<p>Les sp\u00e9cialistes recommandent d&rsquo;entamer cette v\u00e9rification d\u00e8s l&rsquo;\u00e2ge de 50 ans, sans attendre l&rsquo;approche de la retraite. <i>Une approche proactive vous permettra non seulement de s\u00e9curiser vos droits mais aussi d&rsquo;anticiper au mieux votre situation financi\u00e8re future<\/i>. En identifiant rapidement les anomalies, vous pourrez les signaler et les rectifier avant qu&rsquo;elles n&rsquo;affectent d\u00e9finitivement le calcul de votre pension.<\/p>\n<h2>Compr\u00e9hension du fonctionnement sp\u00e9cifique du r\u00e9gime Agirc-Arrco<\/h2>\n<p>Contrairement au r\u00e9gime de base g\u00e9r\u00e9 par la S\u00e9curit\u00e9 sociale, l&rsquo;Agirc-Arrco fonctionne sur la base de points. **Chaque euro cotis\u00e9 au cours de votre carri\u00e8re vous permet d&rsquo;acqu\u00e9rir des points** qui d\u00e9termineront le montant de votre pension future. Ce syst\u00e8me pr\u00e9sente des caract\u00e9ristiques importantes \u00e0 conna\u00eetre pour optimiser vos droits.<\/p>\n<p>Pour consulter votre relev\u00e9 de carri\u00e8re, il vous suffit de vous connecter sur le site officiel de l&rsquo;Agirc-Arrco ou de l&rsquo;Assurance retraite. Ce document essentiel r\u00e9capitule l&rsquo;ensemble de vos droits acquis et facilite l&rsquo;identification des p\u00e9riodes potentiellement manquantes.<\/p>\n<p><i>En cas d&rsquo;anomalie constat\u00e9e sur votre relev\u00e9<\/i>, rassemblez les pi\u00e8ces justificatives n\u00e9cessaires (bulletins de salaire, certificats de travail, justificatifs de p\u00e9riodes de ch\u00f4mage ou de cong\u00e9s sp\u00e9cifiques) avant de contacter votre caisse de retraite.<\/p>\n<table>\n<tr>\n<th>Document<\/th>\n<th>Utilit\u00e9<\/th>\n<th>P\u00e9riode de conservation<\/th>\n<\/tr>\n<tr>\n<td>Bulletins de salaire<\/td>\n<td>Preuve de vos cotisations<\/td>\n<td>Toute la vie professionnelle<\/td>\n<\/tr>\n<tr>\n<td>Certificats de travail<\/td>\n<td>Confirmation des p\u00e9riodes travaill\u00e9es<\/td>\n<td>Ind\u00e9finiment<\/td>\n<\/tr>\n<tr>\n<td>Justificatifs de ch\u00f4mage<\/td>\n<td>Validation des p\u00e9riodes d&rsquo;inactivit\u00e9<\/td>\n<td>Minimum 5 ans<\/td>\n<\/tr>\n<\/table>\n<h2>Conseils pour optimiser votre retraite compl\u00e9mentaire<\/h2>\n<p>Plusieurs leviers peuvent \u00eatre actionn\u00e9s pour maximiser votre pension Agirc-Arrco. **Le prolongement de votre activit\u00e9 professionnelle au-del\u00e0 de l&rsquo;\u00e2ge l\u00e9gal** est l&rsquo;une des strat\u00e9gies les plus efficaces. Cette d\u00e9marche vous permettra non seulement d&rsquo;accumuler davantage de points mais aussi de b\u00e9n\u00e9ficier \u00e9ventuellement de bonifications.<\/p>\n<p>Pour ceux qui recherchent une approche personnalis\u00e9e, consulter un expert en retraite peut s&rsquo;av\u00e9rer pertinent. Ce professionnel vous assistera pour:<\/p>\n<ol>\n<li>Analyser votre situation personnelle<\/li>\n<li>Identifier les optimisations envisageables<\/li>\n<li>\u00c9laborer un plan de d\u00e9part adapt\u00e9 \u00e0 vos besoins<\/li>\n<li>Anticiper les impacts de la r\u00e9forme sur votre situation sp\u00e9cifique<\/li>\n<\/ol>\n<p>Ne remettez pas \u00e0 la derni\u00e8re minute votre r\u00e9flexion sur ces questions avant votre d\u00e9part \u00e0 la retraite. <i>La planification de votre retraite doit \u00eatre envisag\u00e9e comme un processus continu tout au long de votre carri\u00e8re<\/i>. Les v\u00e9rifications r\u00e9guli\u00e8res et les ajustements progressifs vous permettront d&rsquo;aborder cette transition sereinement et de maintenir votre niveau de vie.<\/p>\n<p>**La vigilance concernant vos droits Agirc-Arrco repr\u00e9sente un investissement pour votre futur**. Quelques heures consacr\u00e9es chaque ann\u00e9e \u00e0 cette v\u00e9rification peuvent vous \u00e9viter des probl\u00e8mes financiers importants et vous garantiront de percevoir l&rsquo;int\u00e9gralit\u00e9 des droits acquis tout au long de votre parcours professionnel.<\/p>\n","protected":false},"excerpt":{"rendered":"<p>La r\u00e9forme des retraites a entra\u00een\u00e9 divers changements pour les b\u00e9n\u00e9ficiaires du r\u00e9gime Agirc-Arrco. **Il est crucial de v\u00e9rifier r\u00e9guli\u00e8rement vos droits \u00e0 la retraite compl\u00e9mentaire** afin d&rsquo;\u00e9viter les mauvaises surprises lors de votre d\u00e9part \u00e0 la retraite. Selon les \u00e9tudes r\u00e9centes, environ un retrait\u00e9 sur sept ne per\u00e7oit pas le montant correct de sa [&hellip;]<\/p>\n","protected":false},"author":1,"featured_media":309,"comment_status":"open","ping_status":"open","sticky":false,"template":"","format":"standard","meta":{"_seopress_robots_primary_cat":"","_seopress_titles_title":"","_seopress_titles_desc":"","_seopress_robots_index":"","footnotes":""},"categories":[7],"tags":[],"class_list":{"0":"post-308","1":"post","2":"type-post","3":"status-publish","4":"format-standard","5":"has-post-thumbnail","7":"category-societe"},"_links":{"self":[{"href":"https:\/\/cuberg.net\/fr\/wp-json\/wp\/v2\/posts\/308","targetHints":{"allow":["GET"]}}],"collection":[{"href":"https:\/\/cuberg.net\/fr\/wp-json\/wp\/v2\/posts"}],"about":[{"href":"https:\/\/cuberg.net\/fr\/wp-json\/wp\/v2\/types\/post"}],"author":[{"embeddable":true,"href":"https:\/\/cuberg.net\/fr\/wp-json\/wp\/v2\/users\/1"}],"replies":[{"embeddable":true,"href":"https:\/\/cuberg.net\/fr\/wp-json\/wp\/v2\/comments?post=308"}],"version-history":[{"count":1,"href":"https:\/\/cuberg.net\/fr\/wp-json\/wp\/v2\/posts\/308\/revisions"}],"predecessor-version":[{"id":1219,"href":"https:\/\/cuberg.net\/fr\/wp-json\/wp\/v2\/posts\/308\/revisions\/1219"}],"wp:featuredmedia":[{"embeddable":true,"href":"https:\/\/cuberg.net\/fr\/wp-json\/wp\/v2\/media\/309"}],"wp:attachment":[{"href":"https:\/\/cuberg.net\/fr\/wp-json\/wp\/v2\/media?parent=308"}],"wp:term":[{"taxonomy":"category","embeddable":true,"href":"https:\/\/cuberg.net\/fr\/wp-json\/wp\/v2\/categories?post=308"},{"taxonomy":"post_tag","embeddable":true,"href":"https:\/\/cuberg.net\/fr\/wp-json\/wp\/v2\/tags?post=308"}],"curies":[{"name":"wp","href":"https:\/\/api.w.org\/{rel}","templated":true}]}}