{"id":3086,"date":"2025-10-10T07:38:00","date_gmt":"2025-10-10T05:38:00","guid":{"rendered":"https:\/\/cuberg.net\/fr\/?p=3086"},"modified":"2025-10-09T01:03:56","modified_gmt":"2025-10-08T23:03:56","slug":"cest-officiel-fin-du-tarif-reglemente-edf-voici-les-dessous-de-la-decision-de-lautorite-de-la-concurrence","status":"publish","type":"post","link":"https:\/\/cuberg.net\/fr\/cest-officiel-fin-du-tarif-reglemente-edf-voici-les-dessous-de-la-decision-de-lautorite-de-la-concurrence\/","title":{"rendered":"C\u2019est officiel, fin du tarif r\u00e9glement\u00e9 EDF : voici les dessous de la d\u00e9cision de l\u2019Autorit\u00e9 de la Concurrence"},"content":{"rendered":"<p>Le march\u00e9 de l&rsquo;\u00e9lectricit\u00e9 en France conna\u00eet une transformation majeure, marqu\u00e9e par la remise en question des tarifs r\u00e9glement\u00e9s d&rsquo;EDF. Cette \u00e9volution, examin\u00e9e par l&rsquo;Autorit\u00e9 de la Concurrence, soul\u00e8ve des interrogations sur l&rsquo;avenir de l&rsquo;approvisionnement \u00e9nerg\u00e9tique et ses impacts sur les consommateurs.<\/p>\n<h2>\u00c9volution du march\u00e9 \u00e9lectrique face aux tarifs r\u00e9glement\u00e9s<\/h2>\n<p>Historiquement, les tarifs r\u00e9glement\u00e9s ont \u00e9t\u00e9 essentiels pour garantir un acc\u00e8s \u00e9quitable \u00e0 l&rsquo;\u00e9lectricit\u00e9 en France. Toutefois, l&rsquo;Autorit\u00e9 de la Concurrence critique ce syst\u00e8me, estimant qu&rsquo;il pourrait entraver une concurrence saine. Cette remise en question s&rsquo;inscrit dans un contexte de lib\u00e9ralisation du march\u00e9 de l&rsquo;\u00e9nergie \u00e0 l&rsquo;\u00e9chelle europ\u00e9enne. Les fournisseurs alternatifs consid\u00e8rent que les tarifs r\u00e9glement\u00e9s limitent leur capacit\u00e9 \u00e0 proposer des offres innovantes. En revanche, leurs d\u00e9fenseurs soulignent leur r\u00f4le protecteur face aux fluctuations du march\u00e9, particuli\u00e8rement instables ces derni\u00e8res ann\u00e9es.<\/p>\n<p>La transition \u00e9nerg\u00e9tique, avec une int\u00e9gration accrue des \u00e9nergies renouvelables, complexifie la situation. La gestion de la consommation devient cruciale, comme en t\u00e9moigne la r\u00e9forme des heures creuses pr\u00e9vue pour 2025, visant une consommation plus flexible.<\/p>\n<h2>Arguments pour une lib\u00e9ralisation du march\u00e9<\/h2>\n<p>L&rsquo;Autorit\u00e9 de la Concurrence propose une suppression progressive des tarifs r\u00e9glement\u00e9s, estimant qu&rsquo;un march\u00e9 plus ouvert stimulerait l&rsquo;innovation et permettrait des offres tarifaires mieux adapt\u00e9es aux besoins des consommateurs. La digitalisation du secteur, avec des outils comme les compteurs intelligents Linky, offre des opportunit\u00e9s de modernisation. Ces technologies permettent un suivi pr\u00e9cis de la consommation et pourraient encourager des tarifications dynamiques. Les offres index\u00e9es sur les prix du march\u00e9 pourraient devenir plus courantes, offrant potentiellement des \u00e9conomies aux consommateurs adaptatifs.<\/p>\n<p>L&rsquo;Autorit\u00e9 souligne que d&rsquo;autres pays europ\u00e9ens ayant supprim\u00e9 leurs tarifs r\u00e9glement\u00e9s ont vu \u00e9merger des march\u00e9s plus dynamiques. Cependant, ces comparaisons doivent tenir compte des sp\u00e9cificit\u00e9s du march\u00e9 fran\u00e7ais, notamment sa d\u00e9pendance \u00e0 l&rsquo;\u00e9nergie nucl\u00e9aire.<\/p>\n<h2>Protection des consommateurs et enjeux sociaux<\/h2>\n<p>La suppression des tarifs r\u00e9glement\u00e9s, bien qu&rsquo;attrayante pour la concurrence, soul\u00e8ve des pr\u00e9occupations sociales. La vuln\u00e9rabilit\u00e9 \u00e9nerg\u00e9tique est d\u00e9j\u00e0 une r\u00e9alit\u00e9 pour de nombreux m\u00e9nages fran\u00e7ais, et l&rsquo;abandon d&rsquo;un cadre protecteur pourrait aggraver cette situation. L&rsquo;Autorit\u00e9 de la Concurrence propose donc des recommandations pour une transition ma\u00eetris\u00e9e.<\/p>\n<p>Des m\u00e9canismes de protection renforc\u00e9s seraient n\u00e9cessaires, notamment pour les consommateurs les plus fragiles, avec des boucliers tarifaires cibl\u00e9s et des syst\u00e8mes d&rsquo;alerte en cas de hausse anormale des prix. La transparence des offres est cruciale pour \u00e9viter que la complexification du march\u00e9 ne p\u00e9nalise les consommateurs. La transition devrait \u00eatre progressive, avec une p\u00e9riode d&rsquo;adaptation pour permettre aux consommateurs de comprendre et d&rsquo;adopter les nouvelles r\u00e8gles. L&rsquo;accompagnement des publics moins familiers avec le num\u00e9rique ou les comparaisons d&rsquo;offres complexes est un d\u00e9fi suppl\u00e9mentaire que les pouvoirs publics devront relever.<\/p>\n<p>En conclusion, l&rsquo;\u00e9volution vers un march\u00e9 sans tarifs r\u00e9glement\u00e9s ne sera b\u00e9n\u00e9fique que si elle s&rsquo;accompagne d&rsquo;une vigilance accrue sur les pratiques commerciales et d&rsquo;une r\u00e9gulation adapt\u00e9e aux nouveaux enjeux du secteur \u00e9nerg\u00e9tique. Le d\u00e9fi pour l&rsquo;Autorit\u00e9 de la Concurrence et les r\u00e9gulateurs sera de trouver le juste \u00e9quilibre entre stimulation du march\u00e9 et protection des int\u00e9r\u00eats des consommateurs.<\/p>\n","protected":false},"excerpt":{"rendered":"<p>Le march\u00e9 de l&rsquo;\u00e9lectricit\u00e9 en France conna\u00eet une transformation majeure, marqu\u00e9e par la remise en question des tarifs r\u00e9glement\u00e9s d&rsquo;EDF. Cette \u00e9volution, examin\u00e9e par l&rsquo;Autorit\u00e9 de la Concurrence, soul\u00e8ve des interrogations sur l&rsquo;avenir de l&rsquo;approvisionnement \u00e9nerg\u00e9tique et ses impacts sur les consommateurs. \u00c9volution du march\u00e9 \u00e9lectrique face aux tarifs r\u00e9glement\u00e9s Historiquement, les tarifs r\u00e9glement\u00e9s ont [&hellip;]<\/p>\n","protected":false},"author":1,"featured_media":3087,"comment_status":"open","ping_status":"open","sticky":false,"template":"","format":"standard","meta":{"_seopress_robots_primary_cat":"","_seopress_titles_title":"","_seopress_titles_desc":"","_seopress_robots_index":"","footnotes":""},"categories":[7],"tags":[],"class_list":{"0":"post-3086","1":"post","2":"type-post","3":"status-publish","4":"format-standard","5":"has-post-thumbnail","7":"category-societe"},"_links":{"self":[{"href":"https:\/\/cuberg.net\/fr\/wp-json\/wp\/v2\/posts\/3086","targetHints":{"allow":["GET"]}}],"collection":[{"href":"https:\/\/cuberg.net\/fr\/wp-json\/wp\/v2\/posts"}],"about":[{"href":"https:\/\/cuberg.net\/fr\/wp-json\/wp\/v2\/types\/post"}],"author":[{"embeddable":true,"href":"https:\/\/cuberg.net\/fr\/wp-json\/wp\/v2\/users\/1"}],"replies":[{"embeddable":true,"href":"https:\/\/cuberg.net\/fr\/wp-json\/wp\/v2\/comments?post=3086"}],"version-history":[{"count":1,"href":"https:\/\/cuberg.net\/fr\/wp-json\/wp\/v2\/posts\/3086\/revisions"}],"predecessor-version":[{"id":3324,"href":"https:\/\/cuberg.net\/fr\/wp-json\/wp\/v2\/posts\/3086\/revisions\/3324"}],"wp:featuredmedia":[{"embeddable":true,"href":"https:\/\/cuberg.net\/fr\/wp-json\/wp\/v2\/media\/3087"}],"wp:attachment":[{"href":"https:\/\/cuberg.net\/fr\/wp-json\/wp\/v2\/media?parent=3086"}],"wp:term":[{"taxonomy":"category","embeddable":true,"href":"https:\/\/cuberg.net\/fr\/wp-json\/wp\/v2\/categories?post=3086"},{"taxonomy":"post_tag","embeddable":true,"href":"https:\/\/cuberg.net\/fr\/wp-json\/wp\/v2\/tags?post=3086"}],"curies":[{"name":"wp","href":"https:\/\/api.w.org\/{rel}","templated":true}]}}