{"id":3092,"date":"2025-10-09T11:52:00","date_gmt":"2025-10-09T09:52:00","guid":{"rendered":"https:\/\/cuberg.net\/fr\/?p=3092"},"modified":"2025-10-09T01:03:48","modified_gmt":"2025-10-08T23:03:48","slug":"on-lui-refuse-lacces-a-son-avion-a-cause-de-son-chien-ce-quelle-decide-de-faire-va-vous-briser-le-coeur","status":"publish","type":"post","link":"https:\/\/cuberg.net\/fr\/on-lui-refuse-lacces-a-son-avion-a-cause-de-son-chien-ce-quelle-decide-de-faire-va-vous-briser-le-coeur\/","title":{"rendered":"On lui refuse l&rsquo;acc\u00e8s \u00e0 son avion \u00e0 cause de son chien : ce qu&rsquo;elle d\u00e9cide de faire va vous briser le c\u0153ur"},"content":{"rendered":"<p>Le 11 septembre 2025, une voyageuse a \u00e9t\u00e9 confront\u00e9e \u00e0 une situation d\u00e9licate lorsqu&rsquo;elle a d\u00e9couvert que son chien, un American Bully nomm\u00e9 Pako, ne pouvait pas embarquer sur son vol. En raison d&rsquo;une interdiction li\u00e9e \u00e0 sa race, elle a d\u00fb prendre une d\u00e9cision rapide et a confi\u00e9 son chien \u00e0 un taxi pour qu&rsquo;il soit conduit au refuge Veeweyde. Ce geste a provoqu\u00e9 l&rsquo;indignation de la Soci\u00e9t\u00e9 royale de protection des animaux (SRPA).<\/p>\n<h2>Les restrictions pour les chiens brachyc\u00e9phales<\/h2>\n<p>Les compagnies a\u00e9riennes imposent de plus en plus de restrictions sur les chiens brachyc\u00e9phales, comme l&rsquo;American Bully, en raison des risques pour leur sant\u00e9. Ces chiens, avec leur museau \u00e9cras\u00e9, sont susceptibles de rencontrer des probl\u00e8mes respiratoires graves durant le vol. Cette mesure vise \u00e0 prot\u00e9ger les animaux, mais elle peut surprendre les propri\u00e9taires non inform\u00e9s.<\/p>\n<h2>Un abandon improvis\u00e9<\/h2>\n<p>Ignorant l&rsquo;interdiction, la propri\u00e9taire de Pako s&rsquo;est retrouv\u00e9e dans l&rsquo;impossibilit\u00e9 d&#8217;embarquer. Plut\u00f4t que d&rsquo;annuler son voyage, elle a confi\u00e9 son chien \u00e0 un taxi pour qu&rsquo;il soit conduit au refuge. Ce choix a \u00e9t\u00e9 critiqu\u00e9 par la SRPA, qui le juge irresponsable et perturbant pour le chauffeur de taxi et le personnel du refuge.<\/p>\n<h2>R\u00e9actions et gestion de l&rsquo;abandon<\/h2>\n<p>Pako est arriv\u00e9 au refuge sans avertissement pr\u00e9alable, obligeant les b\u00e9n\u00e9voles \u00e0 r\u00e9agir rapidement. Un examen v\u00e9t\u00e9rinaire a \u00e9t\u00e9 effectu\u00e9 et un suivi comportemental mis en place. Le refuge a qualifi\u00e9 cet \u00e9v\u00e9nement d\u2019\u00ab abandon sauvage \u00bb et envisage des poursuites judiciaires pour dissuader de tels comportements \u00e0 l&rsquo;avenir.<\/p>\n<h2>Cons\u00e9quences et mobilisation<\/h2>\n<p>Pako a \u00e9t\u00e9 d\u00e9clar\u00e9 en bonne sant\u00e9 par le refuge, qui a d\u00e9cid\u00e9 de ne pas le proposer imm\u00e9diatement \u00e0 l&rsquo;adoption, esp\u00e9rant que sa propri\u00e9taire se manifestera. Une plainte pour abandon pourrait \u00eatre d\u00e9pos\u00e9e, car la loi belge punit s\u00e9v\u00e8rement de tels actes. La puce \u00e9lectronique de Pako a permis de contacter un proche de la propri\u00e9taire, mais sans succ\u00e8s.<\/p>\n<h2>Solidarit\u00e9 en ligne<\/h2>\n<p>L&rsquo;histoire de Pako a suscit\u00e9 une vague de soutien en ligne. De nombreux internautes ont exprim\u00e9 leur souhait d&rsquo;adopter le chien, montrant l&rsquo;attachement du public aux droits des animaux. Cette mobilisation souligne l&rsquo;importance de bien s&rsquo;informer avant de voyager avec un animal de compagnie.<\/p>\n<p>En conclusion, l\u2019histoire de Pako met en lumi\u00e8re la n\u00e9cessit\u00e9 de sensibiliser les propri\u00e9taires d\u2019animaux aux r\u00e9glementations de voyage et \u00e0 leurs responsabilit\u00e9s. Elle rappelle l&rsquo;importance de traiter les animaux avec respect et dignit\u00e9, tout en incitant \u00e0 r\u00e9fl\u00e9chir aux mesures \u00e0 prendre pour prot\u00e9ger les compagnons \u00e0 quatre pattes. Cette affaire pourrait bien d\u00e9boucher sur une action judiciaire, renfor\u00e7ant ainsi la protection des animaux contre les abandons injustifi\u00e9s.<\/p>\n","protected":false},"excerpt":{"rendered":"<p>Le 11 septembre 2025, une voyageuse a \u00e9t\u00e9 confront\u00e9e \u00e0 une situation d\u00e9licate lorsqu&rsquo;elle a d\u00e9couvert que son chien, un American Bully nomm\u00e9 Pako, ne pouvait pas embarquer sur son vol. En raison d&rsquo;une interdiction li\u00e9e \u00e0 sa race, elle a d\u00fb prendre une d\u00e9cision rapide et a confi\u00e9 son chien \u00e0 un taxi pour [&hellip;]<\/p>\n","protected":false},"author":1,"featured_media":3093,"comment_status":"open","ping_status":"open","sticky":false,"template":"","format":"standard","meta":{"_seopress_robots_primary_cat":"","_seopress_titles_title":"","_seopress_titles_desc":"","_seopress_robots_index":"","footnotes":""},"categories":[7],"tags":[],"class_list":{"0":"post-3092","1":"post","2":"type-post","3":"status-publish","4":"format-standard","5":"has-post-thumbnail","7":"category-societe"},"_links":{"self":[{"href":"https:\/\/cuberg.net\/fr\/wp-json\/wp\/v2\/posts\/3092","targetHints":{"allow":["GET"]}}],"collection":[{"href":"https:\/\/cuberg.net\/fr\/wp-json\/wp\/v2\/posts"}],"about":[{"href":"https:\/\/cuberg.net\/fr\/wp-json\/wp\/v2\/types\/post"}],"author":[{"embeddable":true,"href":"https:\/\/cuberg.net\/fr\/wp-json\/wp\/v2\/users\/1"}],"replies":[{"embeddable":true,"href":"https:\/\/cuberg.net\/fr\/wp-json\/wp\/v2\/comments?post=3092"}],"version-history":[{"count":1,"href":"https:\/\/cuberg.net\/fr\/wp-json\/wp\/v2\/posts\/3092\/revisions"}],"predecessor-version":[{"id":3319,"href":"https:\/\/cuberg.net\/fr\/wp-json\/wp\/v2\/posts\/3092\/revisions\/3319"}],"wp:featuredmedia":[{"embeddable":true,"href":"https:\/\/cuberg.net\/fr\/wp-json\/wp\/v2\/media\/3093"}],"wp:attachment":[{"href":"https:\/\/cuberg.net\/fr\/wp-json\/wp\/v2\/media?parent=3092"}],"wp:term":[{"taxonomy":"category","embeddable":true,"href":"https:\/\/cuberg.net\/fr\/wp-json\/wp\/v2\/categories?post=3092"},{"taxonomy":"post_tag","embeddable":true,"href":"https:\/\/cuberg.net\/fr\/wp-json\/wp\/v2\/tags?post=3092"}],"curies":[{"name":"wp","href":"https:\/\/api.w.org\/{rel}","templated":true}]}}