{"id":3110,"date":"2025-10-03T11:06:00","date_gmt":"2025-10-03T09:06:00","guid":{"rendered":"https:\/\/cuberg.net\/fr\/?p=3110"},"modified":"2025-10-01T23:17:07","modified_gmt":"2025-10-01T21:17:07","slug":"automobilistes-cet-objet-obligatoire-pour-les-plus-de-65-ans-au-risque-de-limmobilisation-de-la-voiture","status":"publish","type":"post","link":"https:\/\/cuberg.net\/fr\/automobilistes-cet-objet-obligatoire-pour-les-plus-de-65-ans-au-risque-de-limmobilisation-de-la-voiture\/","title":{"rendered":"Automobilistes : cet objet obligatoire pour les plus de 65 ans au risque de l\u2019immobilisation de la voiture"},"content":{"rendered":"<p>La s\u00e9curit\u00e9 routi\u00e8re en France est un sujet de pr\u00e9occupation croissant, particuli\u00e8rement en ce qui concerne les conducteurs \u00e2g\u00e9s. En 2023, les statistiques ont montr\u00e9 que les conducteurs de 65 \u00e0 74 ans subissent un taux de mortalit\u00e9 de 50 d\u00e9c\u00e8s par million d\u2019habitants, tandis que ce chiffre grimpe \u00e0 77 pour les 75 ans et plus, d\u00e9passant la moyenne nationale de 48 d\u00e9c\u00e8s par million. Cette situation met en lumi\u00e8re l&rsquo;importance d&rsquo;adapter les mesures de s\u00e9curit\u00e9 pour cette tranche d&rsquo;\u00e2ge.<\/p>\n<h2>Nouvelle r\u00e9glementation pour les conducteurs seniors<\/h2>\n<p>Face \u00e0 l&rsquo;augmentation des accidents impliquant des conducteurs \u00e2g\u00e9s, une proposition de loi a \u00e9t\u00e9 d\u00e9pos\u00e9e en mars 2025 par Fr\u00e9d\u00e9ric Valletoux, d\u00e9put\u00e9 de Seine-et-Marne. Elle propose des contr\u00f4les m\u00e9dicaux r\u00e9guliers pour les conducteurs de plus de 70 ans, avec une visite m\u00e9dicale obligatoire tous les cinq ans. Soutenue par une centaine de parlementaires, cette initiative souligne l&rsquo;importance de cette question de sant\u00e9 publique.<\/p>\n<p>Actuellement, le syst\u00e8me fran\u00e7ais ne pr\u00e9voit des examens m\u00e9dicaux que dans des cas particuliers, comme apr\u00e8s une suspension de permis pour conduite sous influence. La nouvelle r\u00e9glementation s&rsquo;inscrit dans un cadre plus large de r\u00e9formes pour am\u00e9liorer la s\u00e9curit\u00e9 des conducteurs \u00e2g\u00e9s.<\/p>\n<h2>L\u2019\u00e9quipement GPS pour les automobilistes \u00e2g\u00e9s<\/h2>\n<p>En plus des contr\u00f4les m\u00e9dicaux, l&rsquo;utilisation de technologies sp\u00e9cifiques pourrait devenir obligatoire pour les seniors. Le GPS est l&rsquo;un des dispositifs envisag\u00e9s pour les conducteurs de plus de 65 ans. Inspir\u00e9e du mod\u00e8le britannique, cette mesure vise \u00e0 promouvoir l&rsquo;adoption de technologies d\u2019assistance \u00e0 la conduite.<\/p>\n<p>Les recherches montrent que les seniors utilisent d\u00e9j\u00e0 plus fr\u00e9quemment les syst\u00e8mes de navigation, en raison d&rsquo;un d\u00e9clin des capacit\u00e9s d\u2019orientation spatiale avec l\u2019\u00e2ge. Les fabricants d\u00e9veloppent des interfaces simplifi\u00e9es avec des \u00e9crans plus lisibles et des instructions vocales claires. Les GPS adapt\u00e9s pourraient inclure des fonctionnalit\u00e9s de s\u00e9curit\u00e9 suppl\u00e9mentaires, telles que des alertes de d\u00e9passement de vitesse ou des rappels de pause lors de longs trajets.<\/p>\n<h2>Les enjeux de l\u2019adaptation \u00e0 la mobilit\u00e9 senior<\/h2>\n<p>La question de la conduite chez les seniors va au-del\u00e0 du cadre r\u00e9glementaire, touchant \u00e0 l&rsquo;ind\u00e9pendance et \u00e0 la qualit\u00e9 de vie, surtout dans les zones rurales o\u00f9 les transports en commun sont souvent limit\u00e9s. L\u2019immobilisation d\u2019un v\u00e9hicule pour non-conformit\u00e9 aux nouvelles exigences pourrait avoir des cons\u00e9quences graves sur le quotidien des personnes \u00e2g\u00e9es.<\/p>\n<p>Les associations de seniors plaident pour une approche \u00e9quilibr\u00e9e, combinant pr\u00e9vention et adaptation plut\u00f4t que des restrictions syst\u00e9matiques. Elles soulignent que l\u2019exp\u00e9rience des conducteurs \u00e2g\u00e9s est un atout pr\u00e9cieux pour la s\u00e9curit\u00e9 routi\u00e8re. Certains experts sugg\u00e8rent que la formation continue pourrait \u00eatre une alternative ou un compl\u00e9ment efficace aux contr\u00f4les m\u00e9dicaux.<\/p>\n<p>Le d\u00e9bat reste ouvert quant \u00e0 l\u2019efficacit\u00e9 r\u00e9elle de ces mesures. Si certains pays europ\u00e9ens ont d\u00e9j\u00e0 mis en place des restrictions similaires, les r\u00e9sultats en termes de r\u00e9duction des accidents varient. L&rsquo;\u00e9quilibre entre s\u00e9curit\u00e9 collective et libert\u00e9 individuelle est au c\u0153ur de cette r\u00e9flexion nationale sur la mobilit\u00e9 des seniors.<\/p>\n<p>En conclusion, la question de la s\u00e9curit\u00e9 routi\u00e8re pour les conducteurs \u00e2g\u00e9s en France n\u00e9cessite une approche nuanc\u00e9e, \u00e9quilibrant la n\u00e9cessit\u00e9 de s\u00e9curit\u00e9 avec le respect de l&rsquo;autonomie individuelle. Les propositions de loi et les innovations technologiques offrent des pistes prometteuses, mais n\u00e9cessitent une mise en \u0153uvre r\u00e9fl\u00e9chie et adapt\u00e9e aux besoins sp\u00e9cifiques des seniors.<\/p>\n","protected":false},"excerpt":{"rendered":"<p>La s\u00e9curit\u00e9 routi\u00e8re en France est un sujet de pr\u00e9occupation croissant, particuli\u00e8rement en ce qui concerne les conducteurs \u00e2g\u00e9s. En 2023, les statistiques ont montr\u00e9 que les conducteurs de 65 \u00e0 74 ans subissent un taux de mortalit\u00e9 de 50 d\u00e9c\u00e8s par million d\u2019habitants, tandis que ce chiffre grimpe \u00e0 77 pour les 75 ans [&hellip;]<\/p>\n","protected":false},"author":1,"featured_media":3111,"comment_status":"open","ping_status":"open","sticky":false,"template":"","format":"standard","meta":{"_seopress_robots_primary_cat":"","_seopress_titles_title":"","_seopress_titles_desc":"","_seopress_robots_index":"","footnotes":""},"categories":[7],"tags":[],"class_list":{"0":"post-3110","1":"post","2":"type-post","3":"status-publish","4":"format-standard","5":"has-post-thumbnail","7":"category-societe"},"_links":{"self":[{"href":"https:\/\/cuberg.net\/fr\/wp-json\/wp\/v2\/posts\/3110","targetHints":{"allow":["GET"]}}],"collection":[{"href":"https:\/\/cuberg.net\/fr\/wp-json\/wp\/v2\/posts"}],"about":[{"href":"https:\/\/cuberg.net\/fr\/wp-json\/wp\/v2\/types\/post"}],"author":[{"embeddable":true,"href":"https:\/\/cuberg.net\/fr\/wp-json\/wp\/v2\/users\/1"}],"replies":[{"embeddable":true,"href":"https:\/\/cuberg.net\/fr\/wp-json\/wp\/v2\/comments?post=3110"}],"version-history":[{"count":1,"href":"https:\/\/cuberg.net\/fr\/wp-json\/wp\/v2\/posts\/3110\/revisions"}],"predecessor-version":[{"id":3255,"href":"https:\/\/cuberg.net\/fr\/wp-json\/wp\/v2\/posts\/3110\/revisions\/3255"}],"wp:featuredmedia":[{"embeddable":true,"href":"https:\/\/cuberg.net\/fr\/wp-json\/wp\/v2\/media\/3111"}],"wp:attachment":[{"href":"https:\/\/cuberg.net\/fr\/wp-json\/wp\/v2\/media?parent=3110"}],"wp:term":[{"taxonomy":"category","embeddable":true,"href":"https:\/\/cuberg.net\/fr\/wp-json\/wp\/v2\/categories?post=3110"},{"taxonomy":"post_tag","embeddable":true,"href":"https:\/\/cuberg.net\/fr\/wp-json\/wp\/v2\/tags?post=3110"}],"curies":[{"name":"wp","href":"https:\/\/api.w.org\/{rel}","templated":true}]}}