{"id":3112,"date":"2025-09-27T10:33:00","date_gmt":"2025-09-27T08:33:00","guid":{"rendered":"https:\/\/cuberg.net\/fr\/?p=3112"},"modified":"2025-09-27T02:47:21","modified_gmt":"2025-09-27T00:47:21","slug":"changement-dheure-2025-voici-pourquoi-celui-du-26-octobre-pourrait-etre-le-dernier-en-france","status":"publish","type":"post","link":"https:\/\/cuberg.net\/fr\/changement-dheure-2025-voici-pourquoi-celui-du-26-octobre-pourrait-etre-le-dernier-en-france\/","title":{"rendered":"Changement d\u2019heure 2025 : voici pourquoi celui du 26 octobre pourrait \u00eatre le dernier en France"},"content":{"rendered":"<p>Le changement d&rsquo;heure, instaur\u00e9 en 1975 pour \u00e9conomiser l&rsquo;\u00e9nergie lors de la crise p\u00e9troli\u00e8re, revient chaque ann\u00e9e, suscitant d\u00e9bats et controverses. En 2025, il pourrait \u00eatre l&rsquo;un des derniers, bien que rien ne semble avancer pour l&rsquo;abolir au niveau europ\u00e9en. Ce syst\u00e8me, autrefois pertinent, semble aujourd&rsquo;hui d\u00e9pass\u00e9. Les \u00e9conomies r\u00e9alis\u00e9es sont minimes, et les d\u00e9sagr\u00e9ments nombreux, mais les discussions pour le supprimer stagnent.<\/p>\n<h2>Un syst\u00e8me obsol\u00e8te<\/h2>\n<p>Initialement introduit pour aligner les activit\u00e9s humaines avec l&rsquo;ensoleillement, le changement d&rsquo;heure a \u00e9t\u00e9 harmonis\u00e9 en Europe en 1998. Cependant, avec l&rsquo;\u00e9volution technologique, notamment l&rsquo;\u00e9clairage LED, les \u00e9conomies d&rsquo;\u00e9nergie sont devenues marginales, repr\u00e9sentant seulement 0,1 % de la consommation d&rsquo;\u00e9lectricit\u00e9 en France en 2009. Les co\u00fbts d&rsquo;organisation augmentent, impactant les transports, les h\u00f4pitaux et les logiciels de gestion.<\/p>\n<h2>Une r\u00e9forme souhait\u00e9e mais bloqu\u00e9e<\/h2>\n<p>En 2018, une consultation europ\u00e9enne a r\u00e9v\u00e9l\u00e9 que la majorit\u00e9 des citoyens souhaitaient abolir le changement d&rsquo;heure. En 2019, le Parlement europ\u00e9en a vot\u00e9 pour mettre fin \u00e0 ce syst\u00e8me d\u00e8s 2021, permettant \u00e0 chaque pays de choisir son fuseau horaire d\u00e9finitif. Cependant, les \u00c9tats membres ne parviennent pas \u00e0 s&rsquo;accorder. Les divergences entre les pays du Nord, qui pr\u00e9f\u00e8rent l&rsquo;heure d&rsquo;\u00e9t\u00e9, et des pays comme l&rsquo;Espagne et le Portugal, qui privil\u00e9gient des soir\u00e9es plus longues, ont gel\u00e9 le projet, sans nouvelle \u00e9ch\u00e9ance fix\u00e9e.<\/p>\n<h2>Impacts \u00e9conomiques et sociaux<\/h2>\n<p>Le changement d&rsquo;heure a des cons\u00e9quences sur plusieurs secteurs. Dans les transports, chaque transition n\u00e9cessite des ajustements techniques, notamment pour les trains de nuit et les correspondances internationales. Les compagnies a\u00e9riennes doivent \u00e9galement adapter leur planification. Dans le domaine de la sant\u00e9, les logiciels hospitaliers doivent \u00eatre ajust\u00e9s pour \u00e9viter les erreurs d\u2019horodatage. Des \u00e9tudes montrent une l\u00e9g\u00e8re baisse de productivit\u00e9 et une hausse de l\u2019absent\u00e9isme apr\u00e8s les transitions horaires. Les r\u00e9percussions incluent retards, erreurs logistiques et fatigue accrue. Dans la grande distribution et l\u2019h\u00f4tellerie, des ajustements sp\u00e9cifiques sont n\u00e9cessaires \u00e0 chaque changement.<\/p>\n<p>De nombreux experts estiment que les co\u00fbts li\u00e9s au changement d&rsquo;heure d\u00e9passent les b\u00e9n\u00e9fices. Tandis que plusieurs pays, comme la Russie et le Mexique, ont d\u00e9j\u00e0 abandonn\u00e9 cette pratique, l&rsquo;Union europ\u00e9enne reste ind\u00e9cise. Aux \u00c9tats-Unis, certains \u00c9tats cherchent \u00e9galement \u00e0 s&rsquo;en d\u00e9faire.<\/p>\n<h2>Une situation fig\u00e9e<\/h2>\n<p>En d\u00e9pit des critiques, la France continue d&rsquo;appliquer le changement d&rsquo;heure faute d&rsquo;un accord europ\u00e9en pour l&rsquo;abolir. Ce maintien n&rsquo;est pas d\u00fb \u00e0 sa pertinence, mais \u00e0 l&rsquo;absence de consensus pour y mettre fin.<\/p>\n<p>En conclusion, bien que le changement d&rsquo;heure soit de plus en plus contest\u00e9, il perdure en raison de divergences entre les pays europ\u00e9ens. Sans accord, ce syst\u00e8me obsol\u00e8te continue d&rsquo;affecter notre quotidien, malgr\u00e9 des b\u00e9n\u00e9fices \u00e9nerg\u00e9tiques devenus n\u00e9gligeables.<\/p>\n","protected":false},"excerpt":{"rendered":"<p>Le changement d&rsquo;heure, instaur\u00e9 en 1975 pour \u00e9conomiser l&rsquo;\u00e9nergie lors de la crise p\u00e9troli\u00e8re, revient chaque ann\u00e9e, suscitant d\u00e9bats et controverses. En 2025, il pourrait \u00eatre l&rsquo;un des derniers, bien que rien ne semble avancer pour l&rsquo;abolir au niveau europ\u00e9en. Ce syst\u00e8me, autrefois pertinent, semble aujourd&rsquo;hui d\u00e9pass\u00e9. Les \u00e9conomies r\u00e9alis\u00e9es sont minimes, et les d\u00e9sagr\u00e9ments [&hellip;]<\/p>\n","protected":false},"author":1,"featured_media":3113,"comment_status":"open","ping_status":"open","sticky":false,"template":"","format":"standard","meta":{"_seopress_robots_primary_cat":"","_seopress_titles_title":"","_seopress_titles_desc":"","_seopress_robots_index":"","footnotes":""},"categories":[7],"tags":[],"class_list":{"0":"post-3112","1":"post","2":"type-post","3":"status-publish","4":"format-standard","5":"has-post-thumbnail","7":"category-societe"},"_links":{"self":[{"href":"https:\/\/cuberg.net\/fr\/wp-json\/wp\/v2\/posts\/3112","targetHints":{"allow":["GET"]}}],"collection":[{"href":"https:\/\/cuberg.net\/fr\/wp-json\/wp\/v2\/posts"}],"about":[{"href":"https:\/\/cuberg.net\/fr\/wp-json\/wp\/v2\/types\/post"}],"author":[{"embeddable":true,"href":"https:\/\/cuberg.net\/fr\/wp-json\/wp\/v2\/users\/1"}],"replies":[{"embeddable":true,"href":"https:\/\/cuberg.net\/fr\/wp-json\/wp\/v2\/comments?post=3112"}],"version-history":[{"count":1,"href":"https:\/\/cuberg.net\/fr\/wp-json\/wp\/v2\/posts\/3112\/revisions"}],"predecessor-version":[{"id":3192,"href":"https:\/\/cuberg.net\/fr\/wp-json\/wp\/v2\/posts\/3112\/revisions\/3192"}],"wp:featuredmedia":[{"embeddable":true,"href":"https:\/\/cuberg.net\/fr\/wp-json\/wp\/v2\/media\/3113"}],"wp:attachment":[{"href":"https:\/\/cuberg.net\/fr\/wp-json\/wp\/v2\/media?parent=3112"}],"wp:term":[{"taxonomy":"category","embeddable":true,"href":"https:\/\/cuberg.net\/fr\/wp-json\/wp\/v2\/categories?post=3112"},{"taxonomy":"post_tag","embeddable":true,"href":"https:\/\/cuberg.net\/fr\/wp-json\/wp\/v2\/tags?post=3112"}],"curies":[{"name":"wp","href":"https:\/\/api.w.org\/{rel}","templated":true}]}}