{"id":3120,"date":"2025-09-28T09:39:00","date_gmt":"2025-09-28T07:39:00","guid":{"rendered":"https:\/\/cuberg.net\/fr\/?p=3120"},"modified":"2025-09-27T02:47:28","modified_gmt":"2025-09-27T00:47:28","slug":"vivre-des-aides-sociales-cest-possible-voici-le-montant-de-la-pension-de-retraite-dune-personne-qui-a-vecu-grace-aux-allocations","status":"publish","type":"post","link":"https:\/\/cuberg.net\/fr\/vivre-des-aides-sociales-cest-possible-voici-le-montant-de-la-pension-de-retraite-dune-personne-qui-a-vecu-grace-aux-allocations\/","title":{"rendered":"Vivre des aides sociales, c&rsquo;est possible : voici le montant de la pension de retraite d&rsquo;une personne qui a v\u00e9cu gr\u00e2ce aux allocations"},"content":{"rendered":"<p>En 2025, l&rsquo;Allocation de Solidarit\u00e9 aux Personnes \u00c2g\u00e9es (ASPA) demeure un pilier essentiel du syst\u00e8me social en France, offrant un soutien financier aux personnes \u00e2g\u00e9es ayant peu ou pas cotis\u00e9 pour leur retraite. Cette aide, anciennement appel\u00e9e minimum vieillesse, vise \u00e0 garantir un revenu minimum aux seniors, leur assurant ainsi une s\u00e9curit\u00e9 financi\u00e8re indispensable.<\/p>\n<h2>Montants Pr\u00e9visionnels pour 2025<\/h2>\n<p>Pour une personne seule sans pension, l&rsquo;ASPA pr\u00e9voit un versement mensuel d&rsquo;environ 1 034,28 \u20ac, soit un plafond annuel de 12 411,44 \u20ac. Pour un couple, le plafond annuel est fix\u00e9 \u00e0 19 268,80 \u20ac, \u00e9quivalent \u00e0 environ 1 605,73 \u20ac par mois. L&rsquo;ASPA compl\u00e8te les revenus pour atteindre ces plafonds, assurant ainsi un minimum vital aux b\u00e9n\u00e9ficiaires.<\/p>\n<h2>Conditions d&rsquo;\u00c9ligibilit\u00e9<\/h2>\n<p>L&rsquo;ASPA est une allocation diff\u00e9rentielle qui prend en compte l&rsquo;ensemble des revenus du b\u00e9n\u00e9ficiaire, tels que les pensions, revenus locatifs ou rentes. Les conditions d&rsquo;\u00e9ligibilit\u00e9 incluent :<\/p>\n<ul>\n<li><strong>\u00c2ge :<\/strong> G\u00e9n\u00e9ralement 65 ans, mais abaiss\u00e9 \u00e0 62 ans dans certaines situations (inaptitude, handicap, ancien combattant).<\/li>\n<li><strong>R\u00e9sidence :<\/strong> R\u00e9sidence stable et r\u00e9guli\u00e8re en France.<\/li>\n<li><strong>Ressources :<\/strong> Doivent \u00eatre inf\u00e9rieures au plafond annuel correspondant \u00e0 la situation du demandeur (personne seule ou couple).<\/li>\n<\/ul>\n<h2>Calcul de l&rsquo;ASPA<\/h2>\n<p>L&rsquo;allocation est calcul\u00e9e en d\u00e9duisant les ressources existantes du plafond applicable. Par exemple, pour une personne seule recevant 300 \u20ac de pension mensuelle, l&rsquo;ASPA comblera la diff\u00e9rence pour atteindre le plafond de 1 034,28 \u20ac par mois.<\/p>\n<h2>Proc\u00e9dure de Demande<\/h2>\n<p>Avant de soumettre une demande, il est crucial de v\u00e9rifier toutes les ressources annuelles \u00e0 d\u00e9clarer, ainsi que la situation familiale, et de pr\u00e9parer les justificatifs n\u00e9cessaires, tels que les avis d&rsquo;imposition, justificatifs de pensions, relev\u00e9s de loyers per\u00e7us et pi\u00e8ces d&rsquo;identit\u00e9. La demande doit \u00eatre adress\u00e9e \u00e0 la caisse de retraite comp\u00e9tente, comme la Carsat ou la MSA pour ceux relevant du r\u00e9gime agricole.<\/p>\n<p>Il est important de noter que si les ressources d&rsquo;un foyer d\u00e9passent le plafond annuel, l&rsquo;ASPA ne sera pas vers\u00e9e. En cas contraire, l&rsquo;allocation est vers\u00e9e mensuellement et peut \u00eatre r\u00e9troactive si la proc\u00e9dure de traitement est longue.<\/p>\n<h2>Conclusion<\/h2>\n<p>L&rsquo;ASPA repr\u00e9sente une aide vitale pour les personnes \u00e2g\u00e9es en France n&rsquo;ayant pas suffisamment cotis\u00e9 pour leur retraite. En garantissant un revenu minimum, elle assure une s\u00e9curit\u00e9 financi\u00e8re cruciale. Comprendre les conditions d&rsquo;\u00e9ligibilit\u00e9 et pr\u00e9parer soigneusement sa demande est essentiel pour b\u00e9n\u00e9ficier de cette allocation. En 2025, l&rsquo;ASPA continue de jouer un r\u00f4le fondamental dans la protection sociale des seniors en France, leur offrant un filet de s\u00e9curit\u00e9 indispensable.<\/p>\n","protected":false},"excerpt":{"rendered":"<p>En 2025, l&rsquo;Allocation de Solidarit\u00e9 aux Personnes \u00c2g\u00e9es (ASPA) demeure un pilier essentiel du syst\u00e8me social en France, offrant un soutien financier aux personnes \u00e2g\u00e9es ayant peu ou pas cotis\u00e9 pour leur retraite. Cette aide, anciennement appel\u00e9e minimum vieillesse, vise \u00e0 garantir un revenu minimum aux seniors, leur assurant ainsi une s\u00e9curit\u00e9 financi\u00e8re indispensable. Montants [&hellip;]<\/p>\n","protected":false},"author":1,"featured_media":3121,"comment_status":"open","ping_status":"open","sticky":false,"template":"","format":"standard","meta":{"_seopress_robots_primary_cat":"","_seopress_titles_title":"","_seopress_titles_desc":"","_seopress_robots_index":"","footnotes":""},"categories":[7],"tags":[],"class_list":{"0":"post-3120","1":"post","2":"type-post","3":"status-publish","4":"format-standard","5":"has-post-thumbnail","7":"category-societe"},"_links":{"self":[{"href":"https:\/\/cuberg.net\/fr\/wp-json\/wp\/v2\/posts\/3120","targetHints":{"allow":["GET"]}}],"collection":[{"href":"https:\/\/cuberg.net\/fr\/wp-json\/wp\/v2\/posts"}],"about":[{"href":"https:\/\/cuberg.net\/fr\/wp-json\/wp\/v2\/types\/post"}],"author":[{"embeddable":true,"href":"https:\/\/cuberg.net\/fr\/wp-json\/wp\/v2\/users\/1"}],"replies":[{"embeddable":true,"href":"https:\/\/cuberg.net\/fr\/wp-json\/wp\/v2\/comments?post=3120"}],"version-history":[{"count":1,"href":"https:\/\/cuberg.net\/fr\/wp-json\/wp\/v2\/posts\/3120\/revisions"}],"predecessor-version":[{"id":3200,"href":"https:\/\/cuberg.net\/fr\/wp-json\/wp\/v2\/posts\/3120\/revisions\/3200"}],"wp:featuredmedia":[{"embeddable":true,"href":"https:\/\/cuberg.net\/fr\/wp-json\/wp\/v2\/media\/3121"}],"wp:attachment":[{"href":"https:\/\/cuberg.net\/fr\/wp-json\/wp\/v2\/media?parent=3120"}],"wp:term":[{"taxonomy":"category","embeddable":true,"href":"https:\/\/cuberg.net\/fr\/wp-json\/wp\/v2\/categories?post=3120"},{"taxonomy":"post_tag","embeddable":true,"href":"https:\/\/cuberg.net\/fr\/wp-json\/wp\/v2\/tags?post=3120"}],"curies":[{"name":"wp","href":"https:\/\/api.w.org\/{rel}","templated":true}]}}