{"id":3130,"date":"2025-10-03T10:39:00","date_gmt":"2025-10-03T08:39:00","guid":{"rendered":"https:\/\/cuberg.net\/fr\/?p=3130"},"modified":"2025-10-01T23:17:07","modified_gmt":"2025-10-01T21:17:07","slug":"retraites-2025-ce-que-vous-perdez-vraiment-avec-la-revalorisation-limitee-a-08","status":"publish","type":"post","link":"https:\/\/cuberg.net\/fr\/retraites-2025-ce-que-vous-perdez-vraiment-avec-la-revalorisation-limitee-a-08\/","title":{"rendered":"Retraites 2025 : ce que vous perdez vraiment avec la revalorisation limit\u00e9e \u00e0 0,8 %"},"content":{"rendered":"<p>La r\u00e9cente d\u00e9cision d&rsquo;augmenter les pensions de retraite de seulement 0,8% en 2025 a suscit\u00e9 de vives inqui\u00e9tudes parmi les retrait\u00e9s fran\u00e7ais. Cette hausse, bien en de\u00e7\u00e0 du taux d&rsquo;inflation pr\u00e9vu, r\u00e9sulte d&rsquo;un compromis politique, mena\u00e7ant le pouvoir d&rsquo;achat des pensionn\u00e9s.<\/p>\n<h2>Impact financier de la revalorisation r\u00e9duite des pensions<\/h2>\n<p>Traditionnellement, les retraites sont index\u00e9es sur la progression des prix \u00e0 la consommation hors tabac. Selon l&rsquo;Insee, une augmentation de 2,2% aurait \u00e9t\u00e9 justifi\u00e9e pour 2025. Cependant, la d\u00e9cision de limiter cette hausse \u00e0 0,8% entra\u00eene des pertes financi\u00e8res pour les retrait\u00e9s.<\/p>\n<p>Pour un retrait\u00e9 percevant une pension moyenne de 1 662 \u20ac net par mois, l&rsquo;augmentation aurait d\u00fb \u00eatre de 24 \u20ac mensuels. Avec le taux r\u00e9duit, la hausse n&rsquo;est que de 8,8 \u20ac, soit une perte de 15,2 \u20ac par mois. Annuellement, cela repr\u00e9sente une diminution de plus de 180 \u20ac du pouvoir d&rsquo;achat, un montant significatif en p\u00e9riode de hausse des prix des produits de premi\u00e8re n\u00e9cessit\u00e9.<\/p>\n<h2>Le compromis politique derri\u00e8re cette d\u00e9cision<\/h2>\n<p>Cette revalorisation limit\u00e9e est le fruit d&rsquo;un compromis entre les responsables politiques, notamment Michel Barnier et Laurent Wauquiez. Initialement, le gouvernement pr\u00e9voyait de reporter la revalorisation \u00e0 juillet 2025, suscitant de vives inqui\u00e9tudes. Un ch\u00e8que exceptionnel avait \u00e9t\u00e9 propos\u00e9 pour les pensionn\u00e9s \u00e9ligibles en r\u00e9ponse aux protestations.<\/p>\n<p>Laurent Wauquiez a finalement annonc\u00e9 un compromis : une revalorisation de 0,8% en janvier 2025, suivie d&rsquo;un compl\u00e9ment en juillet 2025 pour couvrir le reste de l&rsquo;inflation. Cet accord, formalis\u00e9 par un amendement de la s\u00e9natrice LR Pascale Gruny, vise \u00e0 \u00e9quilibrer les contraintes budg\u00e9taires du gouvernement et les besoins des retrait\u00e9s.<\/p>\n<h2>Des mesures diff\u00e9renci\u00e9es selon le niveau de pension<\/h2>\n<p>Le dispositif pr\u00e9voit un traitement plus favorable pour les petites retraites. Les pensionn\u00e9s touchant moins de 1 430 \u20ac net mensuels b\u00e9n\u00e9ficieront d&rsquo;un double rattrapage en juillet 2025, incluant la pension de base et les compl\u00e9mentaires.<\/p>\n<p>Pour les autres retrait\u00e9s, notamment ceux dont la pension d\u00e9passe le SMIC, la perte reste enti\u00e8re sur le premier semestre. Par exemple, une pension de 1 662 \u20ac aurait d\u00fb passer \u00e0 1 686 \u20ac avec la revalorisation normale, mais n&rsquo;atteindra que 1 671 \u20ac avec le taux r\u00e9duit, soit une diff\u00e9rence de 15 \u20ac par mois.<\/p>\n<p>Claude Wagner, repr\u00e9sentant de la CFDT-Retrait\u00e9s, souligne que seule la part de la retraite de base est concern\u00e9e par cette revalorisation, la pension compl\u00e9mentaire suivant un autre calendrier.<\/p>\n<h2>Conclusion<\/h2>\n<p>En conclusion, la revalorisation limit\u00e9e \u00e0 0,8% des pensions de retraite en janvier 2025 repr\u00e9sente une perte r\u00e9elle de pouvoir d&rsquo;achat pour la majorit\u00e9 des retrait\u00e9s fran\u00e7ais. Bien que le rattrapage pr\u00e9vu en juillet 2025 att\u00e9nuera partiellement ces pertes, l&rsquo;\u00e9cart avec l&rsquo;inflation restera perceptible pour de nombreux pensionn\u00e9s. Cette situation souligne la n\u00e9cessit\u00e9 d&rsquo;un \u00e9quilibre d\u00e9licat entre les imp\u00e9ratifs budg\u00e9taires et le maintien du niveau de vie des retrait\u00e9s.<\/p>\n","protected":false},"excerpt":{"rendered":"<p>La r\u00e9cente d\u00e9cision d&rsquo;augmenter les pensions de retraite de seulement 0,8% en 2025 a suscit\u00e9 de vives inqui\u00e9tudes parmi les retrait\u00e9s fran\u00e7ais. Cette hausse, bien en de\u00e7\u00e0 du taux d&rsquo;inflation pr\u00e9vu, r\u00e9sulte d&rsquo;un compromis politique, mena\u00e7ant le pouvoir d&rsquo;achat des pensionn\u00e9s. Impact financier de la revalorisation r\u00e9duite des pensions Traditionnellement, les retraites sont index\u00e9es sur [&hellip;]<\/p>\n","protected":false},"author":1,"featured_media":3131,"comment_status":"open","ping_status":"open","sticky":false,"template":"","format":"standard","meta":{"_seopress_robots_primary_cat":"","_seopress_titles_title":"","_seopress_titles_desc":"","_seopress_robots_index":"","footnotes":""},"categories":[7],"tags":[],"class_list":{"0":"post-3130","1":"post","2":"type-post","3":"status-publish","4":"format-standard","5":"has-post-thumbnail","7":"category-societe"},"_links":{"self":[{"href":"https:\/\/cuberg.net\/fr\/wp-json\/wp\/v2\/posts\/3130","targetHints":{"allow":["GET"]}}],"collection":[{"href":"https:\/\/cuberg.net\/fr\/wp-json\/wp\/v2\/posts"}],"about":[{"href":"https:\/\/cuberg.net\/fr\/wp-json\/wp\/v2\/types\/post"}],"author":[{"embeddable":true,"href":"https:\/\/cuberg.net\/fr\/wp-json\/wp\/v2\/users\/1"}],"replies":[{"embeddable":true,"href":"https:\/\/cuberg.net\/fr\/wp-json\/wp\/v2\/comments?post=3130"}],"version-history":[{"count":1,"href":"https:\/\/cuberg.net\/fr\/wp-json\/wp\/v2\/posts\/3130\/revisions"}],"predecessor-version":[{"id":3254,"href":"https:\/\/cuberg.net\/fr\/wp-json\/wp\/v2\/posts\/3130\/revisions\/3254"}],"wp:featuredmedia":[{"embeddable":true,"href":"https:\/\/cuberg.net\/fr\/wp-json\/wp\/v2\/media\/3131"}],"wp:attachment":[{"href":"https:\/\/cuberg.net\/fr\/wp-json\/wp\/v2\/media?parent=3130"}],"wp:term":[{"taxonomy":"category","embeddable":true,"href":"https:\/\/cuberg.net\/fr\/wp-json\/wp\/v2\/categories?post=3130"},{"taxonomy":"post_tag","embeddable":true,"href":"https:\/\/cuberg.net\/fr\/wp-json\/wp\/v2\/tags?post=3130"}],"curies":[{"name":"wp","href":"https:\/\/api.w.org\/{rel}","templated":true}]}}