{"id":3132,"date":"2025-09-29T17:09:00","date_gmt":"2025-09-29T15:09:00","guid":{"rendered":"https:\/\/cuberg.net\/fr\/?p=3132"},"modified":"2025-09-29T00:37:07","modified_gmt":"2025-09-28T22:37:07","slug":"retraite-anticipee-la-liste-des-12-maladies-qui-vous-permettent-un-depart-plus-tot-que-prevu","status":"publish","type":"post","link":"https:\/\/cuberg.net\/fr\/retraite-anticipee-la-liste-des-12-maladies-qui-vous-permettent-un-depart-plus-tot-que-prevu\/","title":{"rendered":"Retraite anticip\u00e9e : la liste des 12 maladies qui vous permettent un d\u00e9part plus t\u00f4t que pr\u00e9vu"},"content":{"rendered":"<p>La r\u00e9forme des retraites de 2023 introduit une mesure permettant aux personnes atteintes d&rsquo;une incapacit\u00e9 permanente d&rsquo;au moins 20 % de b\u00e9n\u00e9ficier d&rsquo;un d\u00e9part anticip\u00e9 sans abattement. Cette disposition s&rsquo;applique ind\u00e9pendamment de l&rsquo;\u00e2ge et de la dur\u00e9e de cotisation, sous r\u00e9serve d&rsquo;une reconnaissance par la Commission des droits et de l&rsquo;autonomie des personnes handicap\u00e9es (CDAPH) et d&rsquo;un dossier m\u00e9dical complet aupr\u00e8s de la caisse de retraite.<\/p>\n<h2>Affections \u00c9ligibles pour une Retraite Anticip\u00e9e<\/h2>\n<p>Plusieurs maladies graves donnent droit \u00e0 un d\u00e9part anticip\u00e9 :<\/p>\n<ul>\n<li><strong>Cancers \u00e9volutifs :<\/strong> Les tumeurs malignes n\u00e9cessitant un traitement et pr\u00e9sentant un risque de r\u00e9cidive ou de m\u00e9tastases sont admissibles si elles entra\u00eenent une incapacit\u00e9 permanente d&rsquo;au moins 50 %.<\/li>\n<li><strong>Maladies neurod\u00e9g\u00e9n\u00e9ratives :<\/strong> Des affections comme la scl\u00e9rose en plaques, la scl\u00e9rose lat\u00e9rale amyotrophique (SLA) et la maladie de Parkinson, qui r\u00e9duisent progressivement l&rsquo;autonomie, sont concern\u00e9es.<\/li>\n<li><strong>L\u00e9sions cardiovasculaires s\u00e9v\u00e8res :<\/strong> Les pathologies cardiaques, telles que l&rsquo;insuffisance cardiaque avanc\u00e9e, sont couvertes si la fraction d&rsquo;\u00e9jection ventriculaire gauche est inf\u00e9rieure \u00e0 30 %.<\/li>\n<li><strong>Insuffisance r\u00e9nale chronique :<\/strong> Les personnes sous dialyse r\u00e9guli\u00e8re ou ayant subi une transplantation r\u00e9nale peuvent demander un d\u00e9part anticip\u00e9.<\/li>\n<li><strong>Maladies respiratoires :<\/strong> L&rsquo;asthme s\u00e9v\u00e8re sous oxyg\u00e9noth\u00e9rapie et la BPCO avanc\u00e9e sont incluses parmi les affections justifiant une retraite anticip\u00e9e.<\/li>\n<li><strong>Autres affections invalidantes :<\/strong> Le VIH symptomatique, la tuberculose pulmonaire active, et certaines maladies psychiatriques chroniques sont \u00e9galement prises en compte.<\/li>\n<\/ul>\n<h2>Conditions et D\u00e9marches pour un D\u00e9part Avant 62 Ans<\/h2>\n<h3>Crit\u00e8res M\u00e9dicaux et Taux d&rsquo;Incapacit\u00e9<\/h3>\n<p>Pour b\u00e9n\u00e9ficier de ce dispositif, il est n\u00e9cessaire de prouver un taux d\u2019incapacit\u00e9 permanente d\u2019au moins 50 %, d\u00e9termin\u00e9 par la CDAPH. Ce taux \u00e9value les limitations dans la vie quotidienne et professionnelle caus\u00e9es par la maladie. Une incapacit\u00e9 de 20 % due \u00e0 une maladie professionnelle ou un accident de travail permet \u00e9galement un d\u00e9part anticip\u00e9.<\/p>\n<h3>Constitution du Dossier M\u00e9dical<\/h3>\n<p>La demande de retraite anticip\u00e9e n\u00e9cessite un dossier comprenant :<\/p>\n<ul>\n<li>Des bilans et rapports m\u00e9dicaux d\u00e9taillant le diagnostic et les traitements.<\/li>\n<li>L&rsquo;attestation de la CDAPH fixant le taux d&rsquo;incapacit\u00e9.<\/li>\n<li>Des comptes rendus d&rsquo;hospitalisation ou d&rsquo;examens compl\u00e9mentaires.<\/li>\n<li>Un formulaire de demande de retraite anticip\u00e9e d\u00fbment rempli.<\/li>\n<\/ul>\n<p>L&rsquo;absence de l&rsquo;une de ces pi\u00e8ces peut retarder l&rsquo;instruction du dossier au-del\u00e0 de trois mois.<\/p>\n<h3>Proc\u00e9dure d&rsquo;Examen et D\u00e9lais de Traitement<\/h3>\n<p>Une fois le dossier complet, il est examin\u00e9 par la caisse de retraite et valid\u00e9 par le Service m\u00e9dical r\u00e9gional. La notification officielle de la date de d\u00e9part, sans d\u00e9cote, peut prendre entre trois et six mois. En cas de refus, un recours est possible aupr\u00e8s de la commission de recours amiable ou du tribunal administratif dans un d\u00e9lai de deux mois.<\/p>\n<p>En conclusion, la possibilit\u00e9 de partir \u00e0 la retraite anticip\u00e9e pour raisons m\u00e9dicales offre une s\u00e9curit\u00e9 financi\u00e8re aux personnes confront\u00e9es \u00e0 des affections graves. Il est essentiel de bien pr\u00e9parer son dossier et de suivre les d\u00e9marches administratives pour b\u00e9n\u00e9ficier de ce droit.<\/p>\n","protected":false},"excerpt":{"rendered":"<p>La r\u00e9forme des retraites de 2023 introduit une mesure permettant aux personnes atteintes d&rsquo;une incapacit\u00e9 permanente d&rsquo;au moins 20 % de b\u00e9n\u00e9ficier d&rsquo;un d\u00e9part anticip\u00e9 sans abattement. Cette disposition s&rsquo;applique ind\u00e9pendamment de l&rsquo;\u00e2ge et de la dur\u00e9e de cotisation, sous r\u00e9serve d&rsquo;une reconnaissance par la Commission des droits et de l&rsquo;autonomie des personnes handicap\u00e9es (CDAPH) [&hellip;]<\/p>\n","protected":false},"author":1,"featured_media":3133,"comment_status":"open","ping_status":"open","sticky":false,"template":"","format":"standard","meta":{"_seopress_robots_primary_cat":"","_seopress_titles_title":"","_seopress_titles_desc":"","_seopress_robots_index":"","footnotes":""},"categories":[7],"tags":[],"class_list":{"0":"post-3132","1":"post","2":"type-post","3":"status-publish","4":"format-standard","5":"has-post-thumbnail","7":"category-societe"},"_links":{"self":[{"href":"https:\/\/cuberg.net\/fr\/wp-json\/wp\/v2\/posts\/3132","targetHints":{"allow":["GET"]}}],"collection":[{"href":"https:\/\/cuberg.net\/fr\/wp-json\/wp\/v2\/posts"}],"about":[{"href":"https:\/\/cuberg.net\/fr\/wp-json\/wp\/v2\/types\/post"}],"author":[{"embeddable":true,"href":"https:\/\/cuberg.net\/fr\/wp-json\/wp\/v2\/users\/1"}],"replies":[{"embeddable":true,"href":"https:\/\/cuberg.net\/fr\/wp-json\/wp\/v2\/comments?post=3132"}],"version-history":[{"count":1,"href":"https:\/\/cuberg.net\/fr\/wp-json\/wp\/v2\/posts\/3132\/revisions"}],"predecessor-version":[{"id":3217,"href":"https:\/\/cuberg.net\/fr\/wp-json\/wp\/v2\/posts\/3132\/revisions\/3217"}],"wp:featuredmedia":[{"embeddable":true,"href":"https:\/\/cuberg.net\/fr\/wp-json\/wp\/v2\/media\/3133"}],"wp:attachment":[{"href":"https:\/\/cuberg.net\/fr\/wp-json\/wp\/v2\/media?parent=3132"}],"wp:term":[{"taxonomy":"category","embeddable":true,"href":"https:\/\/cuberg.net\/fr\/wp-json\/wp\/v2\/categories?post=3132"},{"taxonomy":"post_tag","embeddable":true,"href":"https:\/\/cuberg.net\/fr\/wp-json\/wp\/v2\/tags?post=3132"}],"curies":[{"name":"wp","href":"https:\/\/api.w.org\/{rel}","templated":true}]}}