{"id":3140,"date":"2025-10-06T07:38:00","date_gmt":"2025-10-06T05:38:00","guid":{"rendered":"https:\/\/cuberg.net\/fr\/?p=3140"},"modified":"2025-10-01T23:17:38","modified_gmt":"2025-10-01T21:17:38","slug":"retrait-du-permis-pour-les-seniors-voici-lage-officiel-qui-a-ete-decide-par-lunion-europeenne","status":"publish","type":"post","link":"https:\/\/cuberg.net\/fr\/retrait-du-permis-pour-les-seniors-voici-lage-officiel-qui-a-ete-decide-par-lunion-europeenne\/","title":{"rendered":"Retrait du permis pour les seniors : voici l\u2019\u00e2ge officiel qui a \u00e9t\u00e9 d\u00e9cid\u00e9 par l\u2019Union Europ\u00e9enne"},"content":{"rendered":"<p>La question de la mobilit\u00e9 des seniors en France soul\u00e8ve un d\u00e9bat important, centr\u00e9 sur l&rsquo;acc\u00e8s au permis de conduire pour les personnes \u00e2g\u00e9es. Ce sujet d\u00e9licat oppose la pr\u00e9servation de l&rsquo;autonomie des seniors \u00e0 la n\u00e9cessit\u00e9 de renforcer la s\u00e9curit\u00e9 routi\u00e8re.<\/p>\n<h2>Contexte Europ\u00e9en<\/h2>\n<p>L&rsquo;Union europ\u00e9enne ambitionne de r\u00e9duire \u00e0 z\u00e9ro le nombre de d\u00e9c\u00e8s sur les routes d&rsquo;ici 2050, incitant plusieurs pays \u00e0 revoir leur politique sur l&rsquo;aptitude \u00e0 la conduite, notamment pour les personnes \u00e2g\u00e9es. En France, le permis de conduire est d\u00e9livr\u00e9 \u00e0 vie sans contr\u00f4le m\u00e9dical p\u00e9riodique, contrairement \u00e0 d&rsquo;autres pays europ\u00e9ens.<\/p>\n<p>Karima Delli, eurod\u00e9put\u00e9e EELV, propose un contr\u00f4le m\u00e9dical obligatoire tous les 15 ans pour tous les conducteurs, afin d&rsquo;\u00e9valuer leurs capacit\u00e9s physiques et cognitives. Si adopt\u00e9e, cette mesure pourrait entrer en vigueur d\u00e8s 2025.<\/p>\n<h2>Positions Divergentes<\/h2>\n<p>Certains responsables politiques, comme Bruno Millienne, soutiennent cette proposition, la consid\u00e9rant essentielle pour am\u00e9liorer la s\u00e9curit\u00e9 routi\u00e8re en France. Les statistiques montrent une surrepr\u00e9sentation des seniors dans certains types d&rsquo;accidents, renfor\u00e7ant cette position. Toutefois, \u00e9quilibrer s\u00e9curit\u00e9 collective et libert\u00e9 individuelle reste un d\u00e9fi.<\/p>\n<h2>Autonomie et S\u00e9curit\u00e9<\/h2>\n<p>Pour de nombreux seniors, notamment en zones rurales, la voiture est cruciale pour maintenir une vie sociale, acc\u00e9der aux soins m\u00e9dicaux et r\u00e9aliser les t\u00e2ches quotidiennes sans d\u00e9pendre d&rsquo;autrui.<\/p>\n<p>L&rsquo;association 40 millions d&rsquo;automobilistes s&rsquo;oppose \u00e0 toute mesure limitant le droit de conduire sur des crit\u00e8res d&rsquo;\u00e2ge, arguant que ces propositions sont injustes et stigmatisantes. Elle souligne qu&rsquo;un conducteur respectueux du code de la route ne devrait pas perdre son permis simplement en raison de son \u00e2ge.<\/p>\n<h2>Alternatives Envisag\u00e9es<\/h2>\n<p>Pour d\u00e9passer cette polarisation, plusieurs solutions interm\u00e9diaires sont envisag\u00e9es. Plut\u00f4t qu&rsquo;un retrait syst\u00e9matique du permis \u00e0 un certain \u00e2ge, des \u00e9valuations personnalis\u00e9es pourraient \u00eatre mises en place, prenant en compte l&rsquo;\u00e9tat de sant\u00e9, les ant\u00e9c\u00e9dents de conduite et les capacit\u00e9s cognitives.<\/p>\n<p>Les avanc\u00e9es technologiques offrent aussi des opportunit\u00e9s int\u00e9ressantes. Les v\u00e9hicules \u00e9quip\u00e9s d&rsquo;assistance \u00e0 la conduite peuvent permettre aux seniors de conserver leur mobilit\u00e9 tout en renfor\u00e7ant la s\u00e9curit\u00e9. De plus, des formations de remise \u00e0 niveau sp\u00e9cifiques pour les conducteurs \u00e2g\u00e9s sont s\u00e9rieusement envisag\u00e9es.<\/p>\n<p>Des pays comme l&rsquo;Italie ou la Su\u00e8de, ayant d\u00e9j\u00e0 adopt\u00e9 des dispositifs similaires, fournissent des donn\u00e9es pr\u00e9cieuses pour \u00e9valuer l&rsquo;efficacit\u00e9 de ces approches. Ces retours d&rsquo;exp\u00e9rience pourraient guider les d\u00e9cisions fran\u00e7aises dans un avenir proche.<\/p>\n<h2>Conclusion<\/h2>\n<p>Alors que l&rsquo;Europe cherche \u00e0 harmoniser ses r\u00e8gles de s\u00e9curit\u00e9 routi\u00e8re, la France doit faire un choix crucial concernant la mobilit\u00e9 des seniors. Entre protection collective et libert\u00e9 individuelle, le d\u00e9bat reste ouvert. Les d\u00e9cisions prises auront un impact significatif sur le quotidien de millions de conducteurs \u00e2g\u00e9s, et il est essentiel de trouver un juste \u00e9quilibre pour r\u00e9pondre \u00e0 ces enjeux complexes.<\/p>\n","protected":false},"excerpt":{"rendered":"<p>La question de la mobilit\u00e9 des seniors en France soul\u00e8ve un d\u00e9bat important, centr\u00e9 sur l&rsquo;acc\u00e8s au permis de conduire pour les personnes \u00e2g\u00e9es. Ce sujet d\u00e9licat oppose la pr\u00e9servation de l&rsquo;autonomie des seniors \u00e0 la n\u00e9cessit\u00e9 de renforcer la s\u00e9curit\u00e9 routi\u00e8re. Contexte Europ\u00e9en L&rsquo;Union europ\u00e9enne ambitionne de r\u00e9duire \u00e0 z\u00e9ro le nombre de d\u00e9c\u00e8s [&hellip;]<\/p>\n","protected":false},"author":1,"featured_media":3141,"comment_status":"open","ping_status":"open","sticky":false,"template":"","format":"standard","meta":{"_seopress_robots_primary_cat":"","_seopress_titles_title":"","_seopress_titles_desc":"","_seopress_robots_index":"","footnotes":""},"categories":[7],"tags":[],"class_list":{"0":"post-3140","1":"post","2":"type-post","3":"status-publish","4":"format-standard","5":"has-post-thumbnail","7":"category-societe"},"_links":{"self":[{"href":"https:\/\/cuberg.net\/fr\/wp-json\/wp\/v2\/posts\/3140","targetHints":{"allow":["GET"]}}],"collection":[{"href":"https:\/\/cuberg.net\/fr\/wp-json\/wp\/v2\/posts"}],"about":[{"href":"https:\/\/cuberg.net\/fr\/wp-json\/wp\/v2\/types\/post"}],"author":[{"embeddable":true,"href":"https:\/\/cuberg.net\/fr\/wp-json\/wp\/v2\/users\/1"}],"replies":[{"embeddable":true,"href":"https:\/\/cuberg.net\/fr\/wp-json\/wp\/v2\/comments?post=3140"}],"version-history":[{"count":1,"href":"https:\/\/cuberg.net\/fr\/wp-json\/wp\/v2\/posts\/3140\/revisions"}],"predecessor-version":[{"id":3281,"href":"https:\/\/cuberg.net\/fr\/wp-json\/wp\/v2\/posts\/3140\/revisions\/3281"}],"wp:featuredmedia":[{"embeddable":true,"href":"https:\/\/cuberg.net\/fr\/wp-json\/wp\/v2\/media\/3141"}],"wp:attachment":[{"href":"https:\/\/cuberg.net\/fr\/wp-json\/wp\/v2\/media?parent=3140"}],"wp:term":[{"taxonomy":"category","embeddable":true,"href":"https:\/\/cuberg.net\/fr\/wp-json\/wp\/v2\/categories?post=3140"},{"taxonomy":"post_tag","embeddable":true,"href":"https:\/\/cuberg.net\/fr\/wp-json\/wp\/v2\/tags?post=3140"}],"curies":[{"name":"wp","href":"https:\/\/api.w.org\/{rel}","templated":true}]}}