{"id":3142,"date":"2025-09-29T16:34:00","date_gmt":"2025-09-29T14:34:00","guid":{"rendered":"https:\/\/cuberg.net\/fr\/?p=3142"},"modified":"2025-09-29T00:37:07","modified_gmt":"2025-09-28T22:37:07","slug":"100e-pour-ce-controle-technique-desormais-obligatoire-tous-les-ans-pour-ces-voitures-voici-la-liste","status":"publish","type":"post","link":"https:\/\/cuberg.net\/fr\/100e-pour-ce-controle-technique-desormais-obligatoire-tous-les-ans-pour-ces-voitures-voici-la-liste\/","title":{"rendered":"100\u20ac pour ce contr\u00f4le technique d\u00e9sormais obligatoire tous les ans pour ces voitures, voici la liste"},"content":{"rendered":"<p>En France, la s\u00e9curit\u00e9 routi\u00e8re et la protection de l\u2019environnement sont des priorit\u00e9s majeures. \u00c0 partir de 2025, une nouvelle r\u00e9glementation imposera un contr\u00f4le technique annuel pour certains v\u00e9hicules. Cette initiative vise \u00e0 am\u00e9liorer la s\u00e9curit\u00e9 des v\u00e9hicules et \u00e0 r\u00e9duire leur impact environnemental. Explorons les d\u00e9tails de cette mesure et son influence sur les conducteurs.<\/p>\n<h2>Pourquoi instaurer un contr\u00f4le technique annuel ?<\/h2>\n<p>Face \u00e0 l\u2019\u00e9tat pr\u00e9occupant du parc automobile fran\u00e7ais, le gouvernement a d\u00e9cid\u00e9 d&rsquo;agir. De nombreux v\u00e9hicules pr\u00e9sentent des d\u00e9fauts dangereux, tels que :<\/p>\n<ul>\n<li><strong>Ch\u00e2ssis endommag\u00e9s<\/strong><\/li>\n<li><strong>Syst\u00e8mes d\u2019\u00e9clairage d\u00e9fectueux<\/strong><\/li>\n<li><strong>Freins us\u00e9s<\/strong><\/li>\n<\/ul>\n<p>Ces probl\u00e8mes augmentent le risque d\u2019accidents. De plus, les v\u00e9hicules anciens sont souvent plus polluants. Ainsi, le contr\u00f4le technique annuel vise \u00e0 r\u00e9duire l&#8217;empreinte carbone des v\u00e9hicules.<\/p>\n<h2>Quels v\u00e9hicules sont concern\u00e9s ?<\/h2>\n<p>La mesure ne s&rsquo;applique pas \u00e0 tous les conducteurs. Les cat\u00e9gories de v\u00e9hicules vis\u00e9es incluent :<\/p>\n<ul>\n<li><strong>Voitures de plus de 10 ans<\/strong><\/li>\n<li><strong>V\u00e9hicules ayant subi des modifications significatives<\/strong><\/li>\n<li><strong>Automobiles autonomes (contr\u00f4le semestriel)<\/strong><\/li>\n<\/ul>\n<p>Les v\u00e9hicules hybrides et \u00e9lectriques ne sont pas exempt\u00e9s. Bien qu&rsquo;innovants, ils peuvent avoir des probl\u00e8mes sp\u00e9cifiques li\u00e9s \u00e0 leur technologie.<\/p>\n<h2>Cons\u00e9quences financi\u00e8res pour les automobilistes<\/h2>\n<p>L&rsquo;instauration d\u2019un contr\u00f4le technique annuel suscite des inqui\u00e9tudes financi\u00e8res. Voici un aper\u00e7u des tarifs moyens :<\/p>\n<ul>\n<li><strong>Contr\u00f4le initial : 80 \u00e0 120 \u20ac<\/strong><\/li>\n<li><strong>Contre-visite : 40 \u00e0 60 \u20ac<\/strong><\/li>\n<\/ul>\n<p>Ces co\u00fbts pourraient augmenter, pesant davantage sur les m\u00e9nages modestes. Les r\u00e9parations post-contr\u00f4le peuvent aussi alourdir la facture.<\/p>\n<h2>Comment pr\u00e9parer son v\u00e9hicule ?<\/h2>\n<p>Pour \u00e9viter des d\u00e9penses inutiles, il est conseill\u00e9 de bien pr\u00e9parer son v\u00e9hicule. Voici quelques recommandations :<\/p>\n<ul>\n<li><strong>V\u00e9rifier l\u2019\u00e9tat des pneus, des freins et de l\u2019\u00e9clairage<\/strong><\/li>\n<li><strong>Effectuer un entretien r\u00e9gulier (vidange, filtres, etc.)<\/strong><\/li>\n<li><strong>Nettoyer le syst\u00e8me d\u2019\u00e9chappement<\/strong><\/li>\n<li><strong>Contr\u00f4ler les niveaux de liquides (huile, liquide de refroidissement, etc.)<\/strong><\/li>\n<\/ul>\n<p>En adoptant ces pratiques, vous augmentez vos chances de r\u00e9ussir le contr\u00f4le technique et maintenez votre v\u00e9hicule en bon \u00e9tat.<\/p>\n<p>Le contr\u00f4le technique annuel repr\u00e9sente un tournant dans la politique de s\u00e9curit\u00e9 routi\u00e8re et environnementale en France. Bien que contraignante, cette mesure vise \u00e0 garantir la s\u00e9curit\u00e9 de tous et \u00e0 r\u00e9duire l&rsquo;impact \u00e9cologique. Il est donc essentiel de se pr\u00e9parer d\u00e8s maintenant pour aborder ce changement en toute s\u00e9r\u00e9nit\u00e9.<\/p>\n","protected":false},"excerpt":{"rendered":"<p>En France, la s\u00e9curit\u00e9 routi\u00e8re et la protection de l\u2019environnement sont des priorit\u00e9s majeures. \u00c0 partir de 2025, une nouvelle r\u00e9glementation imposera un contr\u00f4le technique annuel pour certains v\u00e9hicules. Cette initiative vise \u00e0 am\u00e9liorer la s\u00e9curit\u00e9 des v\u00e9hicules et \u00e0 r\u00e9duire leur impact environnemental. Explorons les d\u00e9tails de cette mesure et son influence sur les [&hellip;]<\/p>\n","protected":false},"author":1,"featured_media":3143,"comment_status":"open","ping_status":"open","sticky":false,"template":"","format":"standard","meta":{"_seopress_robots_primary_cat":"","_seopress_titles_title":"","_seopress_titles_desc":"","_seopress_robots_index":"","footnotes":""},"categories":[7],"tags":[],"class_list":{"0":"post-3142","1":"post","2":"type-post","3":"status-publish","4":"format-standard","5":"has-post-thumbnail","7":"category-societe"},"_links":{"self":[{"href":"https:\/\/cuberg.net\/fr\/wp-json\/wp\/v2\/posts\/3142","targetHints":{"allow":["GET"]}}],"collection":[{"href":"https:\/\/cuberg.net\/fr\/wp-json\/wp\/v2\/posts"}],"about":[{"href":"https:\/\/cuberg.net\/fr\/wp-json\/wp\/v2\/types\/post"}],"author":[{"embeddable":true,"href":"https:\/\/cuberg.net\/fr\/wp-json\/wp\/v2\/users\/1"}],"replies":[{"embeddable":true,"href":"https:\/\/cuberg.net\/fr\/wp-json\/wp\/v2\/comments?post=3142"}],"version-history":[{"count":1,"href":"https:\/\/cuberg.net\/fr\/wp-json\/wp\/v2\/posts\/3142\/revisions"}],"predecessor-version":[{"id":3216,"href":"https:\/\/cuberg.net\/fr\/wp-json\/wp\/v2\/posts\/3142\/revisions\/3216"}],"wp:featuredmedia":[{"embeddable":true,"href":"https:\/\/cuberg.net\/fr\/wp-json\/wp\/v2\/media\/3143"}],"wp:attachment":[{"href":"https:\/\/cuberg.net\/fr\/wp-json\/wp\/v2\/media?parent=3142"}],"wp:term":[{"taxonomy":"category","embeddable":true,"href":"https:\/\/cuberg.net\/fr\/wp-json\/wp\/v2\/categories?post=3142"},{"taxonomy":"post_tag","embeddable":true,"href":"https:\/\/cuberg.net\/fr\/wp-json\/wp\/v2\/tags?post=3142"}],"curies":[{"name":"wp","href":"https:\/\/api.w.org\/{rel}","templated":true}]}}