{"id":3148,"date":"2025-10-07T11:40:00","date_gmt":"2025-10-07T09:40:00","guid":{"rendered":"https:\/\/cuberg.net\/fr\/?p=3148"},"modified":"2025-10-07T02:34:00","modified_gmt":"2025-10-07T00:34:00","slug":"france-travail-ce-lanceur-dalerte-francais-devoile-comment-des-chomeurs-ont-fait-pour-recuperer-leurs-allocations-sans-en-avoir-le-droit","status":"publish","type":"post","link":"https:\/\/cuberg.net\/fr\/france-travail-ce-lanceur-dalerte-francais-devoile-comment-des-chomeurs-ont-fait-pour-recuperer-leurs-allocations-sans-en-avoir-le-droit\/","title":{"rendered":"France Travail : ce lanceur d\u2019alerte fran\u00e7ais d\u00e9voile comment des ch\u00f4meurs ont fait pour r\u00e9cup\u00e9rer leurs allocations (sans en avoir le droit)"},"content":{"rendered":"<p>Le syst\u00e8me d&rsquo;aide aux demandeurs d&#8217;emploi en France, repr\u00e9sent\u00e9 par France Travail, fait face \u00e0 de nombreuses critiques. Yann Gaudin, ancien conseiller devenu lanceur d\u2019alerte, a mis en lumi\u00e8re plusieurs dysfonctionnements tout en proposant des solutions qui ont aid\u00e9 de nombreux ch\u00f4meurs \u00e0 r\u00e9cup\u00e9rer leurs allocations injustement suspendues ou retard\u00e9es.<\/p>\n<h2>R\u00e9v\u00e9lations sur France Travail<\/h2>\n<p>Yann Gaudin a identifi\u00e9 trois probl\u00e8mes majeurs. Il critique d&rsquo;abord le refus de corriger les erreurs de calculs, qu&rsquo;il attribue \u00e0 un \u00ab orgueil institutionnel \u00bb. Ensuite, il d\u00e9nonce les retards fr\u00e9quents dans le versement des allocations, qu&rsquo;il qualifie d&rsquo;\u00ab avarice administrative \u00bb. Enfin, il pointe du doigt le traitement superficiel des dossiers, souvent sans v\u00e9rification approfondie.<\/p>\n<p>Ces dysfonctionnements ont des cons\u00e9quences importantes. Une \u00e9tude de l\u2019IFOP r\u00e9v\u00e8le que 68% des ch\u00f4meurs se sentent abandonn\u00e9s par le syst\u00e8me cens\u00e9 les soutenir. De plus, la transparence de France Travail est remise en question, seulement 34% de ses indicateurs de performance \u00e9tant publi\u00e9s, ce qui masque son efficacit\u00e9 r\u00e9elle.<\/p>\n<h2>R\u00e9actions et Initiatives<\/h2>\n<p>Face \u00e0 cette situation, plusieurs d\u00e9put\u00e9s demandent un audit ind\u00e9pendant de l&rsquo;institution, soutenu par 63% des Fran\u00e7ais selon un sondage BVA. Cette d\u00e9fiance croissante pousse \u00e0 explorer des alternatives.<\/p>\n<h2>La Bonne \u00c9toile : Une Alternative Prometteuse<\/h2>\n<p>Pour compenser les lacunes institutionnelles, Yann Gaudin a cr\u00e9\u00e9 \u00ab La Bonne \u00c9toile \u00bb, une initiative citoyenne qui r\u00e9volutionne l&rsquo;aide aux ch\u00f4meurs. Sa m\u00e9thode repose sur trois piliers : analyse juridique approfondie des dossiers, m\u00e9diation directe avec l&rsquo;administration, et suivi post-r\u00e8glement. Cette approche personnalis\u00e9e contraste fortement avec les proc\u00e9dures standardis\u00e9es de France Travail.<\/p>\n<p>Les r\u00e9sultats sont impressionnants : le d\u00e9lai de traitement moyen des dossiers est r\u00e9duit \u00e0 trois semaines, avec un taux de r\u00e9ussite de 89%, contre 42% pour les proc\u00e9dures classiques. Depuis 2022, La Bonne \u00c9toile a permis de r\u00e9cup\u00e9rer 4,7 millions d&rsquo;euros en indemnit\u00e9s impay\u00e9es pour les demandeurs d&#8217;emploi l\u00e9s\u00e9s.<\/p>\n<p>Les t\u00e9moignages sur l&rsquo;efficacit\u00e9 de cette initiative abondent. Par exemple, Marie, 54 ans, a r\u00e9cup\u00e9r\u00e9 18 000 euros apr\u00e8s deux ans de bataille administrative, tandis que Karim, 37 ans, affirme avoir retrouv\u00e9 sa dignit\u00e9 gr\u00e2ce \u00e0 cette aide. En tout, 1 240 dossiers ont \u00e9t\u00e9 trait\u00e9s en 18 mois, avec un taux de satisfaction de 92% selon une enqu\u00eate interne.<\/p>\n<h2>Propositions pour un Syst\u00e8me Am\u00e9lior\u00e9<\/h2>\n<p>Malgr\u00e9 ses succ\u00e8s, le mod\u00e8le de Gaudin pr\u00e9sente certaines limites, telles que la d\u00e9pendance au b\u00e9n\u00e9volat, une couverture g\u00e9ographique restreinte et l&rsquo;absence de reconnaissance l\u00e9gale. Ces contraintes soulignent la n\u00e9cessit\u00e9 d&rsquo;une r\u00e9forme structurelle de France Travail.<\/p>\n<p>Plusieurs pistes d&rsquo;am\u00e9lioration \u00e9mergent : cr\u00e9ation d&rsquo;un m\u00e9diateur ind\u00e9pendant pour les litiges, formation renforc\u00e9e des conseillers, et une plateforme num\u00e9rique unifi\u00e9e pour le suivi des dossiers. D&rsquo;autres propositions incluent l&rsquo;instauration de d\u00e9lais l\u00e9gaux pour le traitement des demandes et un budget sp\u00e9cifique pour corriger les erreurs pass\u00e9es.<\/p>\n<h2>Un Nouveau Mod\u00e8le d&rsquo;Aide \u00e0 l&rsquo;Emploi<\/h2>\n<p>Le contraste entre France Travail, avec ses 850 millions d&rsquo;euros de budget annuel, et des structures comme La Bonne \u00c9toile, qui op\u00e8rent avec des ressources limit\u00e9es mais affichent des r\u00e9sultats sup\u00e9rieurs, soul\u00e8ve des questions sur l&rsquo;utilisation optimale des fonds publics.<\/p>\n<p>L&rsquo;exp\u00e9rience de Yann Gaudin montre qu&rsquo;une approche alternative est possible. En combinant expertise citoyenne et moyens institutionnels, la France pourrait r\u00e9inventer son mod\u00e8le social d&rsquo;accompagnement des demandeurs d&#8217;emploi. Cependant, cette transformation n\u00e9cessiterait une volont\u00e9 politique qui fait encore d\u00e9faut.<\/p>\n<p>La solution pourrait r\u00e9sider dans une collaboration constructive entre les institutions publiques et les lanceurs d\u2019alerte. Plut\u00f4t que de les consid\u00e9rer comme des adversaires, France Travail pourrait s&rsquo;inspirer de leurs m\u00e9thodes pour am\u00e9liorer ses services. L&rsquo;avenir dira si cette hybridation est possible, mais l&rsquo;urgence d&rsquo;une r\u00e9forme est, elle, ind\u00e9niable.<\/p>\n","protected":false},"excerpt":{"rendered":"<p>Le syst\u00e8me d&rsquo;aide aux demandeurs d&#8217;emploi en France, repr\u00e9sent\u00e9 par France Travail, fait face \u00e0 de nombreuses critiques. Yann Gaudin, ancien conseiller devenu lanceur d\u2019alerte, a mis en lumi\u00e8re plusieurs dysfonctionnements tout en proposant des solutions qui ont aid\u00e9 de nombreux ch\u00f4meurs \u00e0 r\u00e9cup\u00e9rer leurs allocations injustement suspendues ou retard\u00e9es. R\u00e9v\u00e9lations sur France Travail Yann [&hellip;]<\/p>\n","protected":false},"author":1,"featured_media":3149,"comment_status":"open","ping_status":"open","sticky":false,"template":"","format":"standard","meta":{"_seopress_robots_primary_cat":"","_seopress_titles_title":"","_seopress_titles_desc":"","_seopress_robots_index":"","footnotes":""},"categories":[7],"tags":[],"class_list":{"0":"post-3148","1":"post","2":"type-post","3":"status-publish","4":"format-standard","5":"has-post-thumbnail","7":"category-societe"},"_links":{"self":[{"href":"https:\/\/cuberg.net\/fr\/wp-json\/wp\/v2\/posts\/3148","targetHints":{"allow":["GET"]}}],"collection":[{"href":"https:\/\/cuberg.net\/fr\/wp-json\/wp\/v2\/posts"}],"about":[{"href":"https:\/\/cuberg.net\/fr\/wp-json\/wp\/v2\/types\/post"}],"author":[{"embeddable":true,"href":"https:\/\/cuberg.net\/fr\/wp-json\/wp\/v2\/users\/1"}],"replies":[{"embeddable":true,"href":"https:\/\/cuberg.net\/fr\/wp-json\/wp\/v2\/comments?post=3148"}],"version-history":[{"count":1,"href":"https:\/\/cuberg.net\/fr\/wp-json\/wp\/v2\/posts\/3148\/revisions"}],"predecessor-version":[{"id":3298,"href":"https:\/\/cuberg.net\/fr\/wp-json\/wp\/v2\/posts\/3148\/revisions\/3298"}],"wp:featuredmedia":[{"embeddable":true,"href":"https:\/\/cuberg.net\/fr\/wp-json\/wp\/v2\/media\/3149"}],"wp:attachment":[{"href":"https:\/\/cuberg.net\/fr\/wp-json\/wp\/v2\/media?parent=3148"}],"wp:term":[{"taxonomy":"category","embeddable":true,"href":"https:\/\/cuberg.net\/fr\/wp-json\/wp\/v2\/categories?post=3148"},{"taxonomy":"post_tag","embeddable":true,"href":"https:\/\/cuberg.net\/fr\/wp-json\/wp\/v2\/tags?post=3148"}],"curies":[{"name":"wp","href":"https:\/\/api.w.org\/{rel}","templated":true}]}}