{"id":3152,"date":"2025-09-29T07:31:00","date_gmt":"2025-09-29T05:31:00","guid":{"rendered":"https:\/\/cuberg.net\/fr\/?p=3152"},"modified":"2025-09-29T00:37:07","modified_gmt":"2025-09-28T22:37:07","slug":"ce-nouveau-radar-du-futur-arrive-sur-les-routes-en-france-en-2025-il-flashe-meme-sans-exces-de-vitesse-pour-cette-raison","status":"publish","type":"post","link":"https:\/\/cuberg.net\/fr\/ce-nouveau-radar-du-futur-arrive-sur-les-routes-en-france-en-2025-il-flashe-meme-sans-exces-de-vitesse-pour-cette-raison\/","title":{"rendered":"Ce nouveau radar \u00ab\u00a0du futur\u00a0\u00bb arrive sur les routes en France en 2025 : il flashe m\u00eame sans exc\u00e8s de vitesse pour cette raison"},"content":{"rendered":"<p>La surveillance routi\u00e8re en France s&rsquo;appr\u00eate \u00e0 conna\u00eetre une transformation majeure avec l&rsquo;introduction de l&rsquo;hydre, un radar innovant qui se concentre sur les nuisances sonores des v\u00e9hicules plut\u00f4t que sur leur vitesse. \u00c0 partir de 2025, ce syst\u00e8me promet d&rsquo;am\u00e9liorer notre mani\u00e8re de conduire et de vivre en milieu urbain.<\/p>\n<h2>Un radar ax\u00e9 sur le bruit<\/h2>\n<p>L&rsquo;hydre se distingue par sa capacit\u00e9 \u00e0 d\u00e9tecter et identifier les v\u00e9hicules bruyants gr\u00e2ce \u00e0 ses deux syst\u00e8mes acoustiques, chacun \u00e9quip\u00e9 de quatre microphones. Ce dispositif peut localiser pr\u00e9cis\u00e9ment la source d&rsquo;un bruit excessif dans un rayon de 15 m\u00e8tres, m\u00eame dans un trafic dense. D\u00e9velopp\u00e9 par Bruitparif, il r\u00e9pond \u00e0 des pr\u00e9occupations croissantes concernant l&rsquo;impact du bruit routier sur la sant\u00e9 publique. Les conducteurs devront d\u00e9sormais faire attention \u00e0 l&rsquo;entretien de leurs syst\u00e8mes d&rsquo;\u00e9chappement et \u00e9viter les acc\u00e9l\u00e9rations brutales.<\/p>\n<h2>D\u00e9ploiement progressif et villes pionni\u00e8res<\/h2>\n<p>Avant son d\u00e9ploiement national pr\u00e9vu pour 2025, l&rsquo;hydre a \u00e9t\u00e9 test\u00e9 dans sept communes fran\u00e7aises : Paris, Nice, Toulouse, Bron, Saint-Lambert, Rueil-Malmaison et Villeneuve-le-Roi. Ces essais ont d\u00e9montr\u00e9 l&rsquo;efficacit\u00e9 du radar dans divers environnements urbains et conditions de trafic. L&rsquo;homologation est attendue pour le printemps 2025. Ces villes ont \u00e9t\u00e9 choisies pour leur diversit\u00e9, garantissant ainsi une adaptation efficace du syst\u00e8me au r\u00e9seau routier national. Contrairement aux radars classiques, l&rsquo;hydre est discret et difficile \u00e0 \u00e9viter, incitant les automobilistes \u00e0 adopter de nouvelles habitudes de conduite.<\/p>\n<h2>Impact sur les conducteurs et nouvelles normes de conduite<\/h2>\n<p>Avec l&rsquo;arriv\u00e9e de l&rsquo;hydre, les automobilistes devront pr\u00eater autant d&rsquo;attention au bruit de leur v\u00e9hicule qu&rsquo;\u00e0 leur vitesse. Cette \u00e9volution vise \u00e0 cr\u00e9er un environnement urbain plus paisible, r\u00e9duisant les nuisances sonores pour les riverains. En cas d&rsquo;infraction, les conducteurs risquent une amende de 135 euros, r\u00e9duite \u00e0 90 euros en cas de paiement rapide. Cette sanction fait partie d&rsquo;une strat\u00e9gie visant \u00e0 encourager une conduite plus respectueuse de l&rsquo;environnement sonore.<\/p>\n<p>Au-del\u00e0 de la r\u00e9pression, l&rsquo;hydre encourage une mobilit\u00e9 plus silencieuse, pouvant acc\u00e9l\u00e9rer l&rsquo;adoption de v\u00e9hicules \u00e9lectriques ou hybrides, naturellement moins bruyants. La r\u00e9duction du stress li\u00e9 au bruit est \u00e9galement un b\u00e9n\u00e9fice attendu pour la population urbaine. L&rsquo;hydre est plus qu&rsquo;un outil r\u00e9pressif; il constitue un levier de transformation des comportements routiers, encourageant une conduite plus douce et respectueuse du cadre de vie collectif.<\/p>\n<p>En conclusion, le d\u00e9ploiement de l&rsquo;hydre en 2025 marquera un tournant dans notre rapport \u00e0 la mobilit\u00e9 urbaine. En ciblant les nuisances sonores, ce radar innovant vise \u00e0 am\u00e9liorer la qualit\u00e9 de vie en milieu urbain, tout en incitant \u00e0 une conduite plus respectueuse de l&rsquo;environnement. Cette r\u00e9volution dans la surveillance routi\u00e8re pourrait bien transformer nos villes en espaces plus sereins et agr\u00e9ables \u00e0 vivre.<\/p>\n","protected":false},"excerpt":{"rendered":"<p>La surveillance routi\u00e8re en France s&rsquo;appr\u00eate \u00e0 conna\u00eetre une transformation majeure avec l&rsquo;introduction de l&rsquo;hydre, un radar innovant qui se concentre sur les nuisances sonores des v\u00e9hicules plut\u00f4t que sur leur vitesse. \u00c0 partir de 2025, ce syst\u00e8me promet d&rsquo;am\u00e9liorer notre mani\u00e8re de conduire et de vivre en milieu urbain. Un radar ax\u00e9 sur le [&hellip;]<\/p>\n","protected":false},"author":1,"featured_media":3153,"comment_status":"open","ping_status":"open","sticky":false,"template":"","format":"standard","meta":{"_seopress_robots_primary_cat":"","_seopress_titles_title":"","_seopress_titles_desc":"","_seopress_robots_index":"","footnotes":""},"categories":[7],"tags":[],"class_list":{"0":"post-3152","1":"post","2":"type-post","3":"status-publish","4":"format-standard","5":"has-post-thumbnail","7":"category-societe"},"_links":{"self":[{"href":"https:\/\/cuberg.net\/fr\/wp-json\/wp\/v2\/posts\/3152","targetHints":{"allow":["GET"]}}],"collection":[{"href":"https:\/\/cuberg.net\/fr\/wp-json\/wp\/v2\/posts"}],"about":[{"href":"https:\/\/cuberg.net\/fr\/wp-json\/wp\/v2\/types\/post"}],"author":[{"embeddable":true,"href":"https:\/\/cuberg.net\/fr\/wp-json\/wp\/v2\/users\/1"}],"replies":[{"embeddable":true,"href":"https:\/\/cuberg.net\/fr\/wp-json\/wp\/v2\/comments?post=3152"}],"version-history":[{"count":1,"href":"https:\/\/cuberg.net\/fr\/wp-json\/wp\/v2\/posts\/3152\/revisions"}],"predecessor-version":[{"id":3209,"href":"https:\/\/cuberg.net\/fr\/wp-json\/wp\/v2\/posts\/3152\/revisions\/3209"}],"wp:featuredmedia":[{"embeddable":true,"href":"https:\/\/cuberg.net\/fr\/wp-json\/wp\/v2\/media\/3153"}],"wp:attachment":[{"href":"https:\/\/cuberg.net\/fr\/wp-json\/wp\/v2\/media?parent=3152"}],"wp:term":[{"taxonomy":"category","embeddable":true,"href":"https:\/\/cuberg.net\/fr\/wp-json\/wp\/v2\/categories?post=3152"},{"taxonomy":"post_tag","embeddable":true,"href":"https:\/\/cuberg.net\/fr\/wp-json\/wp\/v2\/tags?post=3152"}],"curies":[{"name":"wp","href":"https:\/\/api.w.org\/{rel}","templated":true}]}}