{"id":3166,"date":"2025-09-30T10:34:00","date_gmt":"2025-09-30T08:34:00","guid":{"rendered":"https:\/\/cuberg.net\/fr\/?p=3166"},"modified":"2025-09-29T00:37:16","modified_gmt":"2025-09-28T22:37:16","slug":"a-39-ans-elle-squatte-une-maison-sans-savoir-quelle-appartient-a-un-magistrat-de-nimes","status":"publish","type":"post","link":"https:\/\/cuberg.net\/fr\/a-39-ans-elle-squatte-une-maison-sans-savoir-quelle-appartient-a-un-magistrat-de-nimes\/","title":{"rendered":"\u00c0 39 ans, elle squatte une maison sans savoir qu&rsquo;elle appartient&#8230; \u00e0 un magistrat de N\u00eemes !"},"content":{"rendered":"<p>Marion, une femme de 39 ans, a vu sa recherche de logement se transformer en cauchemar lorsqu&rsquo;elle a occup\u00e9 une maison vide \u00e0 N\u00eemes, sans savoir qu&rsquo;elle appartenait \u00e0 un magistrat local. Cet incident a r\u00e9v\u00e9l\u00e9 un parcours de vie difficile, marqu\u00e9 par la pr\u00e9carit\u00e9, les addictions et des expulsions r\u00e9p\u00e9t\u00e9es.<\/p>\n<h2>Un choix malheureux<\/h2>\n<p>Le 3 ao\u00fbt, Marion a forc\u00e9 l&rsquo;entr\u00e9e d&rsquo;une maison qu&rsquo;elle pensait inoccup\u00e9e. Ignorant que c&rsquo;\u00e9tait la r\u00e9sidence secondaire d&rsquo;un magistrat bien inform\u00e9 de ses droits, elle s&rsquo;est retrouv\u00e9e rapidement confront\u00e9e \u00e0 la justice. Son acte a mis en lumi\u00e8re un pass\u00e9 chaotique, entre d\u00e9pendances \u00e0 l&rsquo;h\u00e9ro\u00efne et au cannabis, et une situation de pr\u00e9carit\u00e9 extr\u00eame.<\/p>\n<h2>Condamnation et conditions<\/h2>\n<p>Marion a \u00e9t\u00e9 condamn\u00e9e \u00e0 six mois de prison avec sursis probatoire pendant deux ans, assortis d&rsquo;une obligation de soins et d&rsquo;un suivi rigoureux. Si elle ne respecte pas ces conditions, elle risque l&rsquo;incarc\u00e9ration, et sa fille de 17 ans pourrait \u00eatre plac\u00e9e. Le minist\u00e8re public a soulign\u00e9 ses luttes contre ses d\u00e9pendances et une tentative de suicide r\u00e9cente.<\/p>\n<h2>Un pass\u00e9 de squats et de cohabitations difficiles<\/h2>\n<p>Ce n&rsquo;est pas la premi\u00e8re fois que Marion se retrouve dans une telle situation. En 2023, elle avait \u00e9t\u00e9 h\u00e9berg\u00e9e par un homme bipolaire. Rapidement, son compagnon et plusieurs animaux avaient rejoint le foyer, rendant la situation intenable. L&rsquo;\u00e9tat d\u00e9plorable de la maison avait conduit \u00e0 son expulsion par la police.<\/p>\n<h2>Justifications et verdicts<\/h2>\n<p>Devant le tribunal, Marion a tent\u00e9 de justifier ses actes par ses difficult\u00e9s personnelles, affirmant traverser une mauvaise passe. Cependant, ses ant\u00e9c\u00e9dents et les d\u00e9g\u00e2ts caus\u00e9s ont compliqu\u00e9 sa d\u00e9fense. Les magistrats ont estim\u00e9 que ses difficult\u00e9s ne justifiaient pas ses comportements abusifs.<\/p>\n<p>Dans certaines affaires, Marion a \u00e9t\u00e9 relax\u00e9e, notamment pour l&rsquo;occupation d&rsquo;un logement, car elle n&rsquo;\u00e9tait pas entr\u00e9e ill\u00e9galement. Toutefois, elle a re\u00e7u l&rsquo;interdiction de reprendre contact avec ses anciens h\u00e9bergeurs pour \u00e9viter de nouveaux conflits.<\/p>\n<h2>Un avenir incertain<\/h2>\n<p>Marion reste sous \u00e9troite surveillance judiciaire. Son avenir d\u00e9pend de sa capacit\u00e9 \u00e0 respecter ses obligations de soins et \u00e0 surmonter ses addictions. Pour sa fille, cette p\u00e9riode s&rsquo;annonce d\u00e9licate, marqu\u00e9e par l&rsquo;incertitude et le risque d&rsquo;instabilit\u00e9. Cette affaire illustre les parcours fragiles de personnes en grande d\u00e9tresse, souvent pi\u00e9g\u00e9es dans un cycle de mauvaises d\u00e9cisions.<\/p>\n<p>Pour Marion, l&rsquo;espoir d&rsquo;une r\u00e9insertion est possible, \u00e0 condition qu&rsquo;elle rompe avec ses comportements destructeurs et accepte l&rsquo;aide qui lui est propos\u00e9e. Cette affaire met en lumi\u00e8re les d\u00e9fis auxquels sont confront\u00e9es les personnes en situation de pr\u00e9carit\u00e9, et l&rsquo;importance d&rsquo;un soutien adapt\u00e9 pour esp\u00e9rer un avenir meilleur.<\/p>\n","protected":false},"excerpt":{"rendered":"<p>Marion, une femme de 39 ans, a vu sa recherche de logement se transformer en cauchemar lorsqu&rsquo;elle a occup\u00e9 une maison vide \u00e0 N\u00eemes, sans savoir qu&rsquo;elle appartenait \u00e0 un magistrat local. Cet incident a r\u00e9v\u00e9l\u00e9 un parcours de vie difficile, marqu\u00e9 par la pr\u00e9carit\u00e9, les addictions et des expulsions r\u00e9p\u00e9t\u00e9es. Un choix malheureux Le [&hellip;]<\/p>\n","protected":false},"author":1,"featured_media":3167,"comment_status":"open","ping_status":"open","sticky":false,"template":"","format":"standard","meta":{"_seopress_robots_primary_cat":"","_seopress_titles_title":"","_seopress_titles_desc":"","_seopress_robots_index":"","footnotes":""},"categories":[7],"tags":[],"class_list":{"0":"post-3166","1":"post","2":"type-post","3":"status-publish","4":"format-standard","5":"has-post-thumbnail","7":"category-societe"},"_links":{"self":[{"href":"https:\/\/cuberg.net\/fr\/wp-json\/wp\/v2\/posts\/3166","targetHints":{"allow":["GET"]}}],"collection":[{"href":"https:\/\/cuberg.net\/fr\/wp-json\/wp\/v2\/posts"}],"about":[{"href":"https:\/\/cuberg.net\/fr\/wp-json\/wp\/v2\/types\/post"}],"author":[{"embeddable":true,"href":"https:\/\/cuberg.net\/fr\/wp-json\/wp\/v2\/users\/1"}],"replies":[{"embeddable":true,"href":"https:\/\/cuberg.net\/fr\/wp-json\/wp\/v2\/comments?post=3166"}],"version-history":[{"count":1,"href":"https:\/\/cuberg.net\/fr\/wp-json\/wp\/v2\/posts\/3166\/revisions"}],"predecessor-version":[{"id":3222,"href":"https:\/\/cuberg.net\/fr\/wp-json\/wp\/v2\/posts\/3166\/revisions\/3222"}],"wp:featuredmedia":[{"embeddable":true,"href":"https:\/\/cuberg.net\/fr\/wp-json\/wp\/v2\/media\/3167"}],"wp:attachment":[{"href":"https:\/\/cuberg.net\/fr\/wp-json\/wp\/v2\/media?parent=3166"}],"wp:term":[{"taxonomy":"category","embeddable":true,"href":"https:\/\/cuberg.net\/fr\/wp-json\/wp\/v2\/categories?post=3166"},{"taxonomy":"post_tag","embeddable":true,"href":"https:\/\/cuberg.net\/fr\/wp-json\/wp\/v2\/tags?post=3166"}],"curies":[{"name":"wp","href":"https:\/\/api.w.org\/{rel}","templated":true}]}}