{"id":3168,"date":"2025-10-02T09:30:00","date_gmt":"2025-10-02T07:30:00","guid":{"rendered":"https:\/\/cuberg.net\/fr\/?p=3168"},"modified":"2025-10-01T23:16:55","modified_gmt":"2025-10-01T21:16:55","slug":"ma-mere-est-entree-en-ehpad-quelques-mois-son-proprietaire-a-voulu-la-faire-expulser-comme-si-elle-avait-tout-abandonne","status":"publish","type":"post","link":"https:\/\/cuberg.net\/fr\/ma-mere-est-entree-en-ehpad-quelques-mois-son-proprietaire-a-voulu-la-faire-expulser-comme-si-elle-avait-tout-abandonne\/","title":{"rendered":"Ma m\u00e8re est entr\u00e9e en Ehpad quelques mois\u2026 Son propri\u00e9taire a voulu la faire expulser comme si elle avait tout abandonn\u00e9"},"content":{"rendered":"<p>Lorsqu&rsquo;un parent \u00e2g\u00e9 int\u00e8gre un Ehpad, des questions juridiques complexes peuvent \u00e9merger, notamment pour les propri\u00e9taires immobiliers. Une d\u00e9cision r\u00e9cente de la Cour d&rsquo;appel de Paris en mai 2025 a apport\u00e9 des \u00e9claircissements sur cette question \u00e0 travers une affaire impliquant une locataire hospitalis\u00e9e en 2020 et d\u00e9c\u00e9d\u00e9e en 2021. Cette d\u00e9cision influence significativement l&rsquo;interpr\u00e9tation du transfert de bail.<\/p>\n<h2>Contexte Juridique<\/h2>\n<p>Dans cette affaire, une locataire, apr\u00e8s son hospitalisation, avait rejoint un Ehpad. Le propri\u00e9taire consid\u00e9rait cela comme un abandon de domicile, ce qui lui aurait permis de refuser le transfert de bail \u00e0 la famille cohabitante. Cependant, la Cour d&rsquo;appel a d\u00e9termin\u00e9 que le s\u00e9jour en Ehpad \u00e9tait temporaire. La locataire revenait r\u00e9guli\u00e8rement chez elle et avait exprim\u00e9 son intention de revenir d\u00e9finitivement.<\/p>\n<p>Me Gabriel Neu-Janicki, avocat sp\u00e9cialis\u00e9, a soulign\u00e9 que l&rsquo;abandon de domicile implique un d\u00e9part d\u00e9finitif, ce qui n&rsquo;\u00e9tait pas le cas ici. La loi de 1989 pr\u00e9cise que la cohabitation n\u00e9cessaire pour le transfert de bail ne peut \u00eatre annul\u00e9e par un s\u00e9jour temporaire en Ehpad.<\/p>\n<h2>Proc\u00e9dure de R\u00e9siliation en Ehpad<\/h2>\n<p>Il est essentiel de comprendre que le placement en Ehpad ne suit pas les m\u00eames r\u00e8gles qu&rsquo;un bail locatif classique. Un contrat de s\u00e9jour est sign\u00e9, et sa r\u00e9siliation n\u00e9cessite une proc\u00e9dure stricte. L&rsquo;\u00e9tablissement doit informer le r\u00e9sident, proposer des solutions comme l&rsquo;\u00e9chelonnement des dettes, et, en dernier recours, saisir le juge des tutelles si le r\u00e9sident n&rsquo;est plus en capacit\u00e9 de d\u00e9cider seul. L&rsquo;expulsion physique n\u00e9cessite un jugement et l&rsquo;appui de la force publique.<\/p>\n<h2>Transfert de Bail et Cohabitation<\/h2>\n<p>L&rsquo;article 14 de la loi du 6 juillet 1989 a jou\u00e9 un r\u00f4le crucial dans cette affaire. Il stipule que le transfert de bail est accord\u00e9 aux proches ayant cohabit\u00e9 au moins un an avec le locataire, \u00e0 condition que le logement ne soit pas consid\u00e9r\u00e9 comme abandonn\u00e9. Dans ce cas, la pr\u00e9sence ponctuelle de la locataire et son souhait de revenir ont \u00e9t\u00e9 des \u00e9l\u00e9ments cl\u00e9s pour prouver l&rsquo;absence d&rsquo;abandon.<\/p>\n<p>Cette jurisprudence r\u00e9cente prot\u00e8ge indirectement de nombreuses familles confront\u00e9es \u00e0 des situations similaires. Elle rappelle aux propri\u00e9taires que l&rsquo;abandon de logement ne peut pas \u00eatre invoqu\u00e9 \u00e0 la l\u00e9g\u00e8re et que les droits des locataires et de leurs familles doivent \u00eatre respect\u00e9s.<\/p>\n<h2>Conclusion<\/h2>\n<p>La d\u00e9cision de la Cour d&rsquo;appel de Paris met en \u00e9vidence l&rsquo;importance de ne pas interpr\u00e9ter h\u00e2tivement un placement en Ehpad comme un abandon de domicile. Elle \u00e9tablit un pr\u00e9c\u00e9dent important pour les familles et les propri\u00e9taires, clarifiant que l&rsquo;abandon de logement n\u00e9cessite un d\u00e9part d\u00e9finitif et non un s\u00e9jour temporaire. Cette clarification prot\u00e8ge les droits des locataires et assure que les proc\u00e9dures l\u00e9gales sont correctement suivies, offrant ainsi une protection essentielle aux familles concern\u00e9es.<\/p>\n","protected":false},"excerpt":{"rendered":"<p>Lorsqu&rsquo;un parent \u00e2g\u00e9 int\u00e8gre un Ehpad, des questions juridiques complexes peuvent \u00e9merger, notamment pour les propri\u00e9taires immobiliers. Une d\u00e9cision r\u00e9cente de la Cour d&rsquo;appel de Paris en mai 2025 a apport\u00e9 des \u00e9claircissements sur cette question \u00e0 travers une affaire impliquant une locataire hospitalis\u00e9e en 2020 et d\u00e9c\u00e9d\u00e9e en 2021. Cette d\u00e9cision influence significativement l&rsquo;interpr\u00e9tation [&hellip;]<\/p>\n","protected":false},"author":1,"featured_media":3169,"comment_status":"open","ping_status":"open","sticky":false,"template":"","format":"standard","meta":{"_seopress_robots_primary_cat":"","_seopress_titles_title":"","_seopress_titles_desc":"","_seopress_robots_index":"","footnotes":""},"categories":[7],"tags":[],"class_list":{"0":"post-3168","1":"post","2":"type-post","3":"status-publish","4":"format-standard","5":"has-post-thumbnail","7":"category-societe"},"_links":{"self":[{"href":"https:\/\/cuberg.net\/fr\/wp-json\/wp\/v2\/posts\/3168","targetHints":{"allow":["GET"]}}],"collection":[{"href":"https:\/\/cuberg.net\/fr\/wp-json\/wp\/v2\/posts"}],"about":[{"href":"https:\/\/cuberg.net\/fr\/wp-json\/wp\/v2\/types\/post"}],"author":[{"embeddable":true,"href":"https:\/\/cuberg.net\/fr\/wp-json\/wp\/v2\/users\/1"}],"replies":[{"embeddable":true,"href":"https:\/\/cuberg.net\/fr\/wp-json\/wp\/v2\/comments?post=3168"}],"version-history":[{"count":1,"href":"https:\/\/cuberg.net\/fr\/wp-json\/wp\/v2\/posts\/3168\/revisions"}],"predecessor-version":[{"id":3243,"href":"https:\/\/cuberg.net\/fr\/wp-json\/wp\/v2\/posts\/3168\/revisions\/3243"}],"wp:featuredmedia":[{"embeddable":true,"href":"https:\/\/cuberg.net\/fr\/wp-json\/wp\/v2\/media\/3169"}],"wp:attachment":[{"href":"https:\/\/cuberg.net\/fr\/wp-json\/wp\/v2\/media?parent=3168"}],"wp:term":[{"taxonomy":"category","embeddable":true,"href":"https:\/\/cuberg.net\/fr\/wp-json\/wp\/v2\/categories?post=3168"},{"taxonomy":"post_tag","embeddable":true,"href":"https:\/\/cuberg.net\/fr\/wp-json\/wp\/v2\/tags?post=3168"}],"curies":[{"name":"wp","href":"https:\/\/api.w.org\/{rel}","templated":true}]}}