{"id":3170,"date":"2025-10-02T10:37:00","date_gmt":"2025-10-02T08:37:00","guid":{"rendered":"https:\/\/cuberg.net\/fr\/?p=3170"},"modified":"2025-10-01T23:19:17","modified_gmt":"2025-10-01T21:19:17","slug":"cest-officiel-apres-les-rtt-voici-les-nouveaux-jours-de-conges-auxquels-vous-avez-droit-en-2025","status":"publish","type":"post","link":"https:\/\/cuberg.net\/fr\/cest-officiel-apres-les-rtt-voici-les-nouveaux-jours-de-conges-auxquels-vous-avez-droit-en-2025\/","title":{"rendered":"C\u2019est officiel : Apr\u00e8s les RTT, voici les nouveaux jours de cong\u00e9s auxquels vous avez droit"},"content":{"rendered":"<p>Les Temps de Trajet Responsable (TTR) repr\u00e9sentent une avanc\u00e9e significative en France en mati\u00e8re de cong\u00e9s, en int\u00e9grant une dimension \u00e9cologique. Inspir\u00e9 des R\u00e9ductions du Temps de Travail (RTT), ce dispositif offre des jours de repos suppl\u00e9mentaires aux salari\u00e9s qui privil\u00e9gient des moyens de transport durables pour leurs d\u00e9placements personnels. Cette initiative allie avantages pour les employ\u00e9s et b\u00e9n\u00e9fices environnementaux.<\/p>\n<h2>Le concept des TTR : des cong\u00e9s \u00e9cologiques innovants<\/h2>\n<p>Les TTR marquent une avanc\u00e9e majeure dans les avantages sociaux en entreprise. Contrairement aux RTT, qui compensent un temps de travail suppl\u00e9mentaire, les TTR r\u00e9compensent un comportement \u00e9coresponsable. Les entreprises octroient des jours de cong\u00e9s additionnels aux salari\u00e9s qui choisissent des moyens de transport \u00e9cologiques pour leurs voyages personnels.<\/p>\n<p>Depuis d\u00e9but 2023, Ubiq, filiale de Nexity, a lanc\u00e9 ce dispositif en France. Les collaborateurs b\u00e9n\u00e9ficient de deux jours de cong\u00e9s annuels, fractionnables en demi-journ\u00e9es, lorsqu\u2019ils optent pour le train, le v\u00e9lo, le covoiturage ou le bus lors de leurs d\u00e9placements de loisirs. Ce succ\u00e8s a attir\u00e9 l\u2019attention d\u2019autres organisations comme CapGemini et La Fresque du Climat.<\/p>\n<p>Les choix de transport durable ont un impact environnemental significatif. Selon l\u2019Ademe, le train \u00e9met environ 200 fois moins de gaz \u00e0 effet de serre que l\u2019avion pour des trajets \u00e9quivalents en France ou en Europe. Les TTR encouragent donc un changement notable des habitudes de d\u00e9placement.<\/p>\n<h2>Fonctionnement et conditions d\u2019acc\u00e8s aux TTR<\/h2>\n<p>Pour b\u00e9n\u00e9ficier des TTR, les salari\u00e9s doivent fournir un justificatif de paiement ou une facture prouvant leur choix de transport durable. Bien que chaque entreprise fixe ses crit\u00e8res, une condition fr\u00e9quente est la dur\u00e9e minimale du trajet, souvent fix\u00e9e \u00e0 six heures.<\/p>\n<p>Les TTR sont accessibles \u00e0 tous les statuts professionnels : CDI, CDD, stagiaires ou alternants, ce qui en fait un avantage inclusif. Cette ouverture renforce l\u2019attractivit\u00e9 du dispositif aupr\u00e8s des nouvelles g\u00e9n\u00e9rations sensibles aux enjeux environnementaux.<\/p>\n<p>Dans un contexte o\u00f9 l\u2019\u00e9quilibre entre vie professionnelle et personnelle est essentiel, les TTR offrent une solution concr\u00e8te. Ils permettent aux salari\u00e9s de prendre du temps pour des modes de transport plus lents mais \u00e9cologiques, sans sacrifier leurs cong\u00e9s traditionnels.<\/p>\n<h2>L\u2019essor international des cong\u00e9s \u00e9cologiques<\/h2>\n<p>Le concept des cong\u00e9s \u00e9cologiques s\u2019\u00e9tend au-del\u00e0 des fronti\u00e8res fran\u00e7aises. Au Royaume-Uni, la fondation 10:10 a lanc\u00e9 le programme Climate Perks en 2019, incitant les entreprises \u00e0 offrir deux jours de cong\u00e9s annuels pour des d\u00e9placements responsables. Ce programme a d\u00e9j\u00e0 s\u00e9duit 128 organisations, y compris des cabinets d\u2019avocats, bureaux d\u2019architectes, soci\u00e9t\u00e9s de conseil, entit\u00e9s gouvernementales et ONG.<\/p>\n<p>Bien que les TTR soient actuellement des initiatives volontaires, leur futur pourrait s\u2019inscrire dans un cadre r\u00e9glementaire plus formalis\u00e9. La directive europ\u00e9enne CSRD n\u2019inclut pas encore les pratiques de vacances dans les obligations environnementales des employeurs, mais cette perspective reste possible si les \u00c9tats membres approfondissent ce sujet.<\/p>\n<p>Une enqu\u00eate Harris Interactive de 2022 montre que plus de 80% des salari\u00e9s fran\u00e7ais attendent de leur employeur un engagement dans les actions sociales et environnementales. Les TTR r\u00e9pondent \u00e0 cette attente, positionnant les entreprises qui les adoptent comme des acteurs du changement positif.<\/p>\n<p>En conclusion, les TTR sont une innovation sociale prometteuse qui allie pr\u00e9occupations \u00e9cologiques et bien-\u00eatre des salari\u00e9s. Bien que non obligatoires et encore peu structur\u00e9s, ces cong\u00e9s t\u00e9moignent d\u2019une \u00e9volution des mentalit\u00e9s o\u00f9 performance \u00e9conomique et responsabilit\u00e9 environnementale convergent vers un mod\u00e8le professionnel plus durable et \u00e9panouissant.<\/p>\n","protected":false},"excerpt":{"rendered":"<p>Les Temps de Trajet Responsable (TTR) repr\u00e9sentent une avanc\u00e9e significative en France en mati\u00e8re de cong\u00e9s, en int\u00e9grant une dimension \u00e9cologique. Inspir\u00e9 des R\u00e9ductions du Temps de Travail (RTT), ce dispositif offre des jours de repos suppl\u00e9mentaires aux salari\u00e9s qui privil\u00e9gient des moyens de transport durables pour leurs d\u00e9placements personnels. Cette initiative allie avantages pour [&hellip;]<\/p>\n","protected":false},"author":1,"featured_media":3171,"comment_status":"open","ping_status":"open","sticky":false,"template":"","format":"standard","meta":{"_seopress_robots_primary_cat":"","_seopress_titles_title":"","_seopress_titles_desc":"","_seopress_robots_index":"","footnotes":""},"categories":[7],"tags":[],"class_list":{"0":"post-3170","1":"post","2":"type-post","3":"status-publish","4":"format-standard","5":"has-post-thumbnail","7":"category-societe"},"_links":{"self":[{"href":"https:\/\/cuberg.net\/fr\/wp-json\/wp\/v2\/posts\/3170","targetHints":{"allow":["GET"]}}],"collection":[{"href":"https:\/\/cuberg.net\/fr\/wp-json\/wp\/v2\/posts"}],"about":[{"href":"https:\/\/cuberg.net\/fr\/wp-json\/wp\/v2\/types\/post"}],"author":[{"embeddable":true,"href":"https:\/\/cuberg.net\/fr\/wp-json\/wp\/v2\/users\/1"}],"replies":[{"embeddable":true,"href":"https:\/\/cuberg.net\/fr\/wp-json\/wp\/v2\/comments?post=3170"}],"version-history":[{"count":2,"href":"https:\/\/cuberg.net\/fr\/wp-json\/wp\/v2\/posts\/3170\/revisions"}],"predecessor-version":[{"id":3291,"href":"https:\/\/cuberg.net\/fr\/wp-json\/wp\/v2\/posts\/3170\/revisions\/3291"}],"wp:featuredmedia":[{"embeddable":true,"href":"https:\/\/cuberg.net\/fr\/wp-json\/wp\/v2\/media\/3171"}],"wp:attachment":[{"href":"https:\/\/cuberg.net\/fr\/wp-json\/wp\/v2\/media?parent=3170"}],"wp:term":[{"taxonomy":"category","embeddable":true,"href":"https:\/\/cuberg.net\/fr\/wp-json\/wp\/v2\/categories?post=3170"},{"taxonomy":"post_tag","embeddable":true,"href":"https:\/\/cuberg.net\/fr\/wp-json\/wp\/v2\/tags?post=3170"}],"curies":[{"name":"wp","href":"https:\/\/api.w.org\/{rel}","templated":true}]}}