{"id":3182,"date":"2025-09-28T16:35:00","date_gmt":"2025-09-28T14:35:00","guid":{"rendered":"https:\/\/cuberg.net\/fr\/?p=3182"},"modified":"2025-09-27T02:47:28","modified_gmt":"2025-09-27T00:47:28","slug":"une-celebre-marque-automobile-en-liquidation-judiciaire-les-automobilistes-francais-contraints-de-rendre-leur-vehicule","status":"publish","type":"post","link":"https:\/\/cuberg.net\/fr\/une-celebre-marque-automobile-en-liquidation-judiciaire-les-automobilistes-francais-contraints-de-rendre-leur-vehicule\/","title":{"rendered":"Une c\u00e9l\u00e8bre marque automobile en liquidation judiciaire, les automobilistes fran\u00e7ais contraints de rendre leur v\u00e9hicule"},"content":{"rendered":"<p>Le secteur automobile conna\u00eet actuellement des bouleversements significatifs, illustr\u00e9s par la faillite de Fisker, un constructeur am\u00e9ricain de v\u00e9hicules \u00e9lectriques. Cette situation affecte particuli\u00e8rement les propri\u00e9taires fran\u00e7ais, qui doivent restituer leurs v\u00e9hicules en raison de la liquidation judiciaire de la marque.<\/p>\n<h2>Fisker : Un Pionnier en D\u00e9clin<\/h2>\n<p>Cr\u00e9\u00e9e par le designer Henrik Fisker, l&rsquo;entreprise avait pour objectif de r\u00e9volutionner la mobilit\u00e9 \u00e9lectrique avec des designs novateurs comme l\u2019Ocean One. Cependant, en juin 2024, Fisker a d\u00e9pos\u00e9 le bilan, entra\u00eenant le licenciement de 1 200 employ\u00e9s et laissant les propri\u00e9taires de v\u00e9hicules dans l&rsquo;incertitude.<\/p>\n<p>Malgr\u00e9 un d\u00e9but prometteur avec 55 000 pr\u00e9commandes dans le monde, Fisker n&rsquo;a vendu que 165 v\u00e9hicules en France, \u00e9chouant \u00e0 concurrencer les marques \u00e9tablies. Cet \u00e9chec souligne les d\u00e9fis auxquels fait face l&rsquo;industrie automobile en pleine mutation.<\/p>\n<h2>Propri\u00e9taires en D\u00e9tresse<\/h2>\n<p>Les clients fran\u00e7ais de Fisker sont confront\u00e9s \u00e0 une situation in\u00e9dite, avec des voitures sans support technique. Ceux ayant opt\u00e9 pour le leasing doivent rendre leurs v\u00e9hicules, un cas unique dans l&rsquo;histoire r\u00e9cente de l&rsquo;automobile.<\/p>\n<p>Agilauto, filiale du Cr\u00e9dit Agricole, \u00e9voque des \u00ab raisons de s\u00e9curit\u00e9 \u00bb pour justifier cette restitution, soulevant des questions sur la protection des consommateurs face \u00e0 la faillite d&rsquo;un constructeur. Cette situation \u00e9branle la confiance envers les nouveaux acteurs du march\u00e9 \u00e9lectrique.<\/p>\n<p>En r\u00e9ponse, les propri\u00e9taires ont form\u00e9 la Fisker Owners Association France (FOAF) pour d\u00e9fendre leurs int\u00e9r\u00eats. Rafael Precioso, secr\u00e9taire de l\u2019association, souligne l&rsquo;importance de cette solidarit\u00e9 pour surmonter les d\u00e9fis \u00e0 venir.<\/p>\n<h2>Un March\u00e9 en Pleine Mutation<\/h2>\n<p>L&rsquo;effondrement de Fisker met en lumi\u00e8re les d\u00e9fis de l&rsquo;industrie automobile. Les consommateurs h\u00e9sitent \u00e0 acheter des v\u00e9hicules neufs en raison de l&rsquo;inflation et de la concurrence asiatique. En 2023, 28 millions de v\u00e9hicules \u00e9lectriques \u00e9taient en circulation, la Chine dominant le march\u00e9 avec 57% du parc mondial.<\/p>\n<p>Dans cette course technologique, Tesla reste le leader avec 20% des immatriculations, suivi par BYD \u00e0 16,5%. Fisker, malgr\u00e9 son expertise, n&rsquo;a pas r\u00e9ussi \u00e0 s&rsquo;imposer dans cet environnement comp\u00e9titif.<\/p>\n<h2>Le\u00e7ons d&rsquo;une Faillite<\/h2>\n<p>La liquidation de Fisker d\u00e9montre que m\u00eame une marque soutenue par des investisseurs importants peut \u00e9chouer face aux r\u00e9alit\u00e9s \u00e9conomiques. Pour les consommateurs, cela souligne l&rsquo;importance d&rsquo;\u00e9valuer la solidit\u00e9 financi\u00e8re d&rsquo;un constructeur avant l&rsquo;achat.<\/p>\n<p>La situation des propri\u00e9taires Fisker en France soul\u00e8ve aussi la question du cadre l\u00e9gislatif entourant la faillite des constructeurs. Alors que la mobilit\u00e9 \u00e9lectrique progresse, des protections plus robustes semblent n\u00e9cessaires pour s\u00e9curiser les droits des consommateurs.<\/p>\n<p>En conclusion, cette affaire pourrait acc\u00e9l\u00e9rer la consolidation du march\u00e9 automobile, r\u00e9duisant l&rsquo;espace pour les acteurs ind\u00e9pendants face aux grands groupes capables de g\u00e9rer les co\u00fbts et les risques de cette transformation historique.<\/p>\n<p>Il est essentiel que les consommateurs et les r\u00e9gulateurs tirent les le\u00e7ons de cet \u00e9v\u00e9nement pour mieux pr\u00e9parer l&rsquo;avenir du secteur automobile, o\u00f9 l&rsquo;innovation doit s&rsquo;accompagner de solidit\u00e9 \u00e9conomique et de protections ad\u00e9quates pour les utilisateurs.<\/p>\n","protected":false},"excerpt":{"rendered":"<p>Le secteur automobile conna\u00eet actuellement des bouleversements significatifs, illustr\u00e9s par la faillite de Fisker, un constructeur am\u00e9ricain de v\u00e9hicules \u00e9lectriques. Cette situation affecte particuli\u00e8rement les propri\u00e9taires fran\u00e7ais, qui doivent restituer leurs v\u00e9hicules en raison de la liquidation judiciaire de la marque. Fisker : Un Pionnier en D\u00e9clin Cr\u00e9\u00e9e par le designer Henrik Fisker, l&rsquo;entreprise avait [&hellip;]<\/p>\n","protected":false},"author":1,"featured_media":3183,"comment_status":"open","ping_status":"open","sticky":false,"template":"","format":"standard","meta":{"_seopress_robots_primary_cat":"","_seopress_titles_title":"","_seopress_titles_desc":"","_seopress_robots_index":"","footnotes":""},"categories":[7],"tags":[],"class_list":{"0":"post-3182","1":"post","2":"type-post","3":"status-publish","4":"format-standard","5":"has-post-thumbnail","7":"category-societe"},"_links":{"self":[{"href":"https:\/\/cuberg.net\/fr\/wp-json\/wp\/v2\/posts\/3182","targetHints":{"allow":["GET"]}}],"collection":[{"href":"https:\/\/cuberg.net\/fr\/wp-json\/wp\/v2\/posts"}],"about":[{"href":"https:\/\/cuberg.net\/fr\/wp-json\/wp\/v2\/types\/post"}],"author":[{"embeddable":true,"href":"https:\/\/cuberg.net\/fr\/wp-json\/wp\/v2\/users\/1"}],"replies":[{"embeddable":true,"href":"https:\/\/cuberg.net\/fr\/wp-json\/wp\/v2\/comments?post=3182"}],"version-history":[{"count":1,"href":"https:\/\/cuberg.net\/fr\/wp-json\/wp\/v2\/posts\/3182\/revisions"}],"predecessor-version":[{"id":3205,"href":"https:\/\/cuberg.net\/fr\/wp-json\/wp\/v2\/posts\/3182\/revisions\/3205"}],"wp:featuredmedia":[{"embeddable":true,"href":"https:\/\/cuberg.net\/fr\/wp-json\/wp\/v2\/media\/3183"}],"wp:attachment":[{"href":"https:\/\/cuberg.net\/fr\/wp-json\/wp\/v2\/media?parent=3182"}],"wp:term":[{"taxonomy":"category","embeddable":true,"href":"https:\/\/cuberg.net\/fr\/wp-json\/wp\/v2\/categories?post=3182"},{"taxonomy":"post_tag","embeddable":true,"href":"https:\/\/cuberg.net\/fr\/wp-json\/wp\/v2\/tags?post=3182"}],"curies":[{"name":"wp","href":"https:\/\/api.w.org\/{rel}","templated":true}]}}