{"id":3186,"date":"2025-10-02T07:38:00","date_gmt":"2025-10-02T05:38:00","guid":{"rendered":"https:\/\/cuberg.net\/fr\/?p=3186"},"modified":"2025-10-01T23:16:55","modified_gmt":"2025-10-01T21:16:55","slug":"taxe-fonciere-136-dans-cette-commune-de-moselle-les-habitants-nen-reviennent-pas-de-devoir-payer-les-dettes-de-la-municipalite","status":"publish","type":"post","link":"https:\/\/cuberg.net\/fr\/taxe-fonciere-136-dans-cette-commune-de-moselle-les-habitants-nen-reviennent-pas-de-devoir-payer-les-dettes-de-la-municipalite\/","title":{"rendered":"Taxe fonci\u00e8re : +136% dans cette commune de Moselle, les habitants n&rsquo;en reviennent pas de devoir payer les dettes de la municipalit\u00e9"},"content":{"rendered":"<p>\u00c0 Gandrange, en Moselle, les habitants sont confront\u00e9s \u00e0 une situation pr\u00e9occupante avec une augmentation pr\u00e9vue de 136 % de la taxe fonci\u00e8re pour 2025. Cette hausse, source de col\u00e8re et d&rsquo;inqui\u00e9tude, r\u00e9sulte d&rsquo;une dette municipale de deux millions d&rsquo;euros. La municipalit\u00e9, dirig\u00e9e par Henri Octave, justifie cette d\u00e9cision par un contentieux judiciaire et la n\u00e9cessit\u00e9 de rembourser des emprunts.<\/p>\n<p>Cette petite ville sid\u00e9rurgique de la vall\u00e9e de la Fensch est d\u00e9sormais sous les projecteurs en raison de cette augmentation spectaculaire. Pour les r\u00e9sidents, la nouvelle est un choc. Laurent Brenner, infirmier, exprime sa frustration, expliquant que ses parents, avec une retraite de 1 500 euros, risquent de voir leur situation financi\u00e8re boulevers\u00e9e par cette taxe.<\/p>\n<p>La dette municipale, lourde, provient d&rsquo;un contentieux judiciaire avec les banques, obligeant la ville \u00e0 rembourser des emprunts. Le maire a tent\u00e9 de rassurer en affirmant que la ville ne serait pas plac\u00e9e sous tutelle, mais les cons\u00e9quences sont d\u00e9j\u00e0 visibles : animations annul\u00e9es, services municipaux restreints et budgets r\u00e9duits.<\/p>\n<p>Dans les lieux publics, le sujet est omnipr\u00e9sent. La propri\u00e9taire du bar Le 7e s&rsquo;inqui\u00e8te de devoir payer une facture suppl\u00e9mentaire de 3 000 euros. L&rsquo;opposition municipale, men\u00e9e par Quentin Bigot, avait d\u00e9j\u00e0 alert\u00e9 sur cette situation. Il souligne que malgr\u00e9 les avertissements, les habitants n&rsquo;avaient pas mesur\u00e9 l&rsquo;ampleur du probl\u00e8me.<\/p>\n<p>Face \u00e0 cette crise, un collectif citoyen, Citoyens Gandrange-Boussange, debout !, s&rsquo;est form\u00e9 pour contester la gestion municipale. Les familles sont particuli\u00e8rement pr\u00e9occup\u00e9es par l&rsquo;impact financier. Flavie Michel, m\u00e8re de deux adolescents, craint de devoir payer une taxe fonci\u00e8re de 1 500 euros, contre 760 euros l&rsquo;ann\u00e9e pr\u00e9c\u00e9dente. Elle critique la gestion des d\u00e9penses municipales, surtout que son foyer est d\u00e9j\u00e0 fragilis\u00e9 par l&rsquo;incertitude de l&#8217;emploi de son mari au Luxembourg.<\/p>\n<p>Malgr\u00e9 les sollicitations, le maire n&rsquo;a pas r\u00e9pondu aux demandes d&rsquo;explications. Cette situation laisse les habitants dans l&rsquo;incertitude et la col\u00e8re, cherchant des r\u00e9ponses et des solutions pour faire face \u00e0 cette augmentation drastique.<\/p>\n<p>En conclusion, Gandrange traverse une p\u00e9riode difficile, marqu\u00e9e par une gestion municipale contest\u00e9e et une dette \u00e9crasante. Les habitants, pris au d\u00e9pourvu par cette hausse significative de la taxe fonci\u00e8re, se mobilisent pour exprimer leur m\u00e9contentement et chercher des solutions viables pour l&rsquo;avenir de leur ville. Cette situation met en lumi\u00e8re les d\u00e9fis financiers auxquels les petites communes peuvent \u00eatre confront\u00e9es et souligne l&rsquo;importance d&rsquo;une gestion transparente et responsable des ressources municipales.<\/p>\n","protected":false},"excerpt":{"rendered":"<p>\u00c0 Gandrange, en Moselle, les habitants sont confront\u00e9s \u00e0 une situation pr\u00e9occupante avec une augmentation pr\u00e9vue de 136 % de la taxe fonci\u00e8re pour 2025. Cette hausse, source de col\u00e8re et d&rsquo;inqui\u00e9tude, r\u00e9sulte d&rsquo;une dette municipale de deux millions d&rsquo;euros. La municipalit\u00e9, dirig\u00e9e par Henri Octave, justifie cette d\u00e9cision par un contentieux judiciaire et la [&hellip;]<\/p>\n","protected":false},"author":1,"featured_media":2248,"comment_status":"open","ping_status":"open","sticky":false,"template":"","format":"standard","meta":{"_seopress_robots_primary_cat":"","_seopress_titles_title":"","_seopress_titles_desc":"","_seopress_robots_index":"","footnotes":""},"categories":[7],"tags":[],"class_list":{"0":"post-3186","1":"post","2":"type-post","3":"status-publish","4":"format-standard","5":"has-post-thumbnail","7":"category-societe"},"_links":{"self":[{"href":"https:\/\/cuberg.net\/fr\/wp-json\/wp\/v2\/posts\/3186","targetHints":{"allow":["GET"]}}],"collection":[{"href":"https:\/\/cuberg.net\/fr\/wp-json\/wp\/v2\/posts"}],"about":[{"href":"https:\/\/cuberg.net\/fr\/wp-json\/wp\/v2\/types\/post"}],"author":[{"embeddable":true,"href":"https:\/\/cuberg.net\/fr\/wp-json\/wp\/v2\/users\/1"}],"replies":[{"embeddable":true,"href":"https:\/\/cuberg.net\/fr\/wp-json\/wp\/v2\/comments?post=3186"}],"version-history":[{"count":1,"href":"https:\/\/cuberg.net\/fr\/wp-json\/wp\/v2\/posts\/3186\/revisions"}],"predecessor-version":[{"id":3241,"href":"https:\/\/cuberg.net\/fr\/wp-json\/wp\/v2\/posts\/3186\/revisions\/3241"}],"wp:featuredmedia":[{"embeddable":true,"href":"https:\/\/cuberg.net\/fr\/wp-json\/wp\/v2\/media\/2248"}],"wp:attachment":[{"href":"https:\/\/cuberg.net\/fr\/wp-json\/wp\/v2\/media?parent=3186"}],"wp:term":[{"taxonomy":"category","embeddable":true,"href":"https:\/\/cuberg.net\/fr\/wp-json\/wp\/v2\/categories?post=3186"},{"taxonomy":"post_tag","embeddable":true,"href":"https:\/\/cuberg.net\/fr\/wp-json\/wp\/v2\/tags?post=3186"}],"curies":[{"name":"wp","href":"https:\/\/api.w.org\/{rel}","templated":true}]}}