{"id":322,"date":"2025-09-22T09:35:00","date_gmt":"2025-09-22T07:35:00","guid":{"rendered":"https:\/\/cuberg.net\/fr\/?p=322"},"modified":"2025-09-18T00:26:40","modified_gmt":"2025-09-17T22:26:40","slug":"nouveau-radar-en-france-il-flashe-meme-sans-exces-de-vitesse-voici-ce-quil-faut-savoir-pour-eviter-lamende","status":"publish","type":"post","link":"https:\/\/cuberg.net\/fr\/nouveau-radar-en-france-il-flashe-meme-sans-exces-de-vitesse-voici-ce-quil-faut-savoir-pour-eviter-lamende\/","title":{"rendered":"Nouveau radar en France : il flashe m\u00eame sans exc\u00e8s de vitesse, voici ce qu&rsquo;il faut savoir pour \u00e9viter l&rsquo;amende"},"content":{"rendered":"<p>La France franchit une nouvelle \u00e9tape dans sa politique de s\u00e9curit\u00e9 routi\u00e8re avec le d\u00e9ploiement des <strong>radars acoustiques<\/strong>. Ces dispositifs novateurs ne visent plus uniquement les exc\u00e8s de vitesse, mais s&rsquo;attaquent d\u00e9sormais aux nuisances sonores \u00e9mises par les v\u00e9hicules. D\u00e9couvrez tout ce qu&rsquo;il faut savoir pour \u00e9viter les amendes li\u00e9es \u00e0 ces nouveaux radars qui pourraient bient\u00f4t \u00eatre pr\u00e9sents sur nos routes.<\/p>\n<h2>Le radar acoustique : une technologie r\u00e9volutionnaire contre les nuisances sonores<\/h2>\n<p>Appel\u00e9 \u00ab\u00a0radar Hydre\u00a0\u00bb, ce <strong>nouveau syst\u00e8me de contr\u00f4le<\/strong> a \u00e9t\u00e9 con\u00e7u par Bruitparif, l&rsquo;organisme charg\u00e9 d&rsquo;\u00e9valuer l&rsquo;environnement sonore en \u00cele-de-France. Contrairement aux radars classiques qui mesurent la vitesse, cette technologie \u00e9value le niveau sonore produit par les v\u00e9hicules.<\/p>\n<p>Le fonctionnement est simple : lorsque le bruit \u00e9mis par un v\u00e9hicule d\u00e9passe le seuil r\u00e9glementaire fix\u00e9 \u00e0 <strong>85 d\u00e9cibels<\/strong>, le radar se d\u00e9clenche et enregistre l&rsquo;infraction. Cette avanc\u00e9e technologique vise principalement les v\u00e9hicules \u00e9quip\u00e9s de syst\u00e8mes d&rsquo;\u00e9chappement modifi\u00e9s ou mal entretenus, principaux responsables de la pollution sonore en milieu urbain et rural.<\/p>\n<p>Ces radars utilisent des capteurs acoustiques associ\u00e9s \u00e0 des cam\u00e9ras pour identifier pr\u00e9cis\u00e9ment la source du bruit excessif. Gr\u00e2ce \u00e0 cette combinaison, le dispositif peut rep\u00e9rer un v\u00e9hicule bruyant parmi le trafic et l&rsquo;identifier formellement.<\/p>\n<table>\n<tr>\n<th>Caract\u00e9ristiques<\/th>\n<th>Radar de vitesse<\/th>\n<th>Radar acoustique<\/th>\n<\/tr>\n<tr>\n<td>Param\u00e8tre mesur\u00e9<\/td>\n<td>Vitesse (km\/h)<\/td>\n<td>Bruit (d\u00e9cibels)<\/td>\n<\/tr>\n<tr>\n<td>Seuil d&rsquo;infraction<\/td>\n<td>Variable selon les zones<\/td>\n<td>85 dB<\/td>\n<\/tr>\n<tr>\n<td>Cible principale<\/td>\n<td>V\u00e9hicules en exc\u00e8s de vitesse<\/td>\n<td>V\u00e9hicules bruyants<\/td>\n<\/tr>\n<\/table>\n<h2>Sanctions et d\u00e9ploiement progressif sur le territoire fran\u00e7ais<\/h2>\n<p>Apr\u00e8s une phase d&rsquo;exp\u00e9rimentation lanc\u00e9e en 2022, <strong>les radars acoustiques sont d\u00e9sormais approuv\u00e9s<\/strong> et pr\u00eats \u00e0 \u00eatre d\u00e9ploy\u00e9s officiellement sur les routes fran\u00e7aises. Le calendrier de d\u00e9ploiement, initialement pr\u00e9vu pour la fin de 2022, a \u00e9t\u00e9 repouss\u00e9 en raison de proc\u00e9dures de certification plus complexes que pr\u00e9vues.<\/p>\n<p>Les conducteurs dont le v\u00e9hicule d\u00e9passera le niveau sonore autoris\u00e9 s&rsquo;exposeront \u00e0 une <strong>amende de 4e classe<\/strong>, conform\u00e9ment \u00e0 l&rsquo;article R318-3 du Code de la Route. Concr\u00e8tement, cela correspond \u00e0 :<\/p>\n<ul>\n<li>135\u20ac en tarif normal<\/li>\n<li>90\u20ac en cas de paiement anticip\u00e9 dans les 15 jours<\/li>\n<li>375\u20ac en cas de paiement tardif<\/li>\n<li>Possible immobilisation du v\u00e9hicule en cas de r\u00e9cidive<\/li>\n<\/ul>\n<p>Le d\u00e9ploiement de ces radars d\u00e9butera probablement dans les <em>zones urbaines particuli\u00e8rement expos\u00e9es aux nuisances sonores<\/em> ainsi que sur les <em>itin\u00e9raires pris\u00e9s des motards<\/em> o\u00f9 les nuisances sonores sont fr\u00e9quemment signal\u00e9es par les riverains.<\/p>\n<h2>Pr\u00e9venir les infractions et prot\u00e9ger sa sant\u00e9 auditive<\/h2>\n<p>Les nuisances sonores ne sont pas simplement une g\u00eane passag\u00e8re. Elles repr\u00e9sentent un <strong>v\u00e9ritable enjeu de sant\u00e9 publique<\/strong>. L&rsquo;exposition prolong\u00e9e aux bruits de la route peut entra\u00eener des perturbations du sommeil, du stress chronique, des probl\u00e8mes cardiovasculaires et une diminution significative de la concentration.<\/p>\n<p>Pour \u00e9viter les amendes li\u00e9es \u00e0 ces nouveaux radars et contribuer \u00e0 un environnement sonore plus agr\u00e9able, il est recommand\u00e9 d&rsquo;adopter plusieurs mesures pr\u00e9ventives :<\/p>\n<ol>\n<li>Entretenir r\u00e9guli\u00e8rement le syst\u00e8me d&rsquo;\u00e9chappement de votre v\u00e9hicule<\/li>\n<li>\u00c9viter toute modification non autoris\u00e9e du pot d&rsquo;\u00e9chappement<\/li>\n<li>Adopter une conduite souple en limitant les acc\u00e9l\u00e9rations brusques<\/li>\n<li>Opter pour des pneus moins bruyants et contr\u00f4ler leur pression<\/li>\n<li>\u00c9teindre le moteur lors des arr\u00eats prolong\u00e9s<\/li>\n<\/ol>\n<p>Ces <em>bonnes pratiques de conduite<\/em> vous permettront non seulement d&rsquo;\u00e9viter les amendes, mais aussi de contribuer activement \u00e0 l&rsquo;am\u00e9lioration de la qualit\u00e9 de vie dans nos environnements urbains. La r\u00e9duction des nuisances sonores profite \u00e0 tous, conducteurs et riverains.<\/p>\n<p>L&rsquo;introduction des radars acoustiques marque un changement dans l&rsquo;approche fran\u00e7aise de la s\u00e9curit\u00e9 routi\u00e8re. Au-del\u00e0 de la r\u00e9pression, ces dispositifs visent \u00e0 sensibiliser les usagers de la route \u00e0 leur impact sonore et \u00e0 encourager une mobilit\u00e9 plus respectueuse de notre cadre de vie quotidien.<\/p>\n","protected":false},"excerpt":{"rendered":"<p>La France franchit une nouvelle \u00e9tape dans sa politique de s\u00e9curit\u00e9 routi\u00e8re avec le d\u00e9ploiement des radars acoustiques. Ces dispositifs novateurs ne visent plus uniquement les exc\u00e8s de vitesse, mais s&rsquo;attaquent d\u00e9sormais aux nuisances sonores \u00e9mises par les v\u00e9hicules. D\u00e9couvrez tout ce qu&rsquo;il faut savoir pour \u00e9viter les amendes li\u00e9es \u00e0 ces nouveaux radars qui [&hellip;]<\/p>\n","protected":false},"author":1,"featured_media":323,"comment_status":"open","ping_status":"open","sticky":false,"template":"","format":"standard","meta":{"_seopress_robots_primary_cat":"","_seopress_titles_title":"","_seopress_titles_desc":"","_seopress_robots_index":"","footnotes":""},"categories":[8],"tags":[],"class_list":{"0":"post-322","1":"post","2":"type-post","3":"status-publish","4":"format-standard","5":"has-post-thumbnail","7":"category-consommation"},"_links":{"self":[{"href":"https:\/\/cuberg.net\/fr\/wp-json\/wp\/v2\/posts\/322","targetHints":{"allow":["GET"]}}],"collection":[{"href":"https:\/\/cuberg.net\/fr\/wp-json\/wp\/v2\/posts"}],"about":[{"href":"https:\/\/cuberg.net\/fr\/wp-json\/wp\/v2\/types\/post"}],"author":[{"embeddable":true,"href":"https:\/\/cuberg.net\/fr\/wp-json\/wp\/v2\/users\/1"}],"replies":[{"embeddable":true,"href":"https:\/\/cuberg.net\/fr\/wp-json\/wp\/v2\/comments?post=322"}],"version-history":[{"count":1,"href":"https:\/\/cuberg.net\/fr\/wp-json\/wp\/v2\/posts\/322\/revisions"}],"predecessor-version":[{"id":1288,"href":"https:\/\/cuberg.net\/fr\/wp-json\/wp\/v2\/posts\/322\/revisions\/1288"}],"wp:featuredmedia":[{"embeddable":true,"href":"https:\/\/cuberg.net\/fr\/wp-json\/wp\/v2\/media\/323"}],"wp:attachment":[{"href":"https:\/\/cuberg.net\/fr\/wp-json\/wp\/v2\/media?parent=322"}],"wp:term":[{"taxonomy":"category","embeddable":true,"href":"https:\/\/cuberg.net\/fr\/wp-json\/wp\/v2\/categories?post=322"},{"taxonomy":"post_tag","embeddable":true,"href":"https:\/\/cuberg.net\/fr\/wp-json\/wp\/v2\/tags?post=322"}],"curies":[{"name":"wp","href":"https:\/\/api.w.org\/{rel}","templated":true}]}}