{"id":334,"date":"2025-09-24T09:35:00","date_gmt":"2025-09-24T07:35:00","guid":{"rendered":"https:\/\/cuberg.net\/fr\/?p=334"},"modified":"2025-09-22T20:34:16","modified_gmt":"2025-09-22T18:34:16","slug":"150-euros-daide-par-mois-pour-faire-vos-courses-ce-coup-de-pouce-exceptionnel-pour-de-nombreux-francais","status":"publish","type":"post","link":"https:\/\/cuberg.net\/fr\/150-euros-daide-par-mois-pour-faire-vos-courses-ce-coup-de-pouce-exceptionnel-pour-de-nombreux-francais\/","title":{"rendered":"150 euros d&rsquo;aide par mois pour faire vos courses ? Ce coup de pouce exceptionnel pour de nombreux Fran\u00e7ais"},"content":{"rendered":"<p>Face \u00e0 la mont\u00e9e des prix et aux difficult\u00e9s croissantes \u00e0 se procurer une alimentation ad\u00e9quate, une allocation mensuelle de 150 euros pour les achats alimentaires pourrait bient\u00f4t devenir une r\u00e9alit\u00e9 pour de nombreux r\u00e9sidents fran\u00e7ais. Cette initiative novatrice, initi\u00e9e par le d\u00e9put\u00e9 \u00e9cologiste Charles Fournier, a pour objectif d&rsquo;assurer \u00e0 tous un acc\u00e8s \u00e0 une alimentation de qualit\u00e9. D\u00e9couvrons ensemble les d\u00e9tails de cette proposition qui commence \u00e0 faire ses preuves dans certaines r\u00e9gions.<\/p>\n<h2>Une solution concr\u00e8te face \u00e0 l&rsquo;ins\u00e9curit\u00e9 alimentaire<\/h2>\n<p>Le constat est alarmant : <strong>une personne sur six en France saute des repas faute de moyens suffisants<\/strong>. Cette donn\u00e9e, r\u00e9v\u00e9l\u00e9e par le Cr\u00e9doc en 2023, met en lumi\u00e8re l&rsquo;ampleur de l&rsquo;ins\u00e9curit\u00e9 alimentaire dans le pays. Entre le loyer, les factures d&rsquo;\u00e9nergie et les autres d\u00e9penses incompressibles, l&rsquo;alimentation devient souvent le poste de d\u00e9penses ajust\u00e9 dans les budgets familiaux.<\/p>\n<p>Charles Fournier, \u00e0 l&rsquo;origine de cette proposition, explique la logique \u00e9conomique qui sous-tend son projet : <em>\u00ab\u00a0Aujourd&rsquo;hui, les d\u00e9penses de sant\u00e9 sont \u00e9lev\u00e9es, notre syst\u00e8me alimentaire d\u00e9faillant co\u00fbte cher, il s&rsquo;agit donc de r\u00e9affecter des d\u00e9penses d\u00e9j\u00e0 existantes.\u00a0\u00bb<\/em> La d\u00e9marche est simple mais r\u00e9volutionnaire : instaurer une sorte de \u00ab\u00a0carte vitale de l&rsquo;alimentation\u00a0\u00bb permettant aux b\u00e9n\u00e9ficiaires d&rsquo;acheter des produits sains sans se ruiner.<\/p>\n<p>Cette aide mensuelle de 150 euros vise \u00e0 atteindre deux objectifs principaux :<\/p>\n<ul>\n<li>Combattre l&rsquo;ins\u00e9curit\u00e9 alimentaire touchant des millions de Fran\u00e7ais<\/li>\n<li>Faciliter l&rsquo;acc\u00e8s \u00e0 une alimentation saine et \u00e9quilibr\u00e9e<\/li>\n<li>Soutenir les producteurs locaux et les circuits courts<\/li>\n<li>Pr\u00e9venir les probl\u00e8mes de sant\u00e9 li\u00e9s \u00e0 la malnutrition<\/li>\n<\/ul>\n<h2>Des exp\u00e9rimentations prometteuses d\u00e9j\u00e0 en cours<\/h2>\n<p>Alors que cette proposition peut sembler id\u00e9aliste \u00e0 premi\u00e8re vue, elle est d\u00e9j\u00e0 test\u00e9e avec succ\u00e8s dans certaines municipalit\u00e9s fran\u00e7aises. \u00c0 Bordeaux, par exemple, 150 \u00e9tudiants ont b\u00e9n\u00e9fici\u00e9 d&rsquo;une aide de 100 euros par mois en monnaie locale pendant neuf mois, d&rsquo;octobre 2023 \u00e0 juin 2024. Au total, environ 400 personnes ont d\u00e9j\u00e0 exp\u00e9riment\u00e9 ce dispositif \u00e0 travers le pays.<\/p>\n<p>Les retours des premiers tests sont encourageants, comme le souligne Dominique Nicolas, pr\u00e9sident de l&rsquo;association Crepaq : <em>\u00ab\u00a0Je suis convaincu, car cela permettrait de revenir aux principes de la s\u00e9curit\u00e9 sociale tels qu&rsquo;ils ont \u00e9t\u00e9 \u00e9tablis en 1946.\u00a0\u00bb<\/em> Cette vision fait \u00e9cho \u00e0 l&rsquo;objectif initial de la s\u00e9curit\u00e9 sociale : garantir \u00e0 tous l&rsquo;acc\u00e8s aux besoins essentiels, parmi lesquels l&rsquo;alimentation occupe une place primordiale.<\/p>\n<p>Voici comment les b\u00e9n\u00e9ficiaires peuvent utiliser cette aide :<\/p>\n<table>\n<thead>\n<tr>\n<th>Type de produits<\/th>\n<th>Exemples<\/th>\n<th>Avantages<\/th>\n<\/tr>\n<\/thead>\n<tbody>\n<tr>\n<td>Produits frais locaux<\/td>\n<td>Fruits, l\u00e9gumes, viandes<\/td>\n<td>Soutien aux producteurs locaux<\/td>\n<\/tr>\n<tr>\n<td>Aliments de base<\/td>\n<td>\u0152ufs, produits laitiers, c\u00e9r\u00e9ales<\/td>\n<td>Alimentation \u00e9quilibr\u00e9e<\/td>\n<\/tr>\n<tr>\n<td>Produits biologiques<\/td>\n<td>L\u00e9gumineuses, huiles, farines<\/td>\n<td>R\u00e9duction de l&rsquo;exposition aux pesticides<\/td>\n<\/tr>\n<\/tbody>\n<\/table>\n<h2>Un financement collaboratif pour une mise en place durable<\/h2>\n<p>La question du financement est cruciale pour garantir la p\u00e9rennit\u00e9 d&rsquo;un tel dispositif. Selon les informations divulgu\u00e9es par RMC Consommation le 17 f\u00e9vrier 2025, <strong>le mod\u00e8le \u00e9conomique envisag\u00e9 repose sur une r\u00e9partition \u00e9quilibr\u00e9e des contributions<\/strong>. L&rsquo;\u00c9tat ne serait pas le seul contributeur : la moiti\u00e9 des fonds proviendrait d&rsquo;une \u00ab\u00a0s\u00e9curit\u00e9 sociale de l&rsquo;alimentation\u00a0\u00bb, compl\u00e9t\u00e9e par les collectivit\u00e9s locales et une cotisation citoyenne volontaire.<\/p>\n<p>Cette approche multi-parties prenantes pr\u00e9sente plusieurs avantages :<\/p>\n<ol>\n<li>R\u00e9partition des charges financi\u00e8res entre divers acteurs<\/li>\n<li>Engagement des citoyens dans un projet de solidarit\u00e9 sociale<\/li>\n<li>Responsabilisation des collectivit\u00e9s territoriales<\/li>\n<li>Cr\u00e9ation d&rsquo;un cercle vertueux \u00e9conomique et social<\/li>\n<\/ol>\n<p>Alors que le gouvernement n&rsquo;a pas encore donn\u00e9 son aval pour la g\u00e9n\u00e9ralisation de cette aide, l&rsquo;examen de la proposition de loi pr\u00e9vu pour le 20 f\u00e9vrier pourrait marquer un tournant d\u00e9cisif. <em>En attendant une \u00e9ventuelle extension \u00e0 l&rsquo;\u00e9chelle nationale, les initiatives locales continuent de se multiplier<\/em>, d\u00e9montrant la faisabilit\u00e9 et l&rsquo;utilit\u00e9 d&rsquo;un tel dispositif pour les populations les plus vuln\u00e9rables.<\/p>\n<p>Au-del\u00e0 de son impact imm\u00e9diat sur le pouvoir d&rsquo;achat des m\u00e9nages, cette allocation de 150 euros pour les achats alimentaires pourrait transformer durablement notre rapport \u00e0 l&rsquo;alimentation et \u00e0 la solidarit\u00e9, tout en apportant un soutien pr\u00e9cieux aux agriculteurs fran\u00e7ais.<\/p>\n","protected":false},"excerpt":{"rendered":"<p>Face \u00e0 la mont\u00e9e des prix et aux difficult\u00e9s croissantes \u00e0 se procurer une alimentation ad\u00e9quate, une allocation mensuelle de 150 euros pour les achats alimentaires pourrait bient\u00f4t devenir une r\u00e9alit\u00e9 pour de nombreux r\u00e9sidents fran\u00e7ais. Cette initiative novatrice, initi\u00e9e par le d\u00e9put\u00e9 \u00e9cologiste Charles Fournier, a pour objectif d&rsquo;assurer \u00e0 tous un acc\u00e8s \u00e0 [&hellip;]<\/p>\n","protected":false},"author":1,"featured_media":335,"comment_status":"open","ping_status":"open","sticky":false,"template":"","format":"standard","meta":{"_seopress_robots_primary_cat":"","_seopress_titles_title":"","_seopress_titles_desc":"","_seopress_robots_index":"","footnotes":""},"categories":[8],"tags":[],"class_list":{"0":"post-334","1":"post","2":"type-post","3":"status-publish","4":"format-standard","5":"has-post-thumbnail","7":"category-consommation"},"_links":{"self":[{"href":"https:\/\/cuberg.net\/fr\/wp-json\/wp\/v2\/posts\/334","targetHints":{"allow":["GET"]}}],"collection":[{"href":"https:\/\/cuberg.net\/fr\/wp-json\/wp\/v2\/posts"}],"about":[{"href":"https:\/\/cuberg.net\/fr\/wp-json\/wp\/v2\/types\/post"}],"author":[{"embeddable":true,"href":"https:\/\/cuberg.net\/fr\/wp-json\/wp\/v2\/users\/1"}],"replies":[{"embeddable":true,"href":"https:\/\/cuberg.net\/fr\/wp-json\/wp\/v2\/comments?post=334"}],"version-history":[{"count":1,"href":"https:\/\/cuberg.net\/fr\/wp-json\/wp\/v2\/posts\/334\/revisions"}],"predecessor-version":[{"id":1314,"href":"https:\/\/cuberg.net\/fr\/wp-json\/wp\/v2\/posts\/334\/revisions\/1314"}],"wp:featuredmedia":[{"embeddable":true,"href":"https:\/\/cuberg.net\/fr\/wp-json\/wp\/v2\/media\/335"}],"wp:attachment":[{"href":"https:\/\/cuberg.net\/fr\/wp-json\/wp\/v2\/media?parent=334"}],"wp:term":[{"taxonomy":"category","embeddable":true,"href":"https:\/\/cuberg.net\/fr\/wp-json\/wp\/v2\/categories?post=334"},{"taxonomy":"post_tag","embeddable":true,"href":"https:\/\/cuberg.net\/fr\/wp-json\/wp\/v2\/tags?post=334"}],"curies":[{"name":"wp","href":"https:\/\/api.w.org\/{rel}","templated":true}]}}